{"id":6207,"date":"2019-02-18T00:23:14","date_gmt":"2019-02-17T23:23:14","guid":{"rendered":"http:\/\/lemotdujour.fr\/?p=6207"},"modified":"2021-08-25T14:56:30","modified_gmt":"2021-08-25T12:56:30","slug":"lundi-18-fevrier-2019","status":"publish","type":"post","link":"https:\/\/lemotdujour.fr\/?p=6207","title":{"rendered":"Lundi 18 f\u00e9vrier 2019"},"content":{"rendered":"<div class=\"mdjTexte\">\t\u00ab&nbsp;la culture de la peur au 21\u00b0 si\u00e8cle&nbsp;\u00bb<\/div>\n<div class=\"mdjAuteur\">\tFrank Furedi<\/div>\n<p><span style=\"color: #777777; font-family: Arial;\">Brice Couturier \u00e9crit et publie sur \u00ab&nbsp;<strong>France Culture<\/strong>&nbsp;\u00bb une chronique&nbsp;: \u00ab&nbsp;<strong>Le tour du monde des id\u00e9es<\/strong>&nbsp;\u00bb dans laquelle il s&rsquo;\u00e9loigne de la presse hexagonale ainsi que des livres fran\u00e7ais pour s&rsquo;ouvrir \u00e0 ce qui s&rsquo;\u00e9crit et se dit ailleurs.<br \/>\n<\/span><\/p>\n<p><span style=\"color: #777777; font-family: Arial;\">Il a consacr\u00e9 sa chronique du 12 f\u00e9vrier 2019 \u00e0 la \u00ab&nbsp;culture de la peur&nbsp;\u00bb, le \u00ab&nbsp;catastrophisme ambiant&nbsp;\u00bb qui nous paralyse &lt;<span style=\"color: #0000ff;\"><a style=\"color: #0000ff;\" href=\"https:\/\/www.franceculture.fr\/emissions\/le-tour-du-monde-des-idees\/le-tour-du-monde-des-idees-du-mardi-12-fevrier-2019\">Contre la \u00ab\u00a0culture de la peur\u00a0\u00bb, retrouver le courage d&rsquo;oser<\/a><\/span>&gt;<br \/>\n<\/span><\/p>\n<p><span style=\"color: #777777; font-family: Arial;\">Il a commenc\u00e9 sa chronique par cette c\u00e9l\u00e8bre formule du pr\u00e9sident Franklin Roosevelt&nbsp;: \u00ab <a href=\"https:\/\/lemotdujour.fr\/?p=1901\"><span style=\"color: #0000ff;\">La seule chose dont nous pouvons avoir peur, c&rsquo;est de la peur elle-m\u00eame<\/span><\/a> \u00bb. Il a dit cela en 1932 en pleine crise \u00e9conomique et sociale, dans une situation d\u00e9sesp\u00e9rante et contre laquelle il allait lancer son New Deal qui a d&rsquo;ailleurs consist\u00e9, rappelons-le, \u00e0 augmenter beaucoup les imp\u00f4ts des plus riches.<br \/>\n<\/span><\/p>\n<p><span style=\"color: #777777; font-family: Arial;\">Brice Couturier en appelle \u00e0 un sociologue hongrois pour fustiger le manque de courage actuel&nbsp;:<br \/>\n<\/span><\/p>\n<p style=\"margin-left: 28pt;\"><span style=\"color: #c00000; font-family: Arial;\">\u00ab&nbsp;C&rsquo;est de l&rsquo;absence d&rsquo;un tel courage, d&rsquo;une semblable hardiesse, que nous crevons aujourd&rsquo;hui, d&rsquo;apr\u00e8s le sociologue <strong>Frank Furedi<\/strong>. Furedi, n\u00e9 hongrois, est devenu l&rsquo;une des figures de la vie intellectuelle britannique. Il vient de publier un livre intitul\u00e9 \u00ab<strong>How fear Works : Culture of Fear in the 21th Century<\/strong> \u00bb. <strong>Comment fonctionne la peur, la culture de la peur au 21\u00b0 si\u00e8cle<\/strong>. Furedi relatait r\u00e9cemment un fait divers, \u00e0 ses yeux tr\u00e8s r\u00e9v\u00e9lateur de cette \u00ab culture de la peur \u00bb.<br \/>\n<\/span><\/p>\n<p style=\"margin-left: 28pt;\"><span style=\"color: #c00000; font-family: Arial;\">Dans le Surrey, un groupe d&rsquo;agents de police assiste \u00e0 un grave accident : une camionnette, apr\u00e8s avoir d\u00e9rap\u00e9, tombe dans la Tamise. Premier r\u00e9flexe des policiers : tomber leur veste d&rsquo;uniforme pour aller au secours du malheureux conducteur. Leur chef, un inspecteur nomm\u00e9 Gary Cross, le leur interdit. \u00ab Vous n&rsquo;avez pas re\u00e7u l&rsquo;entra\u00eenement n\u00e9cessaire pour ce genre d&rsquo;intervention dans le cadre de vos fonctions \u00bb, explique-t-il. Quelles \u00e9tranges soci\u00e9t\u00e9s sont devenues les n\u00f4tres pour qu&rsquo;il soit interdit \u00e0 des agents de police de c\u00e9der \u00e0 l&rsquo;impulsion spontan\u00e9e qui pousse tout \u00eatre humain \u00e0 se jeter au secours d&rsquo;un semblable en train de se noyer\u2026 s&rsquo;il n&rsquo;a pas re\u00e7u un entra\u00eenement sp\u00e9cial, certifi\u00e9 par un document officiel. \u00ab L&rsquo;esprit de courage, \u00e9crit Frank Furedi, est min\u00e9 par la notion de gestion de risque. \u00bb C&rsquo;est la peur du risque qui nous paralyse. La le\u00e7on de Roosevelt s&rsquo;est perdue.&nbsp;\u00bb<br \/>\n<\/span><\/p>\n<p><span style=\"color: #777777; font-family: Arial;\">Je me souviens que dans nos services, on n&rsquo;a pas le droit de remplacer une ampoule \u00e9lectrique si on ne dispose pas de la formation et du dipl\u00f4me ad\u00e9quat. Il existe d&rsquo;autres balivernes de ce genre pour utiliser une \u00e9chelle ou un escabeau.<br \/>\n<\/span><\/p>\n<p><span style=\"color: #777777; font-family: Arial;\">Et il ajoute&nbsp;:<br \/>\n<\/span><\/p>\n<p style=\"margin-left: 28pt;\"><span style=\"color: #c00000; font-family: Arial;\">\u00ab&nbsp;Autre exemple donn\u00e9 par Furedi : lors de l&rsquo;attentat islamiste du 22 mai 2017 \u00e0 l&rsquo;Arena de Manchester, qui a fait 23 morts et 116 bless\u00e9s, les pompiers sont arriv\u00e9s sur les lieux avec deux heures de retard. Afin de respecter leurs proc\u00e9dures de s\u00e9curit\u00e9\u2026. Mais si les forces dont la mission est pr\u00e9cis\u00e9ment de prot\u00e9ger les citoyens sont elles-m\u00eames t\u00e9tanis\u00e9es par des protocoles saugrenus et des pr\u00e9cautions handicapantes, comment s&rsquo;attendre \u00e0 ce que le public, lui, fasse preuve de civisme et de courage ?&nbsp;\u00bb<br \/>\n<\/span><\/p>\n<p><span style=\"color: #777777; font-family: Arial;\">La \u00ab&nbsp;gestion du risque&nbsp;\u00bb, le \u00ab&nbsp;principe de pr\u00e9caution&nbsp;\u00bb sont alors des amplificateurs de nos angoisses et de nos peurs&nbsp;:<br \/>\n<\/span><\/p>\n<p style=\"margin-left: 28pt;\"><span style=\"color: #c00000; font-family: Arial;\">\u00ab&nbsp;L&rsquo;obsession de la s\u00e9curit\u00e9 \u2013 en langage de technocrates, la \u00ab gestion du risque \u00bb &#8211; est devenue l&rsquo;une des pathologies de notre \u00e9poque. Paralys\u00e9s par des anxi\u00e9t\u00e9s de toute sorte, nous n&rsquo;osons plus oser. Une sorte \u00ab d&rsquo;<strong>apocalypticisme<\/strong> \u00bb, n\u00e9ologisme forg\u00e9 par Gavin Jacobson, affaiblit nos soci\u00e9t\u00e9s.<br \/>\n<\/span><\/p>\n<p style=\"margin-left: 28pt;\"><span style=\"color: #c00000; font-family: Arial;\">Curieuse \u00e9volution de l&rsquo;esprit du temps, dira-t-on. En moins d&rsquo;un quart de si\u00e8cle, les Occidentaux, si versatiles, sont pass\u00e9s de l&rsquo;arrogance \u2013 notre mod\u00e8le de soci\u00e9t\u00e9 est tellement abouti qu&rsquo;il va s&rsquo;imposer au reste de l&rsquo;humanit\u00e9 \u2013 \u00e0 un catastrophisme tout aussi irrationnel. Du coup, l&rsquo;optimisme progressiste, h\u00e9rit\u00e9 de nos Lumi\u00e8res, a c\u00e9d\u00e9 la place \u00e0 une fascination de la catastrophe, que nourrit, en particulier, une forme d&rsquo;\u00e9cologisme apocalyptique. Ceux qui pr\u00e9tendent qu&rsquo;il est d\u00e9j\u00e0 trop tard pour que la plan\u00e8te demeure habitable entretiennent un sentiment d&rsquo;impuissance et de paralysie.<br \/>\n<\/span><\/p>\n<p style=\"margin-left: 28pt;\"><span style=\"color: #c00000; font-family: Arial;\">En outre, ajoute Furedi, cette \u00ab culture de la peur \u00bb cherche \u00e0 culpabiliser les gens pour mieux les assujettir. Se drapant dans l&rsquo;autorit\u00e9 de la science, et sur le mode vertueux du bien et du mal, les autorit\u00e9s multiplient les interdits.&nbsp;\u00bb<br \/>\n<\/span><\/p>\n<p><span style=\"color: #777777; font-family: Arial;\">Et il cite un nouvel ouvrage de Steven Pinker qui avait d\u00e9j\u00e0 fait l&rsquo;objet d&rsquo;un mot du jour, pour son livre pr\u00e9c\u00e9dent&nbsp;: \u00ab <span style=\"color: #0000ff;\"><a style=\"color: #0000ff;\" href=\"La%20part%20d\u2019ange%20en%20nous.%20Histoire%20de%20la%20violence%20et%20de%20son%20d\u00e9clin\">La part d&rsquo;ange en nous. Histoire de la violence et de son d\u00e9clin<\/a><\/span> \u00bb. C&rsquo;\u00e9tait le 21 novembre 2017.<br \/>\n<\/span><\/p>\n<p><img decoding=\"async\" src=\"https:\/\/lemotdujour.fr\/wp-content\/uploads\/2019\/02\/021619_2322_Lundi18fvri1.jpg\" alt=\"\" align=\"left\"><span style=\"color: #777777; font-family: Arial;\">Steven Pinker qui donne des arguments pour montrer que cette peur et ce pessimisme apparait irrationnel.<br \/>\n<\/span><\/p>\n<p style=\"margin-left: 28pt;\"><span style=\"color: #c00000; font-family: Arial;\">\u00ab&nbsp;C&rsquo;est pr\u00e9cis\u00e9ment contre ce pessimisme, facteur de paralysie qu&rsquo;\u00e9crit Steven Pinker, le professeur de psychologie-star de Harvard.<br \/>\n<\/span><\/p>\n<p style=\"margin-left: 28pt;\"><span style=\"color: #c00000; font-family: Arial;\">Oui, j&rsquo;avais d\u00e9j\u00e0 parl\u00e9 ici de son livre \u00ab&nbsp;<strong>Enlightenment Now<\/strong>&nbsp;\u00bb, bien avant qu&rsquo;il ne soit traduit en fran\u00e7ais. C&rsquo;est chose faite, gr\u00e2ce aux Editions des Ar\u00e8nes, sous le titre \u00ab&nbsp;<span style=\"color: #0000ff;\"><a style=\"color: #0000ff;\" href=\"https:\/\/www.chez-mon-libraire.fr\/livre\/9782352049814-le-triomphe-des-lumi-res-steven-pinker\/\">Le triomphe des Lumi\u00e8res<\/a>.<\/span> Sous-titre : pourquoi il faut d\u00e9fendre la raison, la science et l&rsquo;humanisme&nbsp;\u00bb. Enorme best-seller aux Etats-Unis et dans les pays anglo-saxons. M\u00e9rite de le devenir en France, pays ravag\u00e9 &#8211; plus que d&rsquo;autres, par le catastrophisme et la peur\u2026<br \/>\n<\/span><\/p>\n<p style=\"margin-left: 28pt;\"><span style=\"color: #c00000; font-family: Arial;\">Pinker avait pris l&rsquo;habitude de commencer ses conf\u00e9rences en distribuant \u00e0 leurs participants des questionnaires comportant des questions, comportant trois r\u00e9ponses possibles. Exemple : A combien estimez-vous l&rsquo;\u00e9volution du nombre de morts survenues, chaque ann\u00e9e, du fait de d\u00e9sastres naturels au cours des cent derni\u00e8res ann\u00e9es ? R\u00e9ponse A) Elles on plus que doubl\u00e9, B) Leur nombre est demeur\u00e9 globalement stable, C) Une baisse d&rsquo;environ la moiti\u00e9. Ou encore : A quel pourcentage estimez-vous le nombre d&rsquo;enfants vaccin\u00e9s contre les principales maladies dans le monde entier A) 20\u202f%, B) 50\u202f% ; C) 80\u202f%. Et enfin : Au cours des vingt derni\u00e8res ann\u00e9es, diriez-vous que la proportion des personnes vivant en situation d&rsquo;extr\u00eame pauvret\u00e9 dans le monde A) a presque doubl\u00e9, B) est rest\u00e9e \u00e0 peu pr\u00e8s stable, C) a \u00e9t\u00e9 r\u00e9duite de moiti\u00e9.<br \/>\n<\/span><\/p>\n<p style=\"margin-left: 28pt;\"><span style=\"color: #c00000; font-family: Arial;\">Dans tous les cas, c&rsquo;est la r\u00e9ponse C qui est la bonne. Les r\u00e9sultats r\u00e9colt\u00e9s par Pinker \u00e9taient, chaque fois, plus \u00e9loign\u00e9s de la v\u00e9rit\u00e9 que si les gens avaient r\u00e9pondu au hasard.&nbsp;\u00bb<br \/>\n<\/span><\/p>\n<p><span style=\"color: #777777; font-family: Arial;\">Brice Couturier comme Steven Pinker sont des optimistes qui continuent \u00e0 croire dans le progr\u00e8s et l&rsquo;\u00e9volution positive de l&rsquo;humanit\u00e9.<br \/>\n<\/span><\/p>\n<p><span style=\"color: #777777; font-family: Arial;\">Il faut entendre aussi ces voix qui se fondent d&rsquo;ailleurs sur des r\u00e9alit\u00e9s qui montrent de grands progr\u00e8s par rapport \u00e0 hier.<br \/>\n<\/span><\/p>\n<p><span style=\"color: #777777; font-family: Arial;\">Je m&rsquo;\u00e9tais fait l&rsquo;\u00e9cho de ce livre de Michel Serres&nbsp;: \u00ab&nbsp;<span style=\"color: #0000ff;\"><a style=\"color: #0000ff;\" href=\"https:\/\/lemotdujour.fr\/?p=3990\">C&rsquo;\u00e9tait mieux avant&nbsp;<\/a><\/span>\u00bb et dont le contenu contredisait absolument le titre, pour Michel Serres ce n&rsquo;\u00e9tait pas mieux avant.<br \/>\n<\/span><\/p>\n<p><span style=\"color: #777777; font-family: Arial;\">Mais le vieux sage a ajout\u00e9 dans un entretien post\u00e9rieur&nbsp;: \u00ab&nbsp;Cependant rien ne dit que demain ne sera pas pire&nbsp;\u00bb<br \/>\n<\/span><\/p>\n<p><span style=\"color: #777777; font-family: Arial;\">Et dans une synth\u00e8se il dira&nbsp;: \u00ab<span style=\"color: #0000ff;\"> <a style=\"color: #0000ff;\" href=\"https:\/\/www.terraeco.net\/Michel-Serres-Le-monde-de-demain,61822.html\">Le monde de demain sera autre. Il sera et meilleur et pire. Il sera ce que nous en ferons<\/a><\/span> \u00bb<br \/>\n<\/span><\/p>\n<p><span style=\"color: maroon; font-family: Arial;\">&lt;1193&gt;<\/span><\/p>\n","protected":false},"excerpt":{"rendered":"<p>\u00ab&nbsp;la culture de la peur au 21\u00b0 si\u00e8cle&nbsp;\u00bb Frank Furedi Brice Couturier \u00e9crit et publie sur \u00ab&nbsp;France Culture&nbsp;\u00bb une chronique&nbsp;: \u00ab&nbsp;Le tour du monde des id\u00e9es&nbsp;\u00bb dans laquelle il s&rsquo;\u00e9loigne de la presse hexagonale ainsi que des livres fran\u00e7ais pour<\/p>\n","protected":false},"author":1,"featured_media":0,"comment_status":"open","ping_status":"closed","sticky":false,"template":"","format":"standard","meta":{"footnotes":""},"categories":[1],"tags":[17,7],"class_list":["post-6207","post","type-post","status-publish","format-standard","hentry","category-motdujour","tag-histoire","tag-societe"],"_links":{"self":[{"href":"https:\/\/lemotdujour.fr\/index.php?rest_route=\/wp\/v2\/posts\/6207","targetHints":{"allow":["GET"]}}],"collection":[{"href":"https:\/\/lemotdujour.fr\/index.php?rest_route=\/wp\/v2\/posts"}],"about":[{"href":"https:\/\/lemotdujour.fr\/index.php?rest_route=\/wp\/v2\/types\/post"}],"author":[{"embeddable":true,"href":"https:\/\/lemotdujour.fr\/index.php?rest_route=\/wp\/v2\/users\/1"}],"replies":[{"embeddable":true,"href":"https:\/\/lemotdujour.fr\/index.php?rest_route=%2Fwp%2Fv2%2Fcomments&post=6207"}],"version-history":[{"count":5,"href":"https:\/\/lemotdujour.fr\/index.php?rest_route=\/wp\/v2\/posts\/6207\/revisions"}],"predecessor-version":[{"id":12060,"href":"https:\/\/lemotdujour.fr\/index.php?rest_route=\/wp\/v2\/posts\/6207\/revisions\/12060"}],"wp:attachment":[{"href":"https:\/\/lemotdujour.fr\/index.php?rest_route=%2Fwp%2Fv2%2Fmedia&parent=6207"}],"wp:term":[{"taxonomy":"category","embeddable":true,"href":"https:\/\/lemotdujour.fr\/index.php?rest_route=%2Fwp%2Fv2%2Fcategories&post=6207"},{"taxonomy":"post_tag","embeddable":true,"href":"https:\/\/lemotdujour.fr\/index.php?rest_route=%2Fwp%2Fv2%2Ftags&post=6207"}],"curies":[{"name":"wp","href":"https:\/\/api.w.org\/{rel}","templated":true}]}}