{"id":620,"date":"2014-02-27T01:00:00","date_gmt":"2014-02-26T22:00:00","guid":{"rendered":"http:\/\/lemotdujour.fr\/?p=620"},"modified":"2017-05-08T13:21:14","modified_gmt":"2017-05-08T11:21:14","slug":"jeudi-27022014","status":"publish","type":"post","link":"https:\/\/lemotdujour.fr\/?p=620","title":{"rendered":"Jeudi 27\/02\/2014"},"content":{"rendered":"<div class=\"mdjDate\">Jeudi 27\/02\/2014<\/div>\n<div class=\"mdjTexte\">\u00ab\u00a0Vous pouvez tout acheter, <br \/>Mais vous ne pouvez pas acheter la joie\u00a0\u00bb<\/div>\n<div class=\"mdjAuteur\">Pierre Rahbi<\/div>\n<div class=\"mdjComplements\">Pierre Rahbi est une personne lumineuse.<\/div>\n<div class=\"mdjComplements\">Je l&rsquo;ai d\u00e9couvert \u00e0 travers plusieurs entretiens publi\u00e9s sur Youtube<\/div>\n<div class=\"mdjComplements\">Dont celui-ci :<a href=\"http:\/\/www.youtube.com\/watch?v=lYStCuNMcYU\">http:\/\/www.youtube.com\/watch?v=lYStCuNMcYU<\/a><\/div>\n<div class=\"mdjComplements\">Cet entretien permettrait de formuler une dizaine de mots du jour. Celui que je vous propose aujourd&rsquo;hui se trouve juste apr\u00e8s 5:30.<\/div>\n<div class=\"mdjComplements\">Il explique que c&rsquo;est dans la simplicit\u00e9 qu&rsquo;il trouve la joie non dans la complexit\u00e9 ou dans la consommation.<\/div>\n<div class=\"mdjComplements\">Avant cela, il disait que quand il voyait cette arm\u00e9e de consommateurs, muni d&rsquo;un caddy, se rendre \u00e0 l&rsquo;assaut des rayons d&rsquo;un supermarch\u00e9, il avait l&rsquo;impression d&rsquo;un retour au n\u00e9olithique, c&rsquo;est \u00e0 dire \u00e0 l\u2019\u00e8re de la cueillette non pas sur les arbres mais sur les \u00e9tag\u00e8res.<\/div>\n<div class=\"mdjComplements\">Wikip\u00e9dia \u00e9crit : Pierre Rabhi est un agriculteur biologiste, romancier et po\u00e8te fran\u00e7ais, d&rsquo;origine alg\u00e9rienne, inventeur du concept \u00ab Oasis en tous lieux \u00bb.<\/div>\n<div class=\"mdjComplements\">Il d\u00e9fend un mode de soci\u00e9t\u00e9 plus respectueux de l&rsquo;homme et de la terre et soutient le d\u00e9veloppement de pratiques agricoles respectueuses de l&rsquo;environnement et pr\u00e9servant les ressources naturelles.<\/div>\n<div class=\"mdjComplements\">Pierre Rabhi est n\u00e9 en 1938 \u00e0 Kenadsa pr\u00e8s de B\u00e9char, une oasis dans le sud de l&rsquo;Alg\u00e9rie dans une famille musulmane. Sa m\u00e8re meurt alors qu&rsquo;il est \u00e2g\u00e9 de 4 ans. Son p\u00e8re, forgeron, musicien et po\u00e8te, lui fait alterner l&rsquo;\u00e9cole coranique et l&rsquo;\u00e9cole fran\u00e7aise jusqu&rsquo;\u00e0 l&rsquo;\u00e2ge de 14 ans.<\/div>\n<div class=\"mdjComplements\">Pierre est confi\u00e9 \u00e0 un couple de Fran\u00e7ais, un ing\u00e9nieur et une institutrice, venus travailler \u00e0 la Compagnie des Houill\u00e8res de son village natal. Plus tard, son p\u00e8re sera contraint de fermer son atelier et de travailler \u00e0 la mine, ce qui marqua la r\u00e9flexion et la pens\u00e9e de son fils.<\/div>\n<div class=\"mdjComplements\">Pierre quitte Kenadsa pour Oran avec sa famille d&rsquo;adoption et y suit deux ann\u00e9es d&rsquo;\u00e9tudes secondaires.<\/div>\n<div class=\"mdjComplements\">\u00c0 l&rsquo;\u00e2ge de 16 ans, \u00e0 Oran, il choisit de se convertir au christianisme (il dit aujourd&rsquo;hui ne plus se sentir \u00ab li\u00e9 \u00e0 aucune religion en particulier \u00bb). Il commence \u00e0 travailler, d&rsquo;abord dans la dentisterie, puis en tant qu&#8217;employ\u00e9 de banque. Lorsque la guerre d&rsquo;Alg\u00e9rie \u00e9clate en 1954, il se trouve dans une situation de double exclusion, f\u00e2ch\u00e9 avec son p\u00e8re pour s&rsquo;\u00eatre converti, et avec son p\u00e8re d&rsquo;adoption qui l&rsquo;avait mis \u00e0 la porte \u00e0 la suite d&rsquo;un conflit, juste au d\u00e9but de la guerre. Il d\u00e9cide de partir s&rsquo;installer en France, \u00e0 Paris.<\/div>\n<div class=\"mdjComplements\">Il trouve un poste d&rsquo;ouvrier sp\u00e9cialis\u00e9 ; dans l&rsquo;entreprise o\u00f9 il travaille, il rencontre Mich\u00e8le avec qui il se mariera plus tard.<\/div>\n<div class=\"mdjComplements\">Tous deux nourrissent le r\u00eave de s&rsquo;extraire de leur vie urbaine et pensent \u00e0 l&rsquo;agriculture. Il rencontre le docteur Pierre Richard, un m\u00e9decin, \u00e9cologiste et visionnaire qui s&rsquo;occupait \u00e0 l&rsquo;\u00e9poque de la cr\u00e9ation du Parc national des C\u00e9vennes, et qui les encourage dans leur d\u00e9marche.<\/div>\n<div class=\"mdjComplements\">Ils d\u00e9cident alors de se rendre en Ard\u00e8che pour s&rsquo;y installer d\u00e9finitivement en 1960, pr\u00e9c\u00e9dant le mouvement n\u00e9orural de la fin des ann\u00e9es 1960.<\/div>\n<div class=\"mdjComplements\">Ils se marient \u00e0 Thines. Pierre Rabhi devient p\u00e8re et, sans aucune connaissance agricole, s&rsquo;inscrit dans une Maison familiale rurale et obtient un dipl\u00f4me.<\/div>\n<div class=\"mdjComplements\">Apr\u00e8s trois ans comme ouvrier agricole, en 1963 il devient lui-m\u00eame paysan dans les C\u00e9vennes ard\u00e9choises.<\/div>\n<div class=\"mdjComplements\">Apr\u00e8s des d\u00e9buts difficiles, le couple acquiert assez d&rsquo;exp\u00e9rience pour accueillir et conseiller \u00e0 partir de mai 1968 d&rsquo;autres n\u00e9o-ruraux. Quinze ann\u00e9es leur seront n\u00e9cessaires pour parvenir \u00e0 vivre de leur ferme. Depuis lors, il est sollicit\u00e9 par de nombreux organismes et notamment l&rsquo;ONU<\/div>\n<div class=\"mdjComplements\">Lors de ses apparitions en public, il a coutume de raconter la l\u00e9gende du colibri, l\u00e9gende am\u00e9rindienne, dont il tirera le nom pour cr\u00e9er son mouvement des colibris.<\/div>\n<div class=\"mdjCiter\">\u00ab Un jour, dit la l\u00e9gende, il y eut un immense incendie de for\u00eat.<\/div>\n<div class=\"mdjCiter\">Tous les animaux terrifi\u00e9s, atterr\u00e9s, observaient impuissants le d\u00e9sastre.<\/div>\n<div class=\"mdjCiter\">Seul le petit colibri s\u2019activait, allant chercher quelques gouttes avec son bec pour les jeter sur le feu.<\/div>\n<div class=\"mdjCiter\">Apr\u00e8s un moment, le tatou, agac\u00e9 par cette agitation d\u00e9risoire, lui dit : \u00ab Colibri ! Tu n\u2019es pas fou ? Ce n\u2019est pas avec ces gouttes d\u2019eau que tu vas \u00e9teindre le feu ! \u00bb<\/div>\n<div class=\"mdjCiter\">Et le colibri lui r\u00e9pondit : \u00abJe le sais, mais je fais ma part.\u00bb<\/div>\n<div class=\"mdjComplements\">Que la sagesse du colibri vous accompagne dans votre p\u00e8lerinage terrestre<\/div>\n","protected":false},"excerpt":{"rendered":"<p>Jeudi 27\/02\/2014 \u00ab\u00a0Vous pouvez tout acheter, Mais vous ne pouvez pas acheter la joie\u00a0\u00bb Pierre Rahbi Pierre Rahbi est une personne lumineuse. Je l&rsquo;ai d\u00e9couvert \u00e0 travers plusieurs entretiens publi\u00e9s sur Youtube Dont celui-ci :http:\/\/www.youtube.com\/watch?v=lYStCuNMcYU Cet entretien permettrait de formuler<\/p>\n","protected":false},"author":1,"featured_media":0,"comment_status":"closed","ping_status":"closed","sticky":false,"template":"","format":"standard","meta":{"footnotes":""},"categories":[1],"tags":[],"class_list":["post-620","post","type-post","status-publish","format-standard","hentry","category-motdujour"],"_links":{"self":[{"href":"https:\/\/lemotdujour.fr\/index.php?rest_route=\/wp\/v2\/posts\/620","targetHints":{"allow":["GET"]}}],"collection":[{"href":"https:\/\/lemotdujour.fr\/index.php?rest_route=\/wp\/v2\/posts"}],"about":[{"href":"https:\/\/lemotdujour.fr\/index.php?rest_route=\/wp\/v2\/types\/post"}],"author":[{"embeddable":true,"href":"https:\/\/lemotdujour.fr\/index.php?rest_route=\/wp\/v2\/users\/1"}],"replies":[{"embeddable":true,"href":"https:\/\/lemotdujour.fr\/index.php?rest_route=%2Fwp%2Fv2%2Fcomments&post=620"}],"version-history":[{"count":1,"href":"https:\/\/lemotdujour.fr\/index.php?rest_route=\/wp\/v2\/posts\/620\/revisions"}],"predecessor-version":[{"id":621,"href":"https:\/\/lemotdujour.fr\/index.php?rest_route=\/wp\/v2\/posts\/620\/revisions\/621"}],"wp:attachment":[{"href":"https:\/\/lemotdujour.fr\/index.php?rest_route=%2Fwp%2Fv2%2Fmedia&parent=620"}],"wp:term":[{"taxonomy":"category","embeddable":true,"href":"https:\/\/lemotdujour.fr\/index.php?rest_route=%2Fwp%2Fv2%2Fcategories&post=620"},{"taxonomy":"post_tag","embeddable":true,"href":"https:\/\/lemotdujour.fr\/index.php?rest_route=%2Fwp%2Fv2%2Ftags&post=620"}],"curies":[{"name":"wp","href":"https:\/\/api.w.org\/{rel}","templated":true}]}}