{"id":6198,"date":"2019-02-15T01:20:20","date_gmt":"2019-02-15T00:20:20","guid":{"rendered":"http:\/\/lemotdujour.fr\/?p=6198"},"modified":"2021-08-25T14:57:34","modified_gmt":"2021-08-25T12:57:34","slug":"vendredi-15-fevrier-2019","status":"publish","type":"post","link":"https:\/\/lemotdujour.fr\/?p=6198","title":{"rendered":"Vendredi 15 f\u00e9vrier 2019"},"content":{"rendered":"<div class=\"mdjTexte\">\t\u00ab&nbsp;Le consommateur mange mieux&nbsp;!\u00bb<\/div>\n<div class=\"mdjAuteur\">\tOlivier Humeau, le PDG d\u2019 Information Resources Incorporated<\/div>\n<p><span style=\"color: #777777; font-family: Arial;\">Il semblerait que les fran\u00e7ais deviennent plus sages et plus prudents concernant leur alimentation.<br \/>\n<\/span><\/p>\n<p><span style=\"color: #777777; font-family: Arial;\">C&rsquo;est une nouvelle r\u00e9jouissante et positive.<br \/>\n<\/span><\/p>\n<p><span style=\"color: #777777; font-family: Arial;\">Il est vrai qu&rsquo;avec Annie, cela fait d\u00e9j\u00e0 plusieurs ann\u00e9es que nous poursuivons une \u00e9volution vers une alimentation plus saine, dans laquelle les produits industriels sont bannis et les produits de qualit\u00e9 privil\u00e9gi\u00e9s avec une pr\u00e9dilection pour les aliments fournis par des producteurs locaux qui peuvent \u00eatre bio mais aussi \u00eatre adepte d&rsquo;une agriculture raisonn\u00e9e.<br \/>\n<\/span><\/p>\n<p><span style=\"color: #777777; font-family: Arial;\">Cette \u00e9volution n&rsquo;est pas solitaire, quand on parle autour de soi on constate qu&rsquo;il y a une vraie prise de conscience et une \u00e9volution des pratiques de consommation.<br \/>\n<\/span><\/p>\n<p><span style=\"color: #777777; font-family: Arial;\">Mais cette \u00e9volution n&rsquo;est pas locale, comme le montre un article du journal \u00ab&nbsp;<strong>Les Echos<\/strong>&nbsp;\u00bb publi\u00e9 en fin d&rsquo;ann\u00e9e derni\u00e8re&nbsp;: <a href=\"https:\/\/www.lesechos.fr\/13\/09\/2018\/lesechos.fr\/0302249947963_la-france-devient-une-societe-de-deconsommation.htm\"><span style=\"color: #0000ff;\">\u00ab&nbsp;La France devient une soci\u00e9t\u00e9 de d\u00e9consommation&nbsp;\u00bb<\/span><\/a><span style=\"color: #0000ff;\">.<\/span><br \/>\n<\/span><\/p>\n<p><span style=\"color: #777777; font-family: Arial;\">Le titre est un peu \u00e9nigmatique, car il s&rsquo;agit moins de consommer moins que de consommer mieux.<br \/>\n<\/span><\/p>\n<p><span style=\"color: #777777; font-family: Arial;\">Cet article nous apprend que de mani\u00e8re globale&nbsp;:<br \/>\n<\/span><\/p>\n<p style=\"margin-left: 28pt;\"><span style=\"color: #c00000; font-family: Arial;\">\u00ab&nbsp;Les \u00e9tudes montrent que les Fran\u00e7ais mettent de moins en moins de produits dans leur panier. Ils privil\u00e9gient la qualit\u00e9.<br \/>\n<\/span><\/p>\n<p style=\"margin-left: 28pt;\"><span style=\"color: #c00000; font-family: Arial;\">[\u2026] La soci\u00e9t\u00e9 d&rsquo;\u00e9tudes IRI d'(Information Resources Incorporated) note pour le premier semestre \u00ab une baisse des volumes d&rsquo;un niveau jamais atteint en cinq ans \u00bb. Les ventes de petits pois, de lessives et autres shampoings ont tr\u00e9buch\u00e9 de 1,2 %. C&rsquo;est la plus forte chute depuis la crise financi\u00e8re de 2008. Les statistiques n&rsquo;ont enregistr\u00e9 qu&rsquo;un chiffre n\u00e9gatif, d\u00e9but 2016. Il n&rsquo;\u00e9tait que de 0,3 %.<br \/>\n<\/span><\/p>\n<p style=\"margin-left: 28pt;\"><span style=\"color: #c00000; font-family: Arial;\">La consommation de masse change. <strong>Le consommateur mange mieux<\/strong> \u00bb r\u00e9sume Olivier Humeau, le PDG d&rsquo;IRI. Tous les produits sont touch\u00e9s, ou presque. \u00ab Les deux tiers des familles baissent \u00bb. Les bonbons chutent de 3,7 %, les biscuits de 2,9 %, la charcuterie de 3 % et l&rsquo;hygi\u00e8ne de 1,5 %. Les acheteurs ne se restreignent pas parce que les prix montent.<br \/>\n<\/span><\/p>\n<p style=\"margin-left: 28pt;\"><span style=\"color: #c00000; font-family: Arial;\">[\u2026]<br \/>\n<\/span><\/p>\n<p style=\"margin-left: 28pt;\"><span style=\"color: #c00000; font-family: Arial;\">Les consommateurs rejettent les produits qu&rsquo;ils estiment mauvais pour leur sant\u00e9. Le produit industriel, associ\u00e9 \u00e0 tort \u00e0 cette crainte [<span style=\"color: #777777;\">Cette remarque du journal me semble erron\u00e9e<span style=\"color: #c00000;\">], est boud\u00e9. Richard Girardot, le pr\u00e9sident de l&rsquo;Association nationale des industries alimentaires, l&rsquo;Ania, parle de \u00ab la destruction massive de l&rsquo;alimentation \u00bb. A tort. Tout n&rsquo;est pas boud\u00e9. Les clients composent leurs repas d&rsquo;ingr\u00e9dients de meilleure qualit\u00e9 et plus chers. Le march\u00e9 des produits de grande consommation (PGC) a gagn\u00e9 0,7 % en valeur. Les quantit\u00e9s diminuent. Le chiffre d&rsquo;affaires progresse. Et cette croissance est nourrie \u00e0 75 % par les produits des PME&#8230;<br \/>\n<\/span><\/span><\/span><\/p>\n<p style=\"margin-left: 28pt;\"><span style=\"color: #c00000; font-family: Arial;\">\u00ab Quand le rayon charcuterie plonge de 3 %, les r\u00e9f\u00e9rences all\u00e9g\u00e9es en sel croissent de 2,9 % \u00bb. Le patron d&rsquo;IRI multiplie les exemples. Le \u00ab sans \u00bb emporte l&rsquo;adh\u00e9sion sans antibiotique, sans sucre ajout\u00e9 (+21 % pour les compotes), sans sel d&rsquo;aluminium (d\u00e9odorants), etc. Le v\u00e9g\u00e9tal progresse plus vite que les prot\u00e9ines animales. La tendance est n\u00e9e avec les scandales alimentaires et les recommandations sanitaires. Elle gonfle parce que les distributeurs adaptent leurs assortiments. C&rsquo;est l&rsquo;effet boule de neige.<br \/>\n<\/span><\/p>\n<p style=\"margin-left: 28pt;\"><span style=\"color: #c00000; font-family: Arial;\">Le march\u00e9 du bio en fait la d\u00e9monstration. Il a explos\u00e9 de 17 % en 2017. Pourtant, les ventes des magasins sp\u00e9cialis\u00e9s comme Biocoop ou La Vie Claire, plafonnent. Elles ont stagn\u00e9 \u00e0 +1 %, au premier semestre 2018. Les grandes surfaces ont r\u00e9ussi le pari de la d\u00e9mocratisation du bio. Chez Carrefour, Auchan et Leclerc on met ses marques propres au service des nouvelles habitudes de consommation. Signe des temps, la promotion a moins d&rsquo;effet sur les ventes.<br \/>\n<\/span><\/p>\n<p style=\"margin-left: 28pt;\"><span style=\"color: #c00000; font-family: Arial;\">[\u2026]<br \/>\n<\/span><\/p>\n<p style=\"margin-left: 28pt;\"><span style=\"color: #c00000; font-family: Arial;\">Les grandes marques subissent une double peine. Elles subissent le raccourci qui pr\u00e9tend que le produit industriel est moins bon que le produit du petit fabricant. Elles ne r\u00e9coltent pas les effets des baisses de prix qui leur sont impos\u00e9es. Le consommateur s&rsquo;oriente vers des articles plus chers. A la caisse, le montant de son addition ne diminue pas.&nbsp;\u00bb<br \/>\n<\/span><\/p>\n<p><span style=\"color: #777777; font-family: Arial;\">Les fran\u00e7ais seraient-ils sur la bonne voie&nbsp;? <\/span><\/p>\n<p><span style=\"color: #777777; font-family: Arial;\">Certains ne partagent pas l&#8217;empathie pour ce type d&rsquo;\u00e9volution. L&rsquo;\u00e9mission de France Inter, \u00ab<strong>Le t\u00e9l\u00e9phone sonne<\/strong>\u00bb du 13 f\u00e9vrier : &lt;<span style=\"color: #0000ff;\"><a style=\"color: #0000ff;\" href=\"https:\/\/www.franceinter.fr\/emissions\/le-telephone-sonne\/le-telephone-sonne-13-fevrier-2019\">M\u00e9tro, boulot, quinoa : comment \u00e9chapper \u00e0 la tyrannie du bien-\u00eatre ?<\/a><\/span>&gt;, \u00e9voque une tentative de culpabilisation :<br \/>\n<\/span><\/p>\n<p style=\"margin-left: 28pt;\"><span style=\"color: #c00000; font-family: Arial;\">\u00abLe bien \u00eatre devient un imp\u00e9ratif moral. Si on coche toutes les cases du bien \u00eatre, qu&rsquo;on nous sert dans les pubs et ailleurs, alors on est forc\u00e9ment quelqu&rsquo;un de bien ! Sinon on nous fait culpabiliser, le bien \u00eatre oublie le bonheur, et \u00e0 la place nous voil\u00e0 cern\u00e9s d&rsquo;injonctions. Pour les plus fragiles d&rsquo;entre nous, \u00e7a se termine en troubles de comportement, alimentaire souvent, ou vers la d\u00e9pression parfois.\u00bb<\/span><\/p>\n<p><span style=\"color: #777777; font-family: Arial;\">Serait ce encore le conflit entre le progr\u00e8s et le conservatisme ?<\/span><\/p>\n<p><span style=\"color: maroon; font-family: Arial;\">&lt;1192&gt;<\/span><\/p>\n","protected":false},"excerpt":{"rendered":"<p>\u00ab&nbsp;Le consommateur mange mieux&nbsp;!\u00bb Olivier Humeau, le PDG d\u2019 Information Resources Incorporated Il semblerait que les fran\u00e7ais deviennent plus sages et plus prudents concernant leur alimentation. C&rsquo;est une nouvelle r\u00e9jouissante et positive. Il est vrai qu&rsquo;avec Annie, cela fait d\u00e9j\u00e0<\/p>\n","protected":false},"author":1,"featured_media":0,"comment_status":"open","ping_status":"closed","sticky":false,"template":"","format":"standard","meta":{"footnotes":""},"categories":[1],"tags":[21,74,15],"class_list":["post-6198","post","type-post","status-publish","format-standard","hentry","category-motdujour","tag-alimentation","tag-consumerisme","tag-france"],"_links":{"self":[{"href":"https:\/\/lemotdujour.fr\/index.php?rest_route=\/wp\/v2\/posts\/6198","targetHints":{"allow":["GET"]}}],"collection":[{"href":"https:\/\/lemotdujour.fr\/index.php?rest_route=\/wp\/v2\/posts"}],"about":[{"href":"https:\/\/lemotdujour.fr\/index.php?rest_route=\/wp\/v2\/types\/post"}],"author":[{"embeddable":true,"href":"https:\/\/lemotdujour.fr\/index.php?rest_route=\/wp\/v2\/users\/1"}],"replies":[{"embeddable":true,"href":"https:\/\/lemotdujour.fr\/index.php?rest_route=%2Fwp%2Fv2%2Fcomments&post=6198"}],"version-history":[{"count":5,"href":"https:\/\/lemotdujour.fr\/index.php?rest_route=\/wp\/v2\/posts\/6198\/revisions"}],"predecessor-version":[{"id":12061,"href":"https:\/\/lemotdujour.fr\/index.php?rest_route=\/wp\/v2\/posts\/6198\/revisions\/12061"}],"wp:attachment":[{"href":"https:\/\/lemotdujour.fr\/index.php?rest_route=%2Fwp%2Fv2%2Fmedia&parent=6198"}],"wp:term":[{"taxonomy":"category","embeddable":true,"href":"https:\/\/lemotdujour.fr\/index.php?rest_route=%2Fwp%2Fv2%2Fcategories&post=6198"},{"taxonomy":"post_tag","embeddable":true,"href":"https:\/\/lemotdujour.fr\/index.php?rest_route=%2Fwp%2Fv2%2Ftags&post=6198"}],"curies":[{"name":"wp","href":"https:\/\/api.w.org\/{rel}","templated":true}]}}