{"id":618,"date":"2014-02-26T01:00:00","date_gmt":"2014-02-25T22:00:00","guid":{"rendered":"http:\/\/lemotdujour.fr\/?p=618"},"modified":"2017-05-08T13:21:14","modified_gmt":"2017-05-08T11:21:14","slug":"mercredi-26022014","status":"publish","type":"post","link":"https:\/\/lemotdujour.fr\/?p=618","title":{"rendered":"Mercredi 26\/02\/2014"},"content":{"rendered":"<div class=\"mdjDate\">Mercredi 26\/02\/2014<\/div>\n<div class=\"mdjTexte\">\u00ab\u00a0Une odeur de gaz est venu bouleverser la donne\u00a0\u00bb<\/div>\n<div class=\"mdjAuteur\">Bernard Guetta<\/div>\n<div class=\"mdjComplements\">Je sais que vous aimez les mots du jour po\u00e9tiques ou optimistes.<\/div>\n<div class=\"mdjComplements\">Celui-ci fait partie de la seconde cat\u00e9gorie, il est l\u2019\u0153uvre de Bernard Guetta dans sa <a href=\"http:\/\/www.franceinter.fr\/emission-geopolitique-pactole-gazier-en-mediterranee\">chronique \u00ab\u00a0g\u00e9opolitique\u00a0\u00bb du 13 f\u00e9vrier 2014.<\/a><\/div>\n<div class=\"mdjComplements\">Les mati\u00e8res premi\u00e8res sont souvent une source de conflits et m\u00eame de guerres.<\/div>\n<div class=\"mdjComplements\">Rien ne dit que la d\u00e9couverte d&rsquo;un immense gisement de gaz dans la m\u00e9diterran\u00e9e entre Chypre, Isra\u00ebl, la Turquie et la Gr\u00e8ce ne conduise pas \u00e0 des violences.<\/div>\n<div class=\"mdjComplements\">Mais pour l&rsquo;instant, c&rsquo;est plut\u00f4t le contraire.<\/div>\n<div class=\"mdjComplements\">En effet, Les chypriotes grecs, les chypriotes turcs, les Turcs, les Grecs et les Isra\u00e9liens ne sont pas les meilleurs amis du monde. Il y en a m\u00eame, \u00e0 l&rsquo;int\u00e9rieur de cet ensemble, qui en bilat\u00e9ral sont carr\u00e9ment des ennemis irr\u00e9ductibles et haineux.<\/div>\n<div class=\"mdjComplements\">Mais ils veulent pouvoir acc\u00e9der au magot : cet immense gisement de gaz.<\/div>\n<div class=\"mdjComplements\">Et pour l&rsquo;instant ils vont plut\u00f4t dans le sens de la discussion, voire de la coop\u00e9ration. On esp\u00e8re l&rsquo;accord.<\/div>\n<div class=\"mdjComplements\">Ainsi les deux parties de l&rsquo;ile de Chypre dialoguent de nouveau ensemble, on parle d&rsquo;une r\u00e9unification possible, les grecs, les turcs et les Isra\u00e9liens voient cela d&rsquo;un \u0153il favorable.<\/div>\n<div class=\"mdjComplements\">Rien que de l&rsquo;optimisme je vous dis. Un article sur cette question g\u00e9opolitique\u00a0:<\/div>\n<p><a href=\"%3chttp:\/\/www.rtbf.be\/info\/monde\/detail_chypre-les-deux-parties-de-l-ile-grecque-et-turque-vont-se-reparler?id=8197721%20%3e\">&lt;http:\/\/www.rtbf.be\/info\/monde\/detail_chypre-les-deux-parties-de-l-ile-grecque-et-turque-vont-se-reparler?id=8197721 &gt;<\/a><\/p>\n","protected":false},"excerpt":{"rendered":"<p>Mercredi 26\/02\/2014 \u00ab\u00a0Une odeur de gaz est venu bouleverser la donne\u00a0\u00bb Bernard Guetta Je sais que vous aimez les mots du jour po\u00e9tiques ou optimistes. Celui-ci fait partie de la seconde cat\u00e9gorie, il est l\u2019\u0153uvre de Bernard Guetta dans sa<\/p>\n","protected":false},"author":1,"featured_media":0,"comment_status":"closed","ping_status":"closed","sticky":false,"template":"","format":"standard","meta":{"footnotes":""},"categories":[1],"tags":[],"class_list":["post-618","post","type-post","status-publish","format-standard","hentry","category-motdujour"],"_links":{"self":[{"href":"https:\/\/lemotdujour.fr\/index.php?rest_route=\/wp\/v2\/posts\/618","targetHints":{"allow":["GET"]}}],"collection":[{"href":"https:\/\/lemotdujour.fr\/index.php?rest_route=\/wp\/v2\/posts"}],"about":[{"href":"https:\/\/lemotdujour.fr\/index.php?rest_route=\/wp\/v2\/types\/post"}],"author":[{"embeddable":true,"href":"https:\/\/lemotdujour.fr\/index.php?rest_route=\/wp\/v2\/users\/1"}],"replies":[{"embeddable":true,"href":"https:\/\/lemotdujour.fr\/index.php?rest_route=%2Fwp%2Fv2%2Fcomments&post=618"}],"version-history":[{"count":1,"href":"https:\/\/lemotdujour.fr\/index.php?rest_route=\/wp\/v2\/posts\/618\/revisions"}],"predecessor-version":[{"id":619,"href":"https:\/\/lemotdujour.fr\/index.php?rest_route=\/wp\/v2\/posts\/618\/revisions\/619"}],"wp:attachment":[{"href":"https:\/\/lemotdujour.fr\/index.php?rest_route=%2Fwp%2Fv2%2Fmedia&parent=618"}],"wp:term":[{"taxonomy":"category","embeddable":true,"href":"https:\/\/lemotdujour.fr\/index.php?rest_route=%2Fwp%2Fv2%2Fcategories&post=618"},{"taxonomy":"post_tag","embeddable":true,"href":"https:\/\/lemotdujour.fr\/index.php?rest_route=%2Fwp%2Fv2%2Ftags&post=618"}],"curies":[{"name":"wp","href":"https:\/\/api.w.org\/{rel}","templated":true}]}}