{"id":6176,"date":"2019-02-13T02:37:14","date_gmt":"2019-02-13T01:37:14","guid":{"rendered":"http:\/\/lemotdujour.fr\/?p=6176"},"modified":"2021-08-25T15:02:12","modified_gmt":"2021-08-25T13:02:12","slug":"mercredi-13-fevrier-2019","status":"publish","type":"post","link":"https:\/\/lemotdujour.fr\/?p=6176","title":{"rendered":"Mercredi 13 f\u00e9vrier 2019"},"content":{"rendered":"<div class=\"mdjTexte\">\t\u00ab&nbsp;Le programme t\u00e9l\u00e9 avait avanc\u00e9 en \u00e2ge avec moi. &nbsp;\u00bb<\/div>\n<div class=\"mdjAuteur\">\tSonia Devillers<\/div>\n<p><span style=\"color: #777777; font-family: Arial;\">Quand les journaux ont annonc\u00e9 le d\u00e9c\u00e8s de l&rsquo;ami de Casimir&nbsp;:<br \/>\n<\/span><\/p>\n<p style=\"margin-left: 28pt;\"><span style=\"color: #c00000; font-family: Arial;\">\u00ab&nbsp;<span style=\"color: #0000ff;\"><a style=\"color: #0000ff;\" href=\"https:\/\/www.parismatch.com\/Culture\/Medias\/Patrick-Bricard-le-Francois-de-L-Ile-aux-enfants-est-mort-1601973\">Patrick Bricard, le Fran\u00e7ois de \u00ab\u00a0L&rsquo;Ile aux enfants\u00a0\u00bb est mort&nbsp;<\/a><\/span>\u00bb<br \/>\n<\/span><\/p>\n<p><span style=\"color: #777777; font-family: Arial;\">J&rsquo;\u00e9tais tr\u00e8s loin de penser que cette nouvelle allait me donner mati\u00e8re \u00e0 un mot du jour.<br \/>\n<\/span><\/p>\n<p><img decoding=\"async\" class=\"alignleft\" src=\"https:\/\/lemotdujour.fr\/wp-content\/uploads\/2019\/02\/020919_2236_Mercredi13f1.jpg\" alt=\"\" align=\"left\"><span style=\"color: #777777; font-family: Arial;\">\u00ab<span style=\"color: #0000ff;\">&nbsp;<a style=\"color: #0000ff;\" href=\"https:\/\/fr.wikipedia.org\/wiki\/L'%C3%8Ele_aux_enfants\">L&rsquo;ile aux enfants&nbsp;<\/a><\/span>\u00bb \u00e9tait une \u00e9mission de t\u00e9l\u00e9vision pour les enfants diffus\u00e9e entre 1974 et 1982.<br \/>\n<\/span><\/p>\n<p><span style=\"color: #777777; font-family: Arial;\">Mais la chronique de Sonia Devillers \u00ab&nbsp;<strong>L&rsquo;\u00e9dito M<\/strong>&nbsp;\u00bb du mardi 29 janvier 2019 \u00ab&nbsp;<a href=\"https:\/\/www.franceinter.fr\/emissions\/l-edito-m\/l-edito-m-29-janvier-2019\"><span style=\"color: #0000ff;\">Casimir et les enfants de la t\u00e9l\u00e9<\/span>&nbsp;<\/a>\u00bb sur France Inter, m&rsquo;a convaincu qu&rsquo;il y avait l\u00e0 mati\u00e8re \u00e0 faire un constat tr\u00e8s pertinent sur la t\u00e9l\u00e9vision&nbsp;:<br \/>\n<\/span><\/p>\n<p style=\"margin-left: 28pt;\"><span style=\"color: #c00000; font-family: Arial;\">\u00ab&nbsp; Fran\u00e7ois de \u00ab L&rsquo;\u00eele aux enfants \u00bb s&rsquo;en est all\u00e9 trop discr\u00e8tement.<br \/>\n<\/span><\/p>\n<p style=\"margin-left: 28pt;\"><span style=\"color: #c00000; font-family: Arial;\">Pour ceux qui auraient eu le mouvais go\u00fbt de na\u00eetre dans les ann\u00e9es 80 ou pire, apr\u00e8s, Casimir \u00e9tait un monstre gentil, sorte de gros patator orange quoique arriv\u00e9 \u00e0 l&rsquo;\u00e9cran en noir et blanc. Vous me direz l&rsquo;affirmation de la diff\u00e9rence pour ce diplodocus en mousse ne fut pas affaire de couleur. Casimir n&rsquo;avait que quatre doigts : \u00ab c&rsquo;est mon droit, c&rsquo;est mon droit \u00bb, r\u00e9p\u00e9tait-il cr\u00e2nement aux humains Julie, le facteur, Monsieur snob et Fran\u00e7ois.<br \/>\n<\/span><\/p>\n<p style=\"margin-left: 28pt;\"><span style=\"color: #c00000; font-family: Arial;\">Fran\u00e7ois, la queue de com\u00e8te des ann\u00e9es 70. Chemises \u00e0 carreaux, \u00e9ternel \u00e9tudiant, marchand de ballons, r\u00eaveur et p\u00e9dagogue. Il est \u00e0 la fois celui qui explique et celui qui trouve de nouveaux jeux pour les enfants.<br \/>\n<\/span><\/p>\n<p style=\"margin-left: 28pt;\"><span style=\"color: #c00000; font-family: Arial;\">La d\u00e9couverte et la science sont jeu. L&rsquo;imagination est un savoir. Pourvu, surtout, que l&rsquo;apprentissage et le rire soient des activit\u00e9s inutiles et d\u00e9sint\u00e9ress\u00e9es, donc fondamentales. Le plus incongru c&rsquo;est que tout cela c&rsquo;\u00e9tait de la t\u00e9l\u00e9vision (TF1 avant la privatisation) et de la t\u00e9l\u00e9vision pour marmots \u00e0 18 heures.<br \/>\n<\/span><\/p>\n<p style=\"margin-left: 28pt;\"><span style=\"color: #c00000; font-family: Arial;\">En apprenant la mort de l&rsquo;acteur qui incarnait Fran\u00e7ois, <strong>j&rsquo;ai compris soudain non pas que la soci\u00e9t\u00e9 avait chang\u00e9, mais que le programme t\u00e9l\u00e9 avait avanc\u00e9 en \u00e2ge avec moi<\/strong>.<br \/>\n<\/span><\/p>\n<p style=\"margin-left: 28pt;\"><span style=\"color: #c00000; font-family: Arial;\">Petite, je rentrais de l&rsquo;\u00e9cole, je go\u00fbtais et \u00e0 18 heures \u00ab L&rsquo;Ile aux enfants \u00bb, sur la Une, \u00ab R\u00e9cr\u00e9 A2 \u00bb, en face.<br \/>\n<\/span><\/p>\n<p style=\"margin-left: 28pt;\"><span style=\"color: #c00000; font-family: Arial;\">Ado, je rentrais du coll\u00e8ge, je go\u00fbtais et \u00e0 18 heures, \u00ab Beverly Hills \u00bb, \u00ab H\u00e9l\u00e8ne et les gar\u00e7ons \u00bb, etc&#8230;<br \/>\n<\/span><\/p>\n<p style=\"margin-left: 28pt;\"><span style=\"color: #c00000; font-family: Arial;\">Aujourd&rsquo;hui, m\u00e8re de famille, je rentre du boulot et \u00e0 18 heures, il y a des programmes pour les m\u00e9nag\u00e8res avec enfants. Sentiment \u00e9trange.<br \/>\n<\/span><\/p>\n<p style=\"margin-left: 28pt;\"><span style=\"color: #c00000; font-family: Arial;\">Je devrais regarder la t\u00e9l\u00e9 en disant \u00ab c&rsquo;est plus de mon \u00e2ge \u00bb. Mais non, \u00e7a l&rsquo;est toujours et dans vingt ans, \u00e0 18 heures, il n&rsquo;y aura que des \u00e9missions pour les vieux comme moi. Le m\u00e9dia vieillit avec moi. Pour me garder captive. Nous nous \u00e9teindrons ensemble. S\u00fbrement.<br \/>\n<\/span><\/p>\n<p style=\"margin-left: 28pt;\"><span style=\"color: #c00000; font-family: Arial;\">Parce que les enfants d&rsquo;apr\u00e8s moi ont pris leur go\u00fbter devant un ordinateur et que mes enfants \u00e0 moi go\u00fbtent devant leur smartphone. Fran\u00e7ois, la derni\u00e8re g\u00e9n\u00e9ration d&rsquo;enfants de la t\u00e9l\u00e9 te saluent.&nbsp;\u00bb<br \/>\n<\/span><\/p>\n<p><span style=\"color: #777777; font-family: Arial;\">&lt;<a href=\"https:\/\/bfmbusiness.bfmtv.com\/entreprise\/tv-quelle-est-la-chaine-dont-les-spectateurs-sont-les-plus-vieux-940861.html\"><span style=\"color: #0000ff;\">Toutes les enqu\u00eates le disent<\/span><\/a>&gt; les spectateurs de la t\u00e9l\u00e9vision sont de plus en plus vieux&nbsp;:<br \/>\n<\/span><\/p>\n<p style=\"margin-left: 28pt;\"><span style=\"color: #c00000; font-family: Arial;\">\u00ab&nbsp;Toutes cha\u00eenes confondues, le t\u00e9l\u00e9spectateur moyen est \u00e2g\u00e9 de 50,7 ans. Soit une dizaine d&rsquo;ann\u00e9es de plus que la moyenne des Fran\u00e7ais. [\u2026]<br \/>\n<\/span><\/p>\n<p style=\"margin-left: 28pt;\"><span style=\"color: #c00000; font-family: Arial;\">Lorsque Julien Lepers est \u00e9vinc\u00e9 de Questions pour un champion, les m\u00e9dias vont chercher des r\u00e9actions dans les maisons de retraite. Caricatural ? H\u00e9las non. Le public de France 3 est vieux: 61,4 ans en moyenne. La moiti\u00e9 de son audience a m\u00eame plus de 65 ans&#8230;<br \/>\n<\/span><\/p>\n<p style=\"margin-left: 28pt;\"><span style=\"color: #c00000; font-family: Arial;\">La t\u00e9l\u00e9 attire les vieux<br \/>\n<\/span><\/p>\n<p style=\"margin-left: 28pt;\"><span style=\"color: #c00000; font-family: Arial;\">[\u2026] les plus de 50 ans la regardent la t\u00e9l\u00e9vision trois fois plus que les 15-24 ans.<br \/>\n<\/span><\/p>\n<p style=\"margin-left: 28pt;\"><span style=\"color: #c00000; font-family: Arial;\">Depuis 1992, l&rsquo;\u00e2ge moyen du t\u00e9l\u00e9spectateur a vieilli de 4,4 ans, soit \u00e0 peu pr\u00e8s au m\u00eame rythme que toute la population.<br \/>\n<\/span><\/p>\n<p style=\"margin-left: 28pt;\"><span style=\"color: #c00000; font-family: Arial;\">Mais toutes les cha\u00eenes ne sont pas \u00e9gales face \u00e0 ce vieillissement. Certaines cha\u00eenes vieillissent plus vite que la moyenne. Ainsi, les dirigeants de M6 ont de quoi se faire des cheveux blancs: leur audience a vieilli de 4,4 ans depuis 2010. De m\u00eame que ceux de TF1, dont le spectateur a pris 4 ans sur la p\u00e9riode, et est d\u00e9sormais plus \u00e2g\u00e9 que la moyenne des cha\u00eenes.&nbsp;\u00bb<br \/>\n<\/span><\/p>\n<p><span style=\"color: #777777; font-family: Arial;\">Il faut se souvenir qu&rsquo;il existait une \u00e9poque dans laquelle, quasi tous les fran\u00e7ais regardaient la t\u00e9l\u00e9vision et avaient ainsi un sujet de conversation commun le lendemain.<br \/>\n<\/span><\/p>\n<p><span style=\"color: #777777; font-family: Arial;\">Au-del\u00e0 des critiques l\u00e9gitimes de la qualit\u00e9 des \u00e9missions de l&rsquo;\u00e9poque, cela cr\u00e9ait indiscutablement du lien, une sorte d&rsquo;unit\u00e9. L&rsquo;ordinateur et les r\u00e9seaux sociaux cr\u00e9ent plut\u00f4t de la division fa\u00e7on puzzle.<br \/>\n<\/span><\/p>\n<p><span style=\"color: maroon; font-family: Arial;\">&lt;1190&gt;<\/span><\/p>\n","protected":false},"excerpt":{"rendered":"<p>\u00ab&nbsp;Le programme t\u00e9l\u00e9 avait avanc\u00e9 en \u00e2ge avec moi. &nbsp;\u00bb Sonia Devillers Quand les journaux ont annonc\u00e9 le d\u00e9c\u00e8s de l&rsquo;ami de Casimir&nbsp;: \u00ab&nbsp;Patrick Bricard, le Fran\u00e7ois de \u00ab\u00a0L&rsquo;Ile aux enfants\u00a0\u00bb est mort&nbsp;\u00bb J&rsquo;\u00e9tais tr\u00e8s loin de penser que cette<\/p>\n","protected":false},"author":1,"featured_media":0,"comment_status":"open","ping_status":"closed","sticky":false,"template":"","format":"standard","meta":{"footnotes":""},"categories":[1],"tags":[15,89,7],"class_list":["post-6176","post","type-post","status-publish","format-standard","hentry","category-motdujour","tag-france","tag-media","tag-societe"],"_links":{"self":[{"href":"https:\/\/lemotdujour.fr\/index.php?rest_route=\/wp\/v2\/posts\/6176","targetHints":{"allow":["GET"]}}],"collection":[{"href":"https:\/\/lemotdujour.fr\/index.php?rest_route=\/wp\/v2\/posts"}],"about":[{"href":"https:\/\/lemotdujour.fr\/index.php?rest_route=\/wp\/v2\/types\/post"}],"author":[{"embeddable":true,"href":"https:\/\/lemotdujour.fr\/index.php?rest_route=\/wp\/v2\/users\/1"}],"replies":[{"embeddable":true,"href":"https:\/\/lemotdujour.fr\/index.php?rest_route=%2Fwp%2Fv2%2Fcomments&post=6176"}],"version-history":[{"count":5,"href":"https:\/\/lemotdujour.fr\/index.php?rest_route=\/wp\/v2\/posts\/6176\/revisions"}],"predecessor-version":[{"id":12064,"href":"https:\/\/lemotdujour.fr\/index.php?rest_route=\/wp\/v2\/posts\/6176\/revisions\/12064"}],"wp:attachment":[{"href":"https:\/\/lemotdujour.fr\/index.php?rest_route=%2Fwp%2Fv2%2Fmedia&parent=6176"}],"wp:term":[{"taxonomy":"category","embeddable":true,"href":"https:\/\/lemotdujour.fr\/index.php?rest_route=%2Fwp%2Fv2%2Fcategories&post=6176"},{"taxonomy":"post_tag","embeddable":true,"href":"https:\/\/lemotdujour.fr\/index.php?rest_route=%2Fwp%2Fv2%2Ftags&post=6176"}],"curies":[{"name":"wp","href":"https:\/\/api.w.org\/{rel}","templated":true}]}}