{"id":6170,"date":"2019-02-14T02:48:11","date_gmt":"2019-02-14T01:48:11","guid":{"rendered":"http:\/\/lemotdujour.fr\/?p=6170"},"modified":"2021-08-25T15:00:14","modified_gmt":"2021-08-25T13:00:14","slug":"jeudi-14-fevrier-2019","status":"publish","type":"post","link":"https:\/\/lemotdujour.fr\/?p=6170","title":{"rendered":"Jeudi 14 f\u00e9vrier 2019"},"content":{"rendered":"<div class=\"mdjTexte\">\t\u00ab&nbsp;La petite seconde d\u2019\u00e9ternit\u00e9<br \/>\nO\u00f9 tu m\u2019as embrass\u00e9e<br \/>\nO\u00f9 je t\u2019ai embrass\u00e9e&nbsp;\u00bb<\/div>\n<div class=\"mdjAuteur\">\tJacques Pr\u00e9vert<\/div>\n<p><span style=\"color: #777777; font-family: Arial;\">Pour la Saint Valentin, ces vers de Jacques Pr\u00e9vert (1900-1977) extrait du po\u00e8me \u00ab&nbsp;Le Jardin&nbsp;\u00bb<br \/>\n<\/span><\/p>\n<p style=\"margin-left: 28pt;\"><span style=\"color: #c00000; font-family: Arial; text-decoration: underline;\"><strong><em>Le jardin<br \/>\n<\/em><\/strong><\/span><\/p>\n<p style=\"margin-left: 28pt;\"><span style=\"color: #c00000; font-family: Arial;\">Des milliers et des milliers d&rsquo;ann\u00e9es<br \/>\nNe sauraient suffire<br \/>\nPour dire<br \/>\nLa petite seconde d&rsquo;\u00e9ternit\u00e9<br \/>\nO\u00f9 tu m&rsquo;as embrass\u00e9e<br \/>\nO\u00f9 je t&rsquo;ai embrass\u00e9e<br \/>\nUn matin dans la lumi\u00e8re de l&rsquo;hiver<br \/>\nAu parc Montsouris \u00e0 Paris<br \/>\nA Paris<br \/>\nSur la terre<br \/>\nLa terre qui est un astre.<br \/>\n<\/span><\/p>\n<p><span style=\"color: #777777; font-family: Arial;\">Ce po\u00e8me est extrait du recueil \u00ab<span style=\"color: #0000ff;\">&nbsp;<a style=\"color: #0000ff;\" href=\"https:\/\/fr.wikipedia.org\/wiki\/Paroles_(Pr%C3%A9vert)\">Paroles<\/a><\/span>&nbsp;\u00bb qui a \u00e9t\u00e9 publi\u00e9 pour la premi\u00e8re fois en 1946.<br \/>\n<\/span><\/p>\n<p><span style=\"color: #777777; font-family: Arial;\">C&rsquo;est Jean-Louis Trintignant qui m&rsquo;a fait d\u00e9couvrir ce po\u00e8me, alors qu&rsquo;il \u00e9tait l&rsquo;invit\u00e9 de de L\u00e9a Salam\u00e9 sur France Inter le &lt;<span style=\"color: #0000ff;\"><a style=\"color: #0000ff;\" href=\"https:\/\/www.franceinter.fr\/emissions\/l-invite-de-7h50\/l-invite-de-7h50-13-decembre-2018\">jeudi 13 d\u00e9cembre 2<\/a><a style=\"color: #0000ff;\" href=\"https:\/\/www.franceinter.fr\/emissions\/l-invite-de-7h50\/l-invite-de-7h50-13-decembre-2018\">018<\/a><\/span>&gt;<br \/>\n<\/span><\/p>\n<p><span style=\"color: #777777; font-family: Arial;\">J&rsquo;avais d\u00e9j\u00e0 cit\u00e9 cette \u00e9mission, lors du mot du jour du <span style=\"color: #0000ff;\"><a style=\"color: #0000ff;\" href=\"https:\/\/lemotdujour.fr\/?p=5927\">14 d\u00e9cembre 2018<\/a>,<\/span> parce que Jean-Louis Trintignant s&rsquo;\u00e9tait exprim\u00e9 sur la crise des \u00ab&nbsp;gilets jaunes&nbsp;\u00bb&nbsp;:<br \/>\n<\/span><\/p>\n<p style=\"margin-left: 28pt;\"><span style=\"color: #c00000; font-family: Arial;\">\u00ab&nbsp;Entre les gens qui nous gouvernent et les gens qui souffrent, il y a un foss\u00e9. [\u2026] Macron je pense que c&rsquo;est un homme honn\u00eate mais il n&rsquo;a jamais eu faim. Il n&rsquo;est pas assez proche du peuple&nbsp;\u00bb<br \/>\n<\/span><\/p>\n<p><span style=\"color: #777777; font-family: Arial;\">Il avait aussi ajout\u00e9 cette profession de foi&nbsp;:<br \/>\n<\/span><\/p>\n<p style=\"margin-left: 28pt;\"><span style=\"color: #c00000; font-family: Arial;\">\u00ab&nbsp;Je reste de gauche bien s\u00fbr. Les progr\u00e8s sont des progr\u00e8s de gauche. Les progr\u00e8s de droite sont stupides.&nbsp;\u00bb<br \/>\n<\/span><\/p>\n<p><span style=\"color: #777777; font-family: Arial;\">Mais il \u00e9tait invit\u00e9 \u00e0 cette \u00e9mission pour parler du spectacle qu&rsquo;il donnait du 11 au 22 d\u00e9cembre 2018 \u00e0 la Porte Saint Martin, spectacle de po\u00e9sie sur de la musique argentine.<br \/>\n<\/span><\/p>\n<p><span style=\"color: #777777; font-family: Arial;\">Pendant l&rsquo;\u00e9mission il a d\u00e9clam\u00e9 ces vers de Pr\u00e9vert.<br \/>\n<\/span><\/p>\n<p style=\"margin-left: 28pt;\"><span style=\"color: #c00000; font-family: Arial;\">\u00ab&nbsp;La petite seconde d&rsquo;\u00e9ternit\u00e9 o\u00f9 tu m&rsquo;as embrass\u00e9e\u2026&nbsp;\u00bb:<br \/>\n<\/span><\/p>\n<p><span style=\"color: #777777; font-family: Arial;\">Il a ajout\u00e9&nbsp;:<br \/>\n<\/span><\/p>\n<p style=\"margin-left: 28pt;\"><span style=\"color: #c00000; font-family: Arial;\">\u00ab&nbsp;Mais Pr\u00e9vert, c&rsquo;\u00e9tait sans doute un type merveilleux. Je l&rsquo;ai connu un petit peu.&nbsp;\u00bb<br \/>\n<\/span><\/p>\n<p><span style=\"color: #777777; font-family: Arial;\">Il a cit\u00e9 aussi d&rsquo;autres po\u00e8tes comme par exemple <a href=\"https:\/\/www.babelio.com\/auteur\/Pierre-Reverdy\/15710\"><span style=\"color: #0000ff;\">Pierre Reverdy<\/span><\/a> qui a \u00e9crit&nbsp;:<br \/>\n<\/span><\/p>\n<p style=\"margin-left: 28pt;\"><span style=\"color: #c00000; font-family: Arial;\">\u00ab&nbsp;On ne peut plus dormir tranquille quand on a une fois ouvert les yeux&nbsp;\u00bb<br \/>\n(<em>tir\u00e9 de \u00abplupart de temps\u00bb<\/em> )<br \/>\n<\/span><\/p>\n<p><span style=\"color: #777777; font-family: Arial;\">Il a aussi \u00e9t\u00e9 invit\u00e9 par Claire Chazal sur la 5, <span style=\"color: #0000ff;\"><a style=\"color: #0000ff;\" href=\"https:\/\/www.youtube.com\/watch?v=gnjJSH8ktxE\">&lt;\u00e9mission&gt;<\/a><\/span> dans laquelle on voit de courts extraits du spectacle.<br \/>\n<\/span><\/p>\n<p><span style=\"color: #777777; font-family: Arial;\">Mais, finissons par un autre po\u00e8me de Pr\u00e9vert tir\u00e9 du recueil \u00ab&nbsp;Paroles&nbsp;\u00bb<br \/>\n<\/span><\/p>\n<p style=\"margin-left: 28pt;\"><span style=\"color: #c00000; font-family: Arial; text-decoration: underline;\"><strong><em>Paris at Night<br \/>\n<\/em><\/strong><\/span><\/p>\n<p style=\"margin-left: 28pt;\"><span style=\"color: #c00000; font-family: Arial;\">Trois allumettes, une \u00e0 une allum\u00e9es dans la nuit<br \/>\n<\/span><\/p>\n<p style=\"margin-left: 28pt;\"><span style=\"color: #c00000; font-family: Arial;\">La premi\u00e8re pour voir ton visage tout entier<br \/>\n<\/span><\/p>\n<p style=\"margin-left: 28pt;\"><span style=\"color: #c00000; font-family: Arial;\">La seconde pour voir tes yeux<br \/>\n<\/span><\/p>\n<p style=\"margin-left: 28pt;\"><span style=\"color: #c00000; font-family: Arial;\">La derni\u00e8re pour voir ta bouche<br \/>\n<\/span><\/p>\n<p style=\"margin-left: 28pt;\"><span style=\"color: #c00000; font-family: Arial;\">Et l&rsquo;obscurit\u00e9 toute enti\u00e8re pour me rappeler tout cela<br \/>\n<\/span><\/p>\n<p style=\"margin-left: 28pt;\"><span style=\"color: #c00000; font-family: Arial;\">En te serrant dans mes bras.<br \/>\n<\/span><\/p>\n<p><span style=\"color: #800000;\">&lt;1191&gt;<\/span><\/p>\n","protected":false},"excerpt":{"rendered":"<p>\u00ab&nbsp;La petite seconde d\u2019\u00e9ternit\u00e9 O\u00f9 tu m\u2019as embrass\u00e9e O\u00f9 je t\u2019ai embrass\u00e9e&nbsp;\u00bb Jacques Pr\u00e9vert Pour la Saint Valentin, ces vers de Jacques Pr\u00e9vert (1900-1977) extrait du po\u00e8me \u00ab&nbsp;Le Jardin&nbsp;\u00bb Le jardin Des milliers et des milliers d&rsquo;ann\u00e9es Ne sauraient suffire<\/p>\n","protected":false},"author":1,"featured_media":0,"comment_status":"open","ping_status":"closed","sticky":false,"template":"","format":"standard","meta":{"footnotes":""},"categories":[1],"tags":[46,29,8],"class_list":["post-6170","post","type-post","status-publish","format-standard","hentry","category-motdujour","tag-art","tag-hommage","tag-poesie"],"_links":{"self":[{"href":"https:\/\/lemotdujour.fr\/index.php?rest_route=\/wp\/v2\/posts\/6170","targetHints":{"allow":["GET"]}}],"collection":[{"href":"https:\/\/lemotdujour.fr\/index.php?rest_route=\/wp\/v2\/posts"}],"about":[{"href":"https:\/\/lemotdujour.fr\/index.php?rest_route=\/wp\/v2\/types\/post"}],"author":[{"embeddable":true,"href":"https:\/\/lemotdujour.fr\/index.php?rest_route=\/wp\/v2\/users\/1"}],"replies":[{"embeddable":true,"href":"https:\/\/lemotdujour.fr\/index.php?rest_route=%2Fwp%2Fv2%2Fcomments&post=6170"}],"version-history":[{"count":5,"href":"https:\/\/lemotdujour.fr\/index.php?rest_route=\/wp\/v2\/posts\/6170\/revisions"}],"predecessor-version":[{"id":12063,"href":"https:\/\/lemotdujour.fr\/index.php?rest_route=\/wp\/v2\/posts\/6170\/revisions\/12063"}],"wp:attachment":[{"href":"https:\/\/lemotdujour.fr\/index.php?rest_route=%2Fwp%2Fv2%2Fmedia&parent=6170"}],"wp:term":[{"taxonomy":"category","embeddable":true,"href":"https:\/\/lemotdujour.fr\/index.php?rest_route=%2Fwp%2Fv2%2Fcategories&post=6170"},{"taxonomy":"post_tag","embeddable":true,"href":"https:\/\/lemotdujour.fr\/index.php?rest_route=%2Fwp%2Fv2%2Ftags&post=6170"}],"curies":[{"name":"wp","href":"https:\/\/api.w.org\/{rel}","templated":true}]}}