{"id":616,"date":"2014-02-25T01:00:00","date_gmt":"2014-02-24T22:00:00","guid":{"rendered":"http:\/\/lemotdujour.fr\/?p=616"},"modified":"2020-10-10T22:02:58","modified_gmt":"2020-10-10T20:02:58","slug":"mardi-25022014","status":"publish","type":"post","link":"https:\/\/lemotdujour.fr\/?p=616","title":{"rendered":"Mardi 25 f\u00e9vrier 2014"},"content":{"rendered":"<div class=\"mdjDate\">Mardi 25\/02\/2014<\/div>\n<div class=\"mdjTexte\">\u00abLe mod\u00e8le de soci\u00e9t\u00e9 europ\u00e9en [&#8230;] repose sur le rapport interne de l\u2019Etat social et de la d\u00e9mocratie.<br \/>\nSi la progression permanente, depuis deux d\u00e9cennies, de l\u2019in\u00e9galit\u00e9 sociale (une tendance empiriquement prouv\u00e9e pour les pays industriels),<br \/>\nne se laisse pas inverser, ce rapport se d\u00e9chirera.\u00bb<\/div>\n<div class=\"mdjAuteur\">J\u00fcrgen Habermas<\/div>\n<p><a href=\"https:\/\/fr.wikipedia.org\/wiki\/J%C3%BCrgen_Habermas\"><span style=\"font-family: Arial;\"><strong><span style=\"color: #0000ff;\">J\u00fcrgen Habermas<\/span><\/strong><\/span><\/a><span style=\"color: #777777; font-family: Arial;\"> est n\u00e9 en le 18 juin 1929 en Allemagne.<br \/>\n<\/span><\/p>\n<p><img loading=\"lazy\" decoding=\"async\" class=\"alignleft\" src=\"https:\/\/lemotdujour.fr\/wp-content\/uploads\/2020\/10\/101020_1944_LundiXXmai21.jpg\" alt=\"\" width=\"341\" height=\"227\" align=\"left\"><span style=\"color: #777777; font-family: Arial;\">Il est assez unanimement reconnu comme un, sinon comme le philosophe politique le plus important en Europe.<br \/>\n<\/span><\/p>\n<p><span style=\"color: #777777; font-family: Arial;\">Le \u00ab&nbsp;<strong>Monde<\/strong>&nbsp;\u00bb vient de publier, le 23 f\u00e9vrier 2014, une tribune de sa part o\u00f9 il invite \u00e0 re politiser le d\u00e9bat, sinon\u2026pour aller vite \u00ab&nbsp;\u00e7a va mal finir\u2026&nbsp;\u00bb.<br \/>\n<\/span><\/p>\n<p><span style=\"color: #777777; font-family: Arial;\">Il met beaucoup en cause la politique allemande. La critique venant d&rsquo;un allemand et m\u00eame du plus grand intellectuel politique allemand n&rsquo;en est que plus pertinente.<br \/>\n<\/span><\/p>\n<p><span style=\"color: #777777; font-family: Arial;\">Lui aussi parle de l&rsquo;inversion \u00ab&nbsp;d&rsquo;une sorte de courbe&nbsp;\u00bb mais d&rsquo;une autre ampleur que celle de notre Pr\u00e9sident, il d\u00e9clare indispensable d&rsquo;inverser la progression de l&rsquo;in\u00e9galit\u00e9, autrement dit d&rsquo;amorcer la diminution des in\u00e9galit\u00e9s.<br \/>\n<\/span><\/p>\n<p><span style=\"color: #777777; font-family: Arial;\">Notion scientifiquement plus explicite que l&rsquo;inversion d&rsquo;une courbe qui semble \u00eatre l&rsquo;invention d&rsquo;un technocrate peu \u00e0 l&rsquo;aise avec des concepts math\u00e9matiques.<br \/>\n<\/span><\/p>\n<p><span style=\"color: #777777; font-family: Arial;\">Ci-apr\u00e8s un extrait de cette tribune que vous trouverez derri\u00e8re ce lien&nbsp;: &lt; <a href=\"https:\/\/www.lemonde.fr\/idees\/article\/2014\/02\/23\/repolitisons-le-debat-europeen-par-jurgen-habermas_4366441_3232.html\"><span style=\"color: #0000ff;\">Repolitisons le d\u00e9bat europ\u00e9en, par J\u00fcrgen Habermas<\/span><\/a> &gt;.<br \/>\n<\/span><\/p>\n<p style=\"margin-left: 28pt;\"><span style=\"color: #c00000; font-family: Arial;\">\u00ab&nbsp;Le mod\u00e8le de soci\u00e9t\u00e9 europ\u00e9en d\u00e9plor\u00e9 par tant de monde repose sur le rapport interne de l&rsquo;Etat social et de la d\u00e9mocratie. Si la progression permanente, depuis deux d\u00e9cennies, de l&rsquo;in\u00e9galit\u00e9 sociale (une tendance empiriquement prouv\u00e9e pour les pays industriels), ne se laisse pas inverser, ce rapport se d\u00e9chirera.<br \/>\n<\/span><\/p>\n<p style=\"margin-left: 28pt;\"><span style=\"color: #c00000; font-family: Arial;\">Cette d\u00e9rive vers une scission de la soci\u00e9t\u00e9 se combine d&rsquo;ailleurs \u00e0 une tendance alarmante, \u00e0 une paralysie politique croissante, ainsi qu&rsquo;\u00e0 un d\u00e9sint\u00e9r\u00eat prononc\u00e9 des \u00e9lecteurs appartenant la plupart du temps aux couches les moins favoris\u00e9es, c&rsquo;est-\u00e0-dire \u00e0 l&rsquo;effritement de la repr\u00e9sentation \u00e9gale de l&rsquo;\u00e9lectorat et du spectre entier de ses int\u00e9r\u00eats.<br \/>\n<\/span><\/p>\n<p style=\"margin-left: 28pt;\"><span style=\"color: #c00000; font-family: Arial;\">Il n&rsquo;est nul besoin de partager les pr\u00e9requis marxistes pour reconna\u00eetre dans le d\u00e9cha\u00eenement du capitalisme des march\u00e9s financiers l&rsquo;une des causes d\u00e9cisives de cette \u00e9volution \u2013 et pour en conclure qu&rsquo;il nous faut mener \u00e0 bien une re-r\u00e9gulation du secteur bancaire mondial se donnant toutes les chances de r\u00e9ussir, et avant tout dans un territoire \u00e9conomique ayant au moins le poids et la taille de la zone euro.<br \/>\n<\/span><\/p>\n<p style=\"margin-left: 28pt;\"><span style=\"color: #c00000; font-family: Arial;\">Le bon fonctionnement des banques europ\u00e9ennes, qui ne peuvent plus investir de fa\u00e7on rentable un capital virtuel hypertrophi\u00e9, coup\u00e9 de l&rsquo;\u00e9conomie r\u00e9elle, exige justement en premier lieu une solution europ\u00e9enne commune. Et mis \u00e0 part les sacrifices \u00e9vidents consentis dans les Etats en crise vis\u00e9s au premier chef par les mesures d&rsquo;aust\u00e9rit\u00e9, sacrifices dont nous savons d\u00e9j\u00e0 aujourd&rsquo;hui l&rsquo;ampleur, ce n&rsquo;est qu&rsquo;\u00e0 la fin de la crise que nous pourrons identifier ses victimes, qui aura pay\u00e9 les pots cass\u00e9s. Tout cela d\u00e9pend aussi de la politique que nous choisissons aujourd&rsquo;hui.<br \/>\n<\/span><\/p>\n<p style=\"margin-left: 28pt;\"><span style=\"color: #c00000; font-family: Arial;\">[\u2026]<br \/>\n<\/span><\/p>\n<p style=\"margin-left: 28pt;\"><span style=\"color: #c00000; font-family: Arial;\">Je me limite \u00e0 justifier la n\u00e9cessit\u00e9 d&rsquo;un changement politique par trois probl\u00e8mes urgents, mais jusqu&rsquo;\u00e0 pr\u00e9sent largement ni\u00e9s. Le gouvernement f\u00e9d\u00e9ral allemand a, depuis mai 2010, et de fa\u00e7on tout \u00e0 fait vigoureuse, fait avant tout valoir la position semi-h\u00e9g\u00e9monique de l&rsquo;Allemagne en Europe. Il a ainsi g\u00e9n\u00e9r\u00e9 un effet d\u00e9flagrant dans la politique int\u00e9rieure europ\u00e9enne, qu&rsquo;aucune rh\u00e9torique de l&rsquo;apaisement ne vient juguler. En outre, la gestion de crise a conduit ces derni\u00e8res ann\u00e9es \u00e0 une extension informelle des comp\u00e9tences du Conseil et de la Commission, qui aggrave de fa\u00e7on spectaculaire l&rsquo;actuel d\u00e9ficit de l\u00e9gitimation de l&rsquo;Union europ\u00e9enne, et provoque l&rsquo;intervention de r\u00e9sistances nationales. Cette politique est v\u00e9ritablement inqui\u00e9tante en ce qu&rsquo;elle ne touche pas aux causes de la crise.<br \/>\n<\/span><\/p>\n<p style=\"margin-left: 28pt;\"><span style=\"color: #c00000; font-family: Arial;\">Le gouvernement f\u00e9d\u00e9ral, en raison de son poids \u00e9conomique et de sa puissance de n\u00e9gociation informelle, a impos\u00e9 au Conseil europ\u00e9en les id\u00e9es allemandes visant \u00e0 surmonter les crises, des id\u00e9es ordolib\u00e9rales. Il a contraint les pays en crise \u00e0 des \u00ab&nbsp;r\u00e9formes&nbsp;\u00bb radicales, sans endosser la responsabilit\u00e9, au niveau europ\u00e9en global, des cons\u00e9quences plus que s\u00e9v\u00e8res de cette politique d&rsquo;aust\u00e9rit\u00e9 manquant de tout \u00e9quilibre en mati\u00e8re sociale.<br \/>\n<\/span><\/p>\n<p style=\"margin-left: 28pt;\"><span style=\"color: #c00000; font-family: Arial;\">[\u2026]<br \/>\n<\/span><\/p>\n<p style=\"margin-left: 28pt;\"><span style=\"color: #c00000; font-family: Arial;\">La division de l&rsquo;Europe entre pays payeurs et pays b\u00e9n\u00e9ficiant de ces paiements incite fortement, dans les vies publiques nationales, aux accusations mutuelles et \u00e0 la d\u00e9signation de boucs \u00e9missaires. La perception r\u00e9ciproquement d\u00e9form\u00e9e de destins in\u00e9gaux dans la crise jusqu&rsquo;\u00e0 l&rsquo;obsc\u00e9nit\u00e9 a aussi \u00e9t\u00e9 renforc\u00e9e en Allemagne par une fausse interpr\u00e9tation des causes de la crise.<br \/>\n<\/span><\/p>\n<p style=\"margin-left: 28pt;\"><span style=\"color: #c00000; font-family: Arial;\">Car, la Gr\u00e8ce except\u00e9e, la cause imm\u00e9diate du surendettement des Etats fut l&rsquo;\u00e9volution de l&rsquo;endettement priv\u00e9, et non, comme on le pr\u00e9tend, la politique budg\u00e9taire des gouvernements concern\u00e9s. Mais c&rsquo;est avant tout la mani\u00e8re de se focaliser sur la probl\u00e9matique des dettes \u00e9tatiques qui explique le refoulement actif, jusqu&rsquo;\u00e0 aujourd&rsquo;hui, dans la gestion de crise, des probl\u00e8mes structurels fondamentaux.&nbsp;\u00bb<br \/>\n<\/span><\/p>\n<p><span style=\"color: #800000; font-family: Arial;\">&lt;245&gt;<\/span><\/p>\n","protected":false},"excerpt":{"rendered":"<p>Mardi 25\/02\/2014 \u00abLe mod\u00e8le de soci\u00e9t\u00e9 europ\u00e9en [&#8230;] repose sur le rapport interne de l\u2019Etat social et de la d\u00e9mocratie. Si la progression permanente, depuis deux d\u00e9cennies, de l\u2019in\u00e9galit\u00e9 sociale (une tendance empiriquement prouv\u00e9e pour les pays industriels), ne se<\/p>\n","protected":false},"author":1,"featured_media":0,"comment_status":"closed","ping_status":"closed","sticky":false,"template":"","format":"standard","meta":{"footnotes":""},"categories":[1],"tags":[50,129,3],"class_list":["post-616","post","type-post","status-publish","format-standard","hentry","category-motdujour","tag-europe","tag-inegalite","tag-politique"],"_links":{"self":[{"href":"https:\/\/lemotdujour.fr\/index.php?rest_route=\/wp\/v2\/posts\/616","targetHints":{"allow":["GET"]}}],"collection":[{"href":"https:\/\/lemotdujour.fr\/index.php?rest_route=\/wp\/v2\/posts"}],"about":[{"href":"https:\/\/lemotdujour.fr\/index.php?rest_route=\/wp\/v2\/types\/post"}],"author":[{"embeddable":true,"href":"https:\/\/lemotdujour.fr\/index.php?rest_route=\/wp\/v2\/users\/1"}],"replies":[{"embeddable":true,"href":"https:\/\/lemotdujour.fr\/index.php?rest_route=%2Fwp%2Fv2%2Fcomments&post=616"}],"version-history":[{"count":3,"href":"https:\/\/lemotdujour.fr\/index.php?rest_route=\/wp\/v2\/posts\/616\/revisions"}],"predecessor-version":[{"id":9805,"href":"https:\/\/lemotdujour.fr\/index.php?rest_route=\/wp\/v2\/posts\/616\/revisions\/9805"}],"wp:attachment":[{"href":"https:\/\/lemotdujour.fr\/index.php?rest_route=%2Fwp%2Fv2%2Fmedia&parent=616"}],"wp:term":[{"taxonomy":"category","embeddable":true,"href":"https:\/\/lemotdujour.fr\/index.php?rest_route=%2Fwp%2Fv2%2Fcategories&post=616"},{"taxonomy":"post_tag","embeddable":true,"href":"https:\/\/lemotdujour.fr\/index.php?rest_route=%2Fwp%2Fv2%2Ftags&post=616"}],"curies":[{"name":"wp","href":"https:\/\/api.w.org\/{rel}","templated":true}]}}