{"id":6142,"date":"2019-02-06T02:13:40","date_gmt":"2019-02-06T01:13:40","guid":{"rendered":"http:\/\/lemotdujour.fr\/?p=6142"},"modified":"2021-08-26T14:37:38","modified_gmt":"2021-08-26T12:37:38","slug":"mercredi-6-fevrier-2019","status":"publish","type":"post","link":"https:\/\/lemotdujour.fr\/?p=6142","title":{"rendered":"Mercredi 6 f\u00e9vrier 2019"},"content":{"rendered":"<div class=\"mdjTexte\">\t\u00ab&nbsp;Repos&nbsp;\u00bb<\/div>\n<div class=\"mdjAuteur\">\tUn jour sans mot du jour<\/div>\n<p><span style=\"color: #777777; font-family: Arial;\">Comme je l&rsquo;avais annonc\u00e9 lors du <a href=\"https:\/\/lemotdujour.fr\/?p=6058\"><span style=\"color: #0000ff;\">mot du jour du 28 janvier 2019<\/span><\/a> il peut arriver que je n&rsquo;aie pas eu le temps de finaliser un mot du jour. C&rsquo;est le cas aujourd&rsquo;hui.<br \/>\n<\/span><\/p>\n<p><img loading=\"lazy\" decoding=\"async\" class=\"alignleft\" src=\"https:\/\/lemotdujour.fr\/wp-content\/uploads\/2019\/02\/020519_2111_Mercredi6fv1.jpg\" alt=\"\" width=\"295\" height=\"209\" align=\"left\"><span style=\"color: #777777; font-family: Arial;\">Mais si voulez quand m\u00eame de la lecture, je vous propose le mot du jour \u00e9crit pour un 6 f\u00e9vrier\u2026.mais de l&rsquo;ann\u00e9e 2015<br \/>\n<\/span><\/p>\n<p style=\"margin-left: 14pt;\"><span style=\"color: navy; font-family: Verdana; font-size: 12pt;\"><strong>\u00abL&rsquo;exception fran\u00e7aise ce n&rsquo;est pas la non ouverture des magasins le dimanche, L&rsquo;exception fran\u00e7aise c&rsquo;est la non ouverture des biblioth\u00e8ques\u00bb<br \/>\n<\/strong><\/span><span style=\"color: maroon; font-family: Arial; font-size: 12pt;\">Patrick Weil<br \/>\n<\/span><\/p>\n<p><span style=\"color: #777777; font-family: Arial;\">Historien et sp\u00e9cialiste des questions de citoyennet\u00e9 et d&rsquo;immigration, Patrick Weill \u00e9tait l&rsquo;invit\u00e9 du 7-9 de France Inter de ce mercredi 4 f\u00e9vrier sur le th\u00e8me de la la\u00efcit\u00e9.<br \/>\n<\/span><\/p>\n<p><span style=\"color: #777777; font-family: Arial;\">Je vous donne, \u00e0 la fin du message, le lien vers la page de cette \u00e9mission tr\u00e8s int\u00e9ressante.<br \/>\n<\/span><\/p>\n<p><span style=\"color: #777777; font-family: Arial;\">Il dit des choses simples : \u00ab\u00a0la la\u00efcit\u00e9 c&rsquo;est le droit de pratiquer sa Foi et le droit de blasph\u00e9mer, l&rsquo;un ne va pas sans l&rsquo;autre\u00a0\u00bb<br \/>\n<\/span><\/p>\n<p><span style=\"color: #777777; font-family: Arial;\">Il tient aussi des propos plus iconoclastes <a href=\"http:\/\/www.lopinion.fr\/11-aout-2013\/patrick-weil-qu-on-laisse-en-paix-femmes-voilees-2885\">\u00ab Qu&rsquo;on laisse en paix les femmes voil\u00e9es \u00bb<\/a><br \/>\n<\/span><\/p>\n<p><span style=\"color: #777777; font-family: Arial;\">Mais ce qui m&rsquo;a surtout interpell\u00e9 ce sont les propos qu&rsquo;il a tenu sur les biblioth\u00e8ques. Il faut savoir qu&rsquo;il est pr\u00e9sident de <a href=\"http:\/\/fr.wikipedia.org\/wiki\/Biblioth%C3%A8ques_Sans_Fronti%C3%A8res\">Biblioth\u00e8ques Sans Fronti\u00e8res<\/a>,&nbsp; ONG fran\u00e7aise, \u00e0 but non lucratif, \u00e9galement pr\u00e9sente en Belgique, au Mexique, aux \u00c9tats-Unis et au Portugal qui vise \u00e0 faciliter l&rsquo;acc\u00e8s au savoir dans les pays en voie de d\u00e9veloppement par l&rsquo;appui au d\u00e9veloppement des fonds des biblioth\u00e8ques, des \u00e9coles et des universit\u00e9s, la formation de documentalistes, l&rsquo;informatisation de centres documentaires et la structuration de r\u00e9seaux de biblioth\u00e8ques.<br \/>\n<\/span><\/p>\n<p><span style=\"color: #777777; font-family: Arial;\">Il a dit notamment<br \/>\n<\/span><\/p>\n<p style=\"margin-left: 28pt;\"><span style=\"color: #c00000; font-family: Arial;\">\u00ab Vous savez combien de temps ouvre en moyenne une biblioth\u00e8que publique en France ? 15 heures par semaine<br \/>\n<\/span><span style=\"color: #c00000; font-family: Arial;\">Il n&rsquo;y a que 6% des biblioth\u00e8ques fran\u00e7aises qui ouvrent 30 heures ou plus.<br \/>\n<\/span><span style=\"color: #c00000; font-family: Arial;\">A Amsterdam ils ouvrent 70 heures.<br \/>\n<\/span><span style=\"color: #c00000; font-family: Arial;\">C&rsquo;est \u00e0 dire que ce grand pays de la culture, de la la\u00efcit\u00e9 a ses biblioth\u00e8ques ferm\u00e9s.<br \/>\n<\/span><span style=\"color: #c00000; font-family: Arial;\">Il y a un projet de Loi en discussion actuellement qui projette d&rsquo;ouvrir les magasins, en France, le dimanche<br \/>\n<\/span><\/p>\n<p style=\"margin-left: 28pt;\"><span style=\"color: #c00000; font-family: Arial;\">L&rsquo;exception fran\u00e7aise ce n&rsquo;est pas la non ouverture des magasins le dimanche, en Allemagne ils sont ferm\u00e9s.<br \/>\n<\/span><span style=\"color: #c00000; font-family: Arial;\">L&rsquo;exception fran\u00e7aise c&rsquo;est la non ouverture des biblioth\u00e8ques<br \/>\n<\/span><span style=\"color: #c00000; font-family: Arial;\">C&rsquo;est l\u00e0 qu&rsquo;on peut se cultiver [\u2026]<br \/>\n<\/span><\/p>\n<p style=\"margin-left: 28pt;\"><span style=\"color: #c00000; font-family: Arial;\">C&rsquo;est l\u00e0 que les enfants qui n&rsquo;ont pas l&rsquo;internet, pas de livres chez eux peuvent aller travailler dans le calme<br \/>\n<\/span><span style=\"color: #c00000; font-family: Arial;\">Vous savez Steve Jobs et Bill Gates n&rsquo;ont pas pr\u00e9par\u00e9 la cr\u00e9ation de leurs entreprises dans les magasins le dimanche, mais dans les biblioth\u00e8ques.<br \/>\n<\/span><span style=\"color: #c00000; font-family: Arial;\">Aux Etats Unis les biblioth\u00e8ques sont ouverts jour et nuit.\u00bb<br \/>\n<\/span><\/p>\n<p><a href=\"http:\/\/www.franceinter.fr\/emission-le-79-patrick-weil-on-doit-pouvoir-croire-et-pouvoir-blasphemer\"><span style=\"font-family: Arial;\"><span style=\"color: #0000ff;\">http:\/\/www.franceinter.fr\/emission-le-79-patrick-weil-on-doit-pouvoir-croire-et-pouvoir-blasphemer<\/span><\/span><\/a><span style=\"color: #777777; font-family: Arial;\"><br \/>\n<\/span><\/p>\n<p><span style=\"color: #777777; font-family: Arial;\">Il parle des biblioth\u00e8ques dans la seconde vid\u00e9o de la page un peu apr\u00e8s 5 mn.<br \/>\n<\/span><\/p>\n<p><a href=\"http:\/\/www.enssib.fr\/bibliotheque-numerique\/documents\/60169-l-extension-des-horaires-d-ouverture-des-bibliotheques-progres-et-obstacles.pdf\"><span style=\"font-family: Arial;\"><span style=\"color: #0000ff;\">&lt;Ici un rapport de 2012 au Ministre de l&rsquo;enseignement sur l&rsquo;extension des horaires d&rsquo;ouverture des biblioth\u00e8ques avec pour sous-titre : progr\u00e8s et obstacles&gt;<\/span><\/span><\/a><span style=\"color: #777777; font-family: Arial;\"><br \/>\n<\/span><\/p>\n<p><span style=\"color: #777777; font-family: Arial;\">Moi qui croyais de Steve Jobs et Bill Gates avaient commenc\u00e9 leur fabuleuse aventure dans des garages, mais \u00e0 y bien r\u00e9fl\u00e9chir probablement que Patrick Weil a raison ils ont certainement commenc\u00e9 dans les biblioth\u00e8ques.<br \/>\n<\/span><\/p>\n<p><span style=\"color: #800000; font-family: Arial;\">&lt;Mot sans num\u00e9ro&gt;<\/span><\/p>\n","protected":false},"excerpt":{"rendered":"<p>\u00ab&nbsp;Repos&nbsp;\u00bb Un jour sans mot du jour Comme je l&rsquo;avais annonc\u00e9 lors du mot du jour du 28 janvier 2019 il peut arriver que je n&rsquo;aie pas eu le temps de finaliser un mot du jour. C&rsquo;est le cas aujourd&rsquo;hui.<\/p>\n","protected":false},"author":1,"featured_media":0,"comment_status":"open","ping_status":"closed","sticky":false,"template":"","format":"standard","meta":{"footnotes":""},"categories":[1],"tags":[107,10,15],"class_list":["post-6142","post","type-post","status-publish","format-standard","hentry","category-motdujour","tag-culture","tag-economie","tag-france"],"_links":{"self":[{"href":"https:\/\/lemotdujour.fr\/index.php?rest_route=\/wp\/v2\/posts\/6142","targetHints":{"allow":["GET"]}}],"collection":[{"href":"https:\/\/lemotdujour.fr\/index.php?rest_route=\/wp\/v2\/posts"}],"about":[{"href":"https:\/\/lemotdujour.fr\/index.php?rest_route=\/wp\/v2\/types\/post"}],"author":[{"embeddable":true,"href":"https:\/\/lemotdujour.fr\/index.php?rest_route=\/wp\/v2\/users\/1"}],"replies":[{"embeddable":true,"href":"https:\/\/lemotdujour.fr\/index.php?rest_route=%2Fwp%2Fv2%2Fcomments&post=6142"}],"version-history":[{"count":6,"href":"https:\/\/lemotdujour.fr\/index.php?rest_route=\/wp\/v2\/posts\/6142\/revisions"}],"predecessor-version":[{"id":12069,"href":"https:\/\/lemotdujour.fr\/index.php?rest_route=\/wp\/v2\/posts\/6142\/revisions\/12069"}],"wp:attachment":[{"href":"https:\/\/lemotdujour.fr\/index.php?rest_route=%2Fwp%2Fv2%2Fmedia&parent=6142"}],"wp:term":[{"taxonomy":"category","embeddable":true,"href":"https:\/\/lemotdujour.fr\/index.php?rest_route=%2Fwp%2Fv2%2Fcategories&post=6142"},{"taxonomy":"post_tag","embeddable":true,"href":"https:\/\/lemotdujour.fr\/index.php?rest_route=%2Fwp%2Fv2%2Ftags&post=6142"}],"curies":[{"name":"wp","href":"https:\/\/api.w.org\/{rel}","templated":true}]}}