{"id":614,"date":"2014-02-24T01:00:00","date_gmt":"2014-02-23T22:00:00","guid":{"rendered":"http:\/\/lemotdujour.fr\/?p=614"},"modified":"2017-05-08T13:21:10","modified_gmt":"2017-05-08T11:21:10","slug":"lundi-24022014","status":"publish","type":"post","link":"https:\/\/lemotdujour.fr\/?p=614","title":{"rendered":"Lundi 24\/02\/2014"},"content":{"rendered":"<div class=\"mdjDate\">Lundi 24\/02\/2014<\/div>\n<div class=\"mdjTexte\">\u00ab Peuplier, tes feuilles brillent blanc dans la nuit<br \/>Les cheveux de ma m\u00e8re n&rsquo;ont jamais blanchi.<br \/>Pissenlit, si verte est l&rsquo;Ukraine<br \/>Ma m\u00e8re aux blonds cheveux n&rsquo;est pas revenue.<br \/>Nuage de pluie, menaces-tu au-dessus du puits ?<br \/>Ma m\u00e8re silencieuse pleure pour chacun.<br \/>\u00c9toile ronde, tu enroules la boucle d&rsquo;or<br \/>Le c\u0153ur de ma m\u00e8re fut transperc\u00e9 par le plomb.<br \/>Porte en ch\u00eane, qui t&rsquo;a soulev\u00e9e de tes gonds ?<br \/>Ma douce m\u00e8re ne peut revenir.\u00a0\u00bb<\/div>\n<div class=\"mdjAuteur\">Paul Celan, Po\u00e8me \u00ab\u00a0Le peuplier\u00a0\u00bb<\/div>\n<div class=\"mdjComplements\">J&rsquo;ai entendu ce po\u00e8me lors des matins de France Culture du Vendredi 21 f\u00e9vrier.<\/div>\n<div class=\"mdjComplements\">Po\u00e8me en l&rsquo;honneur de L&rsquo;Ukraine appel\u00e9 le grenier \u00e0 bl\u00e9 de l&rsquo;Europe, doublement martyris\u00e9 par Staline puis par Hitler. L&rsquo;Ukraine qui a \u00e9t\u00e9 \u00e0 la une de l&rsquo;actualit\u00e9 ces derniers jours, \u00e0 cause des jours de violence qui se sont d\u00e9roul\u00e9s \u00e0 Kiev.<\/div>\n<div class=\"mdjComplements\">Je ne connaissais pas Paul Celan qui est un po\u00e8te et traducteur roumain de langue allemande, naturalis\u00e9 fran\u00e7ais en 1955, et d\u00e9c\u00e9d\u00e9 \u00e0 Paris le 20 avril 1970.<\/div>\n<div class=\"mdjComplements\"><a href=\"http:\/\/fr.wikipedia.org\/wiki\/Paul_Celan\">Wikipedia<\/a> nous apprend qu&rsquo;il est l&rsquo;auteur d&rsquo;une \u0153uvre absolument novatrice et qu&rsquo;il est souvent consid\u00e9r\u00e9 comme le plus grand po\u00e8te de langue allemande de l&rsquo;apr\u00e8s-guerre.<\/div>\n<div class=\"mdjComplements\">Il est le seul fils d&rsquo;une famille juive de Cern\u0103u\u021bi, Bucovine, r\u00e9gion aujourd&rsquo;hui en Ukraine, qui durant l&rsquo;entre-deux-guerres a fait partie de la Roumanie.<\/div>\n<div class=\"mdjComplements\">En 1942, ses parents qui refusent de se cacher, sont envoy\u00e9s dans un camp d\u2019internement en Transnistrie (qui \u00e9tait, avant 1940, une autre r\u00e9gion de la Roumanie, reprise en 1941), o\u00f9 son p\u00e8re meurt de typhus. Sa m\u00e8re, selon certains t\u00e9moignages, est quant \u00e0 elle ex\u00e9cut\u00e9e d&rsquo;une balle dans la nuque.<\/div>\n<div class=\"mdjComplements\">En 1943, Paul est envoy\u00e9 dans un camp de travail forc\u00e9 en Moldavie. Il est lib\u00e9r\u00e9 par les Russes en 1944, change son nom en Paul Aurel, Paul Ancel et finalement Paul Celan.<\/div>\n<div class=\"mdjComplements\"><a href=\"http:\/\/www.profencampagne.com\/article-un-jour-un-auteur-paul-celan-108281301.html\">&lt;Une autre page d\u00e9di\u00e9e \u00e0 cet auteur&gt;<\/a><\/div>\n","protected":false},"excerpt":{"rendered":"<p>Lundi 24\/02\/2014 \u00ab Peuplier, tes feuilles brillent blanc dans la nuitLes cheveux de ma m\u00e8re n&rsquo;ont jamais blanchi.Pissenlit, si verte est l&rsquo;UkraineMa m\u00e8re aux blonds cheveux n&rsquo;est pas revenue.Nuage de pluie, menaces-tu au-dessus du puits ?Ma m\u00e8re silencieuse pleure pour<\/p>\n","protected":false},"author":1,"featured_media":0,"comment_status":"closed","ping_status":"closed","sticky":false,"template":"","format":"standard","meta":{"footnotes":""},"categories":[1],"tags":[],"class_list":["post-614","post","type-post","status-publish","format-standard","hentry","category-motdujour"],"_links":{"self":[{"href":"https:\/\/lemotdujour.fr\/index.php?rest_route=\/wp\/v2\/posts\/614","targetHints":{"allow":["GET"]}}],"collection":[{"href":"https:\/\/lemotdujour.fr\/index.php?rest_route=\/wp\/v2\/posts"}],"about":[{"href":"https:\/\/lemotdujour.fr\/index.php?rest_route=\/wp\/v2\/types\/post"}],"author":[{"embeddable":true,"href":"https:\/\/lemotdujour.fr\/index.php?rest_route=\/wp\/v2\/users\/1"}],"replies":[{"embeddable":true,"href":"https:\/\/lemotdujour.fr\/index.php?rest_route=%2Fwp%2Fv2%2Fcomments&post=614"}],"version-history":[{"count":1,"href":"https:\/\/lemotdujour.fr\/index.php?rest_route=\/wp\/v2\/posts\/614\/revisions"}],"predecessor-version":[{"id":615,"href":"https:\/\/lemotdujour.fr\/index.php?rest_route=\/wp\/v2\/posts\/614\/revisions\/615"}],"wp:attachment":[{"href":"https:\/\/lemotdujour.fr\/index.php?rest_route=%2Fwp%2Fv2%2Fmedia&parent=614"}],"wp:term":[{"taxonomy":"category","embeddable":true,"href":"https:\/\/lemotdujour.fr\/index.php?rest_route=%2Fwp%2Fv2%2Fcategories&post=614"},{"taxonomy":"post_tag","embeddable":true,"href":"https:\/\/lemotdujour.fr\/index.php?rest_route=%2Fwp%2Fv2%2Ftags&post=614"}],"curies":[{"name":"wp","href":"https:\/\/api.w.org\/{rel}","templated":true}]}}