{"id":6127,"date":"2019-02-08T00:21:46","date_gmt":"2019-02-07T23:21:46","guid":{"rendered":"http:\/\/lemotdujour.fr\/?p=6127"},"modified":"2021-08-26T14:35:13","modified_gmt":"2021-08-26T12:35:13","slug":"vendredi-8-fevrier-2019","status":"publish","type":"post","link":"https:\/\/lemotdujour.fr\/?p=6127","title":{"rendered":"Vendredi 8 f\u00e9vrier 2019"},"content":{"rendered":"<div class=\"mdjTexte\">\t\u00ab&nbsp;O\u00f9 atterrir&nbsp;?&nbsp;\u00bb<\/div>\n<div class=\"mdjAuteur\">\tBruno Latour<\/div>\n<p><span style=\"color: #777777; font-family: Arial;\">Lundi j&rsquo;\u00e9voquais un ouvrage sur la d\u00e9mocratie, aujourd&rsquo;hui c&rsquo;est l&rsquo;\u00e9cologie qui est au c\u0153ur de la r\u00e9flexion et du livre de Bruno Latour&nbsp;: \u00ab&nbsp;<a href=\"https:\/\/editionsladecouverte.fr\/catalogue\/index-O___atterrir__-9782707197009.html\"><span style=\"color: #0000ff;\">O\u00f9 atterrir ? Comment s&rsquo;orienter en politique<\/span>&nbsp;<\/a>\u00bb aux \u00e9ditions La D\u00e9couverte.<br \/>\n<\/span><\/p>\n<p><span style=\"color: #777777; font-family: Arial;\">C&rsquo;est encore un livre que j&rsquo;aurais voulu lire avant d&rsquo;en parler. Je n&rsquo;y ai pas renonc\u00e9, mais ce n&rsquo;est pas pour tout de suite. Or cet ouvrage date d\u00e9j\u00e0 d&rsquo;octobre 2017.<br \/>\n<\/span><\/p>\n<p><span style=\"color: #777777; font-family: Arial;\">J&rsquo;en ai entendu parler lors de la Grande Table du 09\/10\/2017&nbsp;: \u00ab&nbsp;<a href=\"https:\/\/www.franceculture.fr\/emissions\/la-grande-table-2eme-partie\/la-grande-table-2eme-partie-lundi-9-octobre-2017\"><span style=\"color: #0000ff;\">La nature politique de Bruno Latour<\/span><\/a>&nbsp;\u00bb<br \/>\n<\/span><\/p>\n<p><img decoding=\"async\" class=\"alignleft\" src=\"https:\/\/lemotdujour.fr\/wp-content\/uploads\/2019\/02\/020219_2321_Vendredi8fv1.jpg\" alt=\"\" align=\"left\"><span style=\"color: #777777; font-family: Arial;\">Bruno Latour est Agr\u00e9g\u00e9 de philosophie et s&rsquo;est int\u00e9ress\u00e9 par la suite \u00e0 l&rsquo;anthropologie. Mais depuis quelques ann\u00e9es son sujet central de r\u00e9flexion principal est celui de l&rsquo;\u00e9cologie.<br \/>\n<\/span><\/p>\n<p><span style=\"color: #777777; font-family: Arial;\">Si vous vous int\u00e9ressez un peu \u00e0 ce philosophe, vous lirez un peu partout&nbsp;: \u00ab<span style=\"color: #0000ff;\">&nbsp;<a style=\"color: #0000ff;\" href=\"https:\/\/www.franceinter.fr\/emissions\/la-tete-au-carre\/la-tete-au-carre-17-octobre-2017\">Bruno Latour est l&rsquo;auteur fran\u00e7ais le plus cit\u00e9 et le plus traduit dans le monde<\/a>.<\/span>&nbsp;\u00bb<br \/>\n<\/span><\/p>\n<p><span style=\"color: #777777; font-family: Arial;\">Le point central de sa r\u00e9flexion est ce constat que la modernit\u00e9, la globalisation \u00e9conomique telle qu&rsquo;elle est lanc\u00e9e ne dispose pas d&rsquo;une Terre, c&rsquo;est-\u00e0-dire d&rsquo;une plan\u00e8te qui permette de s&rsquo;\u00e9panouir.<br \/>\n<\/span><\/p>\n<p><span style=\"color: #777777; font-family: Arial;\">Il a utilis\u00e9 dans son ouvrage pr\u00e9c\u00e9dent le terme de \u00ab&nbsp;<strong>GAIA<\/strong>&nbsp;\u00bb qui dans la mythologie grecque est une d\u00e9esse primordiale identifi\u00e9e \u00e0 la \u00ab D\u00e9esse m\u00e8re \u00bb pour essayer d&rsquo;illustrer sa d\u00e9marche.<br \/>\n<\/span><\/p>\n<p><span style=\"color: #777777; font-family: Arial;\">Cet ouvrage pr\u00e9c\u00e9dent \u00ab<span style=\"color: #0000ff;\">&nbsp;<a style=\"color: #0000ff;\" href=\"https:\/\/www.editionsladecouverte.fr\/catalogue\/index-Face____Ga__a-9782359251272.html\">Face \u00e0 Ga\u00efa&nbsp;<\/a><\/span>\u00bb avait pour sous-titre&nbsp;: \u00ab&nbsp;<strong>Huit conf\u00e9rences sur le nouveau r\u00e9gime climatique<\/strong>&nbsp;\u00bb<br \/>\n<\/span><\/p>\n<p><span style=\"color: #777777; font-family: Arial;\">La Pr\u00e9sentation de ce livre explique&nbsp;:<br \/>\n<\/span><\/p>\n<p style=\"margin-left: 28pt;\"><span style=\"color: #c00000; font-family: Arial;\">\u00ab&nbsp;Ga\u00efa n&rsquo;est pas le Globe, n&rsquo;est pas la Terre-M\u00e8re, n&rsquo;est pas une d\u00e9esse pa\u00efenne, mais elle n&rsquo;est pas non plus la Nature, telle qu&rsquo;on l&rsquo;imagine depuis le XVIIe si\u00e8cle, cette Nature qui sert de pendant \u00e0 la subjectivit\u00e9 humaine. La Nature constituait l&rsquo;arri\u00e8re-plan de nos actions.<br \/>\n<\/span><\/p>\n<p style=\"margin-left: 28pt;\"><span style=\"color: #c00000; font-family: Arial;\">Or, \u00e0 cause des effets impr\u00e9vus de l&rsquo;histoire humaine, ce que nous regroupions sous le nom de Nature quitte l&rsquo;arri\u00e8re-plan et monte sur sc\u00e8ne. L&rsquo;air, les oc\u00e9ans, les glaciers, le climat, les sols, tout ce que nous avons rendu instable, interagit avec nous. Nous sommes entr\u00e9s dans la g\u00e9ohistoire. C&rsquo;est l&rsquo;\u00e9poque de l&rsquo;Anthropoc\u00e8ne. Avec le risque d&rsquo;une guerre de tous contre tous.<br \/>\n<\/span><\/p>\n<p style=\"margin-left: 28pt;\"><span style=\"color: #c00000; font-family: Arial;\">L&rsquo;ancienne Nature dispara\u00eet et laisse la place \u00e0 un \u00eatre dont il est difficile de pr\u00e9voir les manifestations. Cet \u00eatre, loin d&rsquo;\u00eatre stable et rassurant, semble constitu\u00e9 d&rsquo;un ensemble de boucles de r\u00e9troactions en perp\u00e9tuel bouleversement. Ga\u00efa est le nom qui lui convient le mieux.&nbsp;\u00bb<br \/>\n<\/span><\/p>\n<p><span style=\"color: #777777; font-family: Arial;\">\u00ab&nbsp;<strong>O\u00f9 atterrir<\/strong>&nbsp;\u00bb est la suite de cette r\u00e9flexion.<br \/>\n<\/span><\/p>\n<p><span style=\"color: #777777; font-family: Arial;\">Et en effet, s&rsquo;il n&rsquo;existe pas de plan\u00e8te, de terre, de sol, de territoire pour y loger le Globe de la globalisation vers lequel tous les pays pr\u00e9tendent se diriger, pour vivre tous comme des am\u00e9ricains, il s&rsquo;agit d&rsquo;atterrir. C&rsquo;est-\u00e0-dire prendre en compte les contraintes et les ressources dont on dispose.<br \/>\n<\/span><\/p>\n<p><span style=\"color: #777777; font-family: Arial;\">Pour pr\u00e9senter ce livre<span style=\"color: #0000ff;\"> <a style=\"color: #0000ff;\" href=\"https:\/\/www.philomag.com\/les-livres\/notre-selection\/ou-atterrir-comment-sorienter-en-politique-25352\">Philosophie Magazine<\/a> <\/span>\u00e9crit&nbsp;:<br \/>\n<\/span><\/p>\n<p style=\"margin-left: 28pt;\"><span style=\"color: #c00000; font-family: Arial;\">\u00ab&nbsp;L&rsquo;\u00e9lection de Donald Trump a fait sortir Bruno Latour de ses gonds. [\u2026] posons les pi\u00e8ces du Meccano \u2013\u202fc&rsquo;est le c\u00f4t\u00e9 empirique, presque bricoleur, de Latour\u2009: la globalisation d\u00e9r\u00e9gul\u00e9e, le creusement vertigineux des in\u00e9galit\u00e9s, le climatoscepticisme, le Brexit, l&rsquo;acc\u00e8s de Trump \u00e0 la pr\u00e9sidence am\u00e9ricaine, l&rsquo;amplification des migrations en Europe, la crispation des identit\u00e9s locales et des fronti\u00e8res, la signature des accords de Paris apr\u00e8s la COP21. Pour le pire ou le meilleur, certains \u00e9l\u00e9ments soufflent vers le global, d&rsquo;autres ram\u00e8nent au lopin.<br \/>\n<\/span><\/p>\n<p style=\"margin-left: 28pt;\"><span style=\"color: #c00000; font-family: Arial;\">Latour les articule ensemble autour d&rsquo;un axe\u2009: le Nouveau R\u00e9gime Climatique (notion qu&rsquo;il \u00e9laborait dans Face \u00e0 Ga\u00efa, 2015) qui nous requiert.<br \/>\n<\/span><\/p>\n<p style=\"margin-left: 28pt;\"><span style=\"color: #c00000; font-family: Arial;\">Car nous le savons, nous commen\u00e7ons \u00e0 l&rsquo;\u00e9prouver, la plan\u00e8te ne survivra pas aux r\u00eaves exponentiels de modernisation, l&rsquo;\u00e9preuve commune \u00e0 tous sera, est d\u00e9j\u00e0 pour des millions de migrants, \u00ab\u202fde se retrouver priv\u00e9 de terre\u202f\u00bb. Cette \u00e9vidence, insiste Latour en serrant ses boulons, la poign\u00e9e \u00ab\u202fd&rsquo;\u00e9lites\u202f\u00bb qui d\u00e9r\u00e9gulent \u00e0 tour de bras l&rsquo;a comprise d\u00e8s la fin des ann\u00e9es 1980. C&rsquo;est pourquoi elles nient \u00e9nergiquement le r\u00e9chauffement climatique pour, tant qu&rsquo;il est encore temps et avant la panique g\u00e9n\u00e9rale, faire main basse sur les richesses et se mettre \u00e0 l&rsquo;abri hors du monde, \u00ab\u202fhors sol\u202f\u00bb (la th\u00e8se est \u00ab\u202fabrupte\u202f\u00bb, Latour nous avait pr\u00e9venus\u2009!).<br \/>\n<\/span><\/p>\n<p style=\"margin-left: 28pt;\"><span style=\"color: #c00000; font-family: Arial;\">La Grande-Bretagne, patrie du capitalisme, et les \u00c9tats-Unis, principaux responsables des in\u00e9galit\u00e9s mondiales et du d\u00e9r\u00e8glement climatique, choisissent de faire s\u00e9cession du monde commun en s&rsquo;isolant en forteresses. Trump d\u00e9nonce les accords de Paris sur le climat, promet le profit maximal r\u00e9serv\u00e9 \u00e0 la seule Am\u00e9rique et ferme les fronti\u00e8res. [\u2026]<br \/>\n<\/span><\/p>\n<p style=\"margin-left: 28pt;\"><span style=\"color: #c00000; font-family: Arial;\">Le plus int\u00e9ressant vient ensuite, [\u2026] Il s&rsquo;agit en gros de r\u00e9orienter la tension de l&rsquo;axe du progr\u00e8s entre le \u00ab\u202fGlobal\u202f\u00bb (la Terre vue de haut \u00e0 la mani\u00e8re des id\u00e9aux des Modernes) et le \u00ab\u202fLocal\u202f\u00bb (l&rsquo;attachement au territoire), sur lequel se d\u00e9terminait la partition gauche\/droite, en le triangulant avec un troisi\u00e8me p\u00f4le attracteur\u2009: le \u00ab\u202fTerrestre\u202f\u00bb, qui permettrait au local de s&rsquo;ouvrir et au global de reformater ses horizons infinis. Attachement et d\u00e9tachement, sortir \u00e0 la fois de l&rsquo;illusion des fronti\u00e8res et de celle d&rsquo;un \u00ab\u202fGrand Dehors\u202f\u00bb, tel est le programme pour rendre le monde, le seul que nous ayons, habitable et partageable par tous.\u00bb<br \/>\n<\/span><\/p>\n<p><span style=\"color: #777777; font-family: Arial;\">En exergue de livre, Bruno Latour a ironiquement fait figurer une phrase de Jared Kushner, le gendre de Donald Trump : \u00ab <span style=\"color: #c00000;\">Nous avons assez lu de livres<span style=\"color: #777777;\">. \u00bb<br \/>\n<\/span><\/span><\/span><\/p>\n<p><span style=\"color: #777777; font-family: Arial;\">Il \u00e9met surtout une hypoth\u00e8se qu&rsquo;il avoue ne pas pouvoir d\u00e9montrer et qui est cit\u00e9 plus pr\u00e9cis\u00e9ment par &lt;<a href=\"https:\/\/www.mediapart.fr\/journal\/culture-idees\/011217\/bruno-latour-diagnostique-un-atterrissage-complique-pour-l-humanite\"><span style=\"color: #0000ff;\">MEDIAPART<\/span><\/a>&gt;&nbsp;:<br \/>\n<\/span><\/p>\n<p style=\"margin-left: 28pt;\"><span style=\"color: #c00000; font-family: Arial;\">\u00ab&nbsp;Tout cela participe du m\u00eame ph\u00e9nom\u00e8ne&nbsp;: les \u00e9lites ont \u00e9t\u00e9 si bien convaincues qu&rsquo;il n&rsquo;y aurait pas de vie future pour tout le monde qu&rsquo;elles ont d\u00e9cid\u00e9 de se d\u00e9barrasser au plus vite de tous les fardeaux de la solidarit\u00e9 \u2013 c&rsquo;est la d\u00e9r\u00e9gulation&nbsp;: qu&rsquo;il fallait construire une sorte de forteresse dor\u00e9e pour les quelques pour cent qui allaient pouvoir s&rsquo;en tirer \u2013 c&rsquo;est l&rsquo;explosion des in\u00e9galit\u00e9s&nbsp;; et que pour dissimuler l&rsquo;\u00e9go\u00efsme crasse d&rsquo;une telle fuite hors du monde commun, il fallait absolument rejeter la menace \u00e0 l&rsquo;origine de cette fuite \u00e9perdue \u2013 c&rsquo;est la d\u00e9n\u00e9gation de la mutation climatique.&nbsp;\u00bb<br \/>\n<\/span><\/p>\n<p style=\"margin-left: 28pt;\"><span style=\"color: #c00000; font-family: Arial;\">Pour Bruno Latour, nous serions face \u00e0 une situation o\u00f9, pour \u00ab&nbsp;reprendre la m\u00e9taphore \u00e9cul\u00e9e du Titanic&nbsp;: les gens \u00e9clair\u00e9s voient l&rsquo;iceberg arriver droit sur la proue, savent que le naufrage est assur\u00e9, s&rsquo;approprient les canots de sauvetage&nbsp;; demandent \u00e0 l&rsquo;orchestre de jouer assez longtemps des berceuses pour qu&rsquo;ils profitent de la nuit noire pour se carapater avant que la g\u00eete excessive alerte les autres classes&nbsp;!&nbsp;\u00bb.<br \/>\n<\/span><\/p>\n<p style=\"margin-left: 28pt;\"><span style=\"color: #c00000; font-family: Arial;\">Qu&rsquo;une partie importante des classes dirigeantes soit arriv\u00e9e \u00e0 la conclusion que, si elles \u00ab&nbsp;voulaient survivre \u00e0 leur aise, il ne fallait plus faire semblant, m\u00eame en r\u00eave, de partager la terre avec le reste du monde&nbsp;\u00bb<br \/>\n<\/span><\/p>\n<p><span style=\"color: #777777; font-family: Arial;\">Et MEDIAPART pour renforcer cette accusation cite&nbsp;:<br \/>\n<\/span><\/p>\n<p style=\"margin-left: 28pt;\"><span style=\"color: #c00000; font-family: Arial;\">\u00ab&nbsp;<span style=\"color: #0000ff;\"> <a style=\"color: #0000ff;\" href=\"https:\/\/www.revueducrieur.fr\/archives\/sommaire07.html\" target=\"_blank\" rel=\"noopener\">l&rsquo;article traduit dans le num\u00e9ro 7 de la <em>Revue du Crieur<\/em><\/a><\/span>. Celui-ci montre que les ultrariches de la Silicon Valley ou des startups new-yorkaises, pourtant cens\u00e9s afficher leur confiance en l&rsquo;avenir technologique de l&rsquo;homme, commencent en r\u00e9alit\u00e9 \u00e0 stocker vivres et munitions, \u00e0 acheter des terrains recul\u00e9s, \u00e0 se faire construire des bunkers de luxe et \u00e0 se faire op\u00e9rer des yeux pour survivre dans un monde o\u00f9 l&rsquo;on ne pourra pas acheter ses lentilles de contact en bas de chez soi\u2026&nbsp;\u00bb<br \/>\n<\/span><\/p>\n<p><span style=\"color: #777777; font-family: Arial;\">Pour lui il semble donc que le d\u00e9ni climatique, la d\u00e9r\u00e9gulation \u00e9conomique et financi\u00e8re soient 3 faces de la m\u00eame r\u00e9alit\u00e9.<br \/>\n<\/span><\/p>\n<p><span style=\"color: #0000ff;\"><a style=\"color: #0000ff;\" href=\"https:\/\/www.lesinrocks.com\/2017\/10\/15\/actualite\/bruno-latour-la-seule-politique-coherente-du-gouvernement-trump-est-lorganisation-du-deni-climatique-11996147\/\"><span style=\"font-family: Arial;\">&lt;Le journal Les inrocks&gt;<\/span><\/a><\/span><span style=\"color: #777777; font-family: Arial;\"> lui pose la question qui vient naturellement concernant le complotisme de cette hypoth\u00e8se&nbsp;:<br \/>\n<\/span><\/p>\n<p style=\"margin-left: 28pt;\"><span style=\"color: #c00000; font-family: Arial;\"><em>\u00ab&nbsp;Vous estimez que les \u00e9lites ont abandonn\u00e9 l&rsquo;id\u00e9e de monde commun. Elles auraient saisi la r\u00e9alit\u00e9 des alertes sur le r\u00e9chauffement et en seraient arriv\u00e9es \u00e0 la conclusion qu&rsquo;il n&rsquo;y aurait plus assez de place sur terre pour elles et pour le reste de ses habitants. Elles auraient alors mis en place une strat\u00e9gie de d\u00e9n\u00e9gation du changement climatique pour d\u00e9r\u00e9guler et s&rsquo;accaparer plus de richesses. Assumez-vous l&rsquo;accent complotiste d&rsquo;une telle th\u00e9orie ?<br \/>\n<\/em><\/span><\/p>\n<p style=\"margin-left: 28pt;\"><span style=\"color: #c00000; font-family: Arial;\">Oui, cela peut sentir la th\u00e9orie du complot, mais vous savez, le probl\u00e8me, c&rsquo;est que les complots sont parfois exacts. Et en plus, celui l\u00e0 est au grand jour. Hier encore le ministre de l&rsquo;environnement de Donald Trump a suspendu la seule mesure un peu ferme qu&rsquo;avait pris Barack Obama pour diminuer les \u00e9missions \u00e9tatsuniennes de CO2. Il ne s&rsquo;agit pas ici d&rsquo;un complot souterrain que j&rsquo;aurais invent\u00e9 mais d&rsquo;une d\u00e9cision publique qui confirme exactement ce que je dis : la seule politique coh\u00e9rente du gouvernement Trump \u2013 tout le reste est compl\u00e8tement chaotique &#8211; c&rsquo;est l&rsquo;organisation du d\u00e9ni climatique. C&rsquo;est quand m\u00eame tr\u00e8s impressionnant. L&rsquo;argument de l&rsquo;abandon de la solidarit\u00e9 par les \u00e9lites, l\u00e0, j&rsquo;avoue, je n&rsquo;ai pas de preuves directes que cela a un lien avec la r\u00e9alisation de la crise \u00e9cologique.&nbsp;\u00bb<br \/>\n<\/span><\/p>\n<p><span style=\"color: #777777; font-family: Arial;\">Bruno Latour affirme ainsi dans plusieurs interventions&nbsp;:<br \/>\n<\/span><\/p>\n<p style=\"margin-left: 28pt;\"><span style=\"color: #c00000; font-family: Arial;\">\u00ab&nbsp;Les super-riches ont renonc\u00e9 \u00e0 l&rsquo;id\u00e9e d&rsquo;un monde commun&nbsp;\u00bb<br \/>\n<\/span><\/p>\n<p><span style=\"color: #777777; font-family: Arial;\">Vous pourrez aussi lire cet entretien publi\u00e9 par \u00ab&nbsp;<strong>L&rsquo;Obs<\/strong>&nbsp;\u00bb&nbsp;: <a href=\"https:\/\/bibliobs.nouvelobs.com\/idees\/20171013.OBS5970\/rechauffement-climatique-le-j-accuse-de-bruno-latour.html\"><span style=\"color: #0000ff;\">R\u00e9chauffement climatique : le \u00ab\u00a0J&rsquo;accuse\u00a0\u00bb de Bruno Latour<\/span><\/a><br \/>\n<\/span><\/p>\n<p><span style=\"color: #777777; font-family: Arial;\">J&rsquo;en tire les extraits suivants&nbsp;:<br \/>\n<\/span><\/p>\n<p style=\"margin-left: 28pt;\"><span style=\"color: #c00000; font-family: Arial;\">\u00ab&nbsp;C&rsquo;est un r\u00e9quisitoire cinglant. Le dernier essai de Bruno Latour s&rsquo;appelle \u00abO\u00f9 atterrir?\u00bb. Et d\u00e8s les premi\u00e8res pages, le philosophe s&rsquo;interroge sur l&rsquo;\u00e9trange passivit\u00e9 de l&rsquo;humanit\u00e9 devant le r\u00e9chauffement climatique. [\u2026]<br \/>\n<\/span><\/p>\n<p style=\"margin-left: 28pt;\"><span style=\"color: #c00000; font-family: Arial;\">Plus grave encore au regard des normes actuelles du d\u00e9bat public: Latour prend la d\u00e9fense du peuple, y compris quand celui-ci se d\u00e9tourne de la mondialisation, se met \u00e0 avoir peur, r\u00e9clame un sol, une tradition, une identit\u00e9\u2026 Latour, universitaire globe-trotter et citoyen du monde, virerait-il populiste? Non. Simplement, \u00e9crit-il, il faut avant de juger se rappeler que \u00abce peuple a \u00e9t\u00e9 froidement trahi\u00bb, qu&rsquo;il a \u00e9t\u00e9 \u00ababandonn\u00e9 en rase campagne\u00bb par ceux qui avaient la charge de maintenir le monde commun. A l&rsquo;oral, recevant \u00abl&rsquo;Obs\u00bb, il est encore plus cash.<br \/>\n<\/span><\/p>\n<p style=\"margin-left: 28pt;\"><span style=\"color: #c00000; font-family: Arial;\">\u00ab\u00a0Ma proposition est la suivante: au lieu d&rsquo;accuser les gens d&rsquo;\u00eatre des r\u00e9actionnaires ou des populistes, d&rsquo;\u00eatre des connards, on devrait leur dire que, oui, c&rsquo;est vrai, on s&rsquo;est mal orient\u00e9.\u00bb\u00a0\u00bb<br \/>\n<\/span><\/p>\n<p style=\"margin-left: 28pt;\"><span style=\"color: #c00000; font-family: Arial;\">Il a une fa\u00e7on tr\u00e8s dr\u00f4le de prononcer \u00abconnard\u00bb, imitant le m\u00e9pris de classe qui suinte de tant de discours actuels sur les classes populaires. Dans son livre, il lui arrive d&rsquo;avoir la dent tr\u00e8s dure avec ces \u00absuper-riches\u00bb qui vivent \u00abhors-sol\u00bb, accumulant les miles \u00e0 forcer de sillonner la plan\u00e8te\u2026<br \/>\n<\/span><\/p>\n<p style=\"margin-left: 28pt;\"><span style=\"color: #c00000; font-family: Arial;\">[\u2026]<br \/>\n<\/span><\/p>\n<p style=\"margin-left: 28pt;\"><span style=\"color: #c00000; font-family: Arial;\">Le Moderne s&rsquo;est plac\u00e9 en surplomb de la nature et aujourd&rsquo;hui, celle-ci se venge. Son essai, qui sort cette semaine, prend le temps d&rsquo;expliquer ce retournement:<br \/>\n<\/span><\/p>\n<p style=\"margin-left: 28pt;\"><span style=\"color: #c00000; font-family: Arial;\">\u00ab\u00a0Voil\u00e0 que sous le sol de la propri\u00e9t\u00e9 priv\u00e9e, de l&rsquo;accaparement des terres, de l&rsquo;exploitation des territoires, un autre sol, une autre terre, un autre territoire s&rsquo;est mis \u00e0 remuer, \u00e0 trembler, \u00e0 s&rsquo;\u00e9mouvoir\u00bb, \u00e9crit-il avec son style imag\u00e9.\u00bb\u00a0\u00bb<br \/>\n<\/span><\/p>\n<p style=\"margin-left: 28pt;\"><span style=\"color: #c00000; font-family: Arial;\">[\u2026]<br \/>\n<\/span><\/p>\n<p style=\"margin-left: 28pt;\"><span style=\"color: #c00000; font-family: Arial;\">A l&rsquo;\u00e9tranger, son \u0153uvre jouit depuis longtemps d&rsquo;une influence immense. Un classement en a fait le dixi\u00e8me penseur le plus cit\u00e9 au monde. L&rsquo;Allemand Peter Sloterdijk, la Belge Isabelle Stengers (qui a popularis\u00e9 le th\u00e8me de Ga\u00efa), l&rsquo;Am\u00e9ricaine Donna Haraway (auteur du \u00abManifeste cyborg\u00bb) ou l&rsquo;ethnopsychiatre fran\u00e7ais Tobie Nathan se sont nourris de ses travaux.&nbsp;\u00bb<br \/>\n<\/span><\/p>\n<p><span style=\"color: #777777; font-family: Arial;\">Il y a aussi l&rsquo;entretien de Bruno Latour dans Lib\u00e9ration : \u00ab<span style=\"color: #0000ff;\"><a style=\"color: #0000ff;\" href=\"https:\/\/www.liberation.fr\/debats\/2018\/03\/16\/bruno-latour-avec-le-rechauffement-le-sol-se-derobe-sous-nos-pieds-a-tous_1636709\">Avec le r\u00e9chauffement, le sol se d\u00e9robe sous nos pieds \u00e0 tous<\/a><\/span>\u00bb publi\u00e9 en mars 2018<br \/>\n<\/span><\/p>\n<p><span style=\"color: #777777; font-family: Arial;\">Dans cet article l&rsquo;attitude de Trump de sortir de l&rsquo;accord de Paris est analys\u00e9 comme une clarification des positions&nbsp;:<br \/>\n<\/span><\/p>\n<p style=\"margin-left: 28pt;\"><span style=\"color: #c00000; font-family: Arial;\">\u00ab<em>Le d\u00e9tonateur du livre est la sortie des Etats-Unis de l&rsquo;accord de Paris, le 1er juin 2017. Pour la premi\u00e8re fois, un gouvernement assume le fait que l&rsquo;humanit\u00e9 se s\u00e9pare d\u00e9sormais en deux, que \u00abnous, les nantis, n&rsquo;appartenons pas \u00e0 la m\u00eame Terre que vous, et que vous mourrez avec elle\u00bb. En quoi cette d\u00e9cision nous aide-t-elle \u00e0 d\u00e9finir un cap politique ?<\/em><br \/>\n<\/span><\/p>\n<p style=\"margin-left: 28pt;\"><span style=\"color: #c00000; font-family: Arial;\">Les hommes politiques ont longtemps maintenu une hypocrisie de fa\u00e7ade, personne n&rsquo;avait os\u00e9 rompre ainsi. On reconnaissait qu&rsquo;il y avait des probl\u00e8mes \u00e9cologiques, mais on disait que le d\u00e9veloppement allait continuer et qu&rsquo;il serait partag\u00e9, \u00e0 terme, avec tout le monde. Or c&rsquo;est la premi\u00e8re fois que le pays le plus responsable de cette situation, avec l&rsquo;Europe et la Chine, dit \u00abnon, nous ne partagerons pas, ce qui vous arrive ne nous arrive pas\u00bb. Cela a permis, au moins, de mettre la question \u00e9cologique au centre de la politique.&nbsp;\u00bb<br \/>\n<\/span><\/p>\n<p><span style=\"color: #777777; font-family: Arial;\">Vous pourrez trouver encore de nombreux \u00e9claircissements sur cette r\u00e9flexion :<br \/>\n<\/span><\/p>\n<p><span style=\"color: #777777; font-family: Arial;\">Quoi de mieux que d&rsquo;aller \u00e0 la source&nbsp;: une conf\u00e9rence de Bruno Latour de 1h43 \u00e0 l&rsquo;AGORA DES SAVOIRS&nbsp;: &lt;<span style=\"color: #0000ff;\"><a style=\"color: #0000ff;\" href=\"https:\/\/www.youtube.com\/watch?v=IIltiQWncN4\">Bruno Latour &#8211; O\u00f9 atterrir ? : Comment s&rsquo;orienter en politique<\/a><\/span>&gt; <\/span><\/p>\n<p><span style=\"color: #777777; font-family: Arial;\"><a href=\"https:\/\/esprit.presse.fr\/article\/latour-bruno\/une-terre-sans-peuple-des-peuples-sans-terre-entretien-39829?folder=2\"><span style=\"color: #0000ff;\">&lt;Et puis ce remarquable entretien dans la Revue Esprit&gt;<\/span><\/a><br \/>\n<\/span><\/p>\n<p><span style=\"color: #777777; font-family: Arial;\">Il y a aussi ces deux \u00e9missions de France Culture&nbsp;: <span style=\"color: #0000ff;\">&lt;<\/span><a href=\"https:\/\/www.franceculture.fr\/emissions\/matieres-a-penser-avec-frederic-worms\/objectif-terre\"><span style=\"color: #0000ff;\">Objectif Terre !<\/span>&gt;<\/a> et <a href=\"https:\/\/www.franceculture.fr\/emissions\/avis-critique\/bruno-latour-le-nouveau-regime-climatique\">&lt;<span style=\"color: #0000ff;\">Bruno Latour, le nouveau r\u00e9gime climatique<\/span>&gt;<\/a> dans laquelle est \u00e9galement \u00e9voqu\u00e9 le livre \u00ab&nbsp;<strong>L&rsquo;entraide. L&rsquo;autre loi de la jungle &#8211; Pablo Servigne et Gauthier Chapelle<\/strong>&nbsp;\u00bb qui a d\u00e9j\u00e0 fait l&rsquo;objet d&rsquo;un mot du jour&nbsp;: <span style=\"color: #0000ff;\"><a style=\"color: #0000ff;\" href=\"https:\/\/lemotdujour.fr\/?p=3748\">le 18 d\u00e9cembre 2017<\/a><\/span><br \/>\n<\/span><\/p>\n<p><span style=\"color: #777777; font-family: Arial;\">Il peut aussi \u00eatre int\u00e9ressant de lire ce billet de blog qui critique le livre de Bruno Latour&nbsp;: \u00ab&nbsp; <a href=\"https:\/\/blogs.mediapart.fr\/jean-francois-bayart\/blog\/040718\/faut-il-monter-dans-l-avion-de-bruno-latour\"><span style=\"color: #0000ff;\">Faut-il monter dans l&rsquo;avion de Bruno Latour ?<\/span>&nbsp;<\/a>\u00bb<br \/>\n<\/span><\/p>\n<p><span style=\"color: #800000;\">&lt;1187&gt;<\/span><\/p>\n","protected":false},"excerpt":{"rendered":"<p>\u00ab&nbsp;O\u00f9 atterrir&nbsp;?&nbsp;\u00bb Bruno Latour Lundi j&rsquo;\u00e9voquais un ouvrage sur la d\u00e9mocratie, aujourd&rsquo;hui c&rsquo;est l&rsquo;\u00e9cologie qui est au c\u0153ur de la r\u00e9flexion et du livre de Bruno Latour&nbsp;: \u00ab&nbsp;O\u00f9 atterrir ? Comment s&rsquo;orienter en politique&nbsp;\u00bb aux \u00e9ditions La D\u00e9couverte. C&rsquo;est encore<\/p>\n","protected":false},"author":1,"featured_media":0,"comment_status":"open","ping_status":"closed","sticky":false,"template":"","format":"standard","meta":{"footnotes":""},"categories":[1],"tags":[43,10,44],"class_list":["post-6127","post","type-post","status-publish","format-standard","hentry","category-motdujour","tag-ecologie","tag-economie","tag-rechauffement"],"_links":{"self":[{"href":"https:\/\/lemotdujour.fr\/index.php?rest_route=\/wp\/v2\/posts\/6127","targetHints":{"allow":["GET"]}}],"collection":[{"href":"https:\/\/lemotdujour.fr\/index.php?rest_route=\/wp\/v2\/posts"}],"about":[{"href":"https:\/\/lemotdujour.fr\/index.php?rest_route=\/wp\/v2\/types\/post"}],"author":[{"embeddable":true,"href":"https:\/\/lemotdujour.fr\/index.php?rest_route=\/wp\/v2\/users\/1"}],"replies":[{"embeddable":true,"href":"https:\/\/lemotdujour.fr\/index.php?rest_route=%2Fwp%2Fv2%2Fcomments&post=6127"}],"version-history":[{"count":7,"href":"https:\/\/lemotdujour.fr\/index.php?rest_route=\/wp\/v2\/posts\/6127\/revisions"}],"predecessor-version":[{"id":12067,"href":"https:\/\/lemotdujour.fr\/index.php?rest_route=\/wp\/v2\/posts\/6127\/revisions\/12067"}],"wp:attachment":[{"href":"https:\/\/lemotdujour.fr\/index.php?rest_route=%2Fwp%2Fv2%2Fmedia&parent=6127"}],"wp:term":[{"taxonomy":"category","embeddable":true,"href":"https:\/\/lemotdujour.fr\/index.php?rest_route=%2Fwp%2Fv2%2Fcategories&post=6127"},{"taxonomy":"post_tag","embeddable":true,"href":"https:\/\/lemotdujour.fr\/index.php?rest_route=%2Fwp%2Fv2%2Ftags&post=6127"}],"curies":[{"name":"wp","href":"https:\/\/api.w.org\/{rel}","templated":true}]}}