{"id":6122,"date":"2019-02-04T00:28:14","date_gmt":"2019-02-03T23:28:14","guid":{"rendered":"http:\/\/lemotdujour.fr\/?p=6122"},"modified":"2021-08-26T14:40:04","modified_gmt":"2021-08-26T12:40:04","slug":"lundi-4-fevrier-2019","status":"publish","type":"post","link":"https:\/\/lemotdujour.fr\/?p=6122","title":{"rendered":"Lundi 4 f\u00e9vrier 2019"},"content":{"rendered":"<div class=\"mdjTexte\">\t\u00ab&nbsp;Le peuple contre la d\u00e9mocratie\u00bb<\/div>\n<div class=\"mdjAuteur\">\tYascha Mounk<\/div>\n<p><span style=\"color: #777777; font-family: Arial;\">Cette semaine je vais pr\u00e9senter un certain nombre de livres sur lesquels j&rsquo;ai lu des articles et surtout \u00e9cout\u00e9 des entretiens avec les auteurs de ces livres et que j&rsquo;ai trouv\u00e9 tr\u00e8s int\u00e9ressants.<br \/>\n<\/span><\/p>\n<p><span style=\"color: #777777; font-family: Arial;\">J&rsquo;aurai voulu les approfondir et m\u00eame en lire certains avant d&rsquo;en parler. Mais comme je vous l&rsquo;ai expliqu\u00e9 lors du mot du jour du &lt;<a href=\"https:\/\/lemotdujour.fr\/?p=6058\"><span style=\"color: #0000ff;\">Lundi 28 janvier 2018<\/span><\/a>&gt;, je dois poursuivre d&rsquo;autres priorit\u00e9s.<br \/>\n<\/span><\/p>\n<p><span style=\"color: #777777; font-family: Arial;\">Le premier livre concerne un sujet essentiel de l&rsquo;actualit\u00e9 international et fran\u00e7aise&nbsp;: \u00ab&nbsp;<strong>la d\u00e9mocratie<\/strong>&nbsp;\u00bb. En effet la d\u00e9mocratie lib\u00e9rale, respectueuse du Droit, des r\u00e8gles constitutionnelles du respect de l&rsquo;opposition et du respect tout court est de plus en plus bouscul\u00e9e, contest\u00e9e et mise \u00e0 mal. Malgr\u00e9 la stabilit\u00e9, la prosp\u00e9rit\u00e9 et la s\u00e9curit\u00e9 qu&rsquo;elle a pu engendrer depuis 70 ans, la d\u00e9mocratie lib\u00e9rale est en effet en train de c\u00e9der partout dans le monde face aux assauts d&rsquo;un contre-mod\u00e8le populiste, autoritaire et r\u00e9actionnaire. Incarn\u00e9 par Donald Trump, ce changement d&rsquo;\u00e8re politique prend ailleurs le visage d&rsquo;Erdogan, la voix d&rsquo;Orban, la gestuelle de Maduro, les outrances de Salvini et les provocations de Farage. Critiqu\u00e9es par les experts, expos\u00e9es par la presse et d\u00e9nonc\u00e9es par leurs opposants, ces nouvelles figures de la modernit\u00e9 politique encha\u00eenent n\u00e9anmoins, semble-t-il contre toute logique, les succ\u00e8s \u00e9lectoraux.<br \/>\n<\/span><\/p>\n<p><img decoding=\"async\" class=\"alignleft\" src=\"https:\/\/lemotdujour.fr\/wp-content\/uploads\/2019\/02\/020219_1927_Lundi4fvrie1.jpg\" alt=\"\" align=\"left\"><span style=\"color: #777777; font-family: Arial;\">Ce livre a \u00e9t\u00e9 publi\u00e9 le 29 ao\u00fbt 2018<br \/>\n<\/span><\/p>\n<p><span style=\"color: #777777; font-family: Arial;\">L&rsquo;auteur en est <a href=\"https:\/\/fr.wikipedia.org\/wiki\/Yascha_Mounk\"><span style=\"color: #0000ff;\">Yascha Mounk<\/span><\/a>, jeune politologue allemand, naturalis\u00e9 am\u00e9ricain. Il est \u00e0 la fois universitaire, chercheur et charg\u00e9 de cours \u00e0 l&rsquo;universit\u00e9 Harvard \u00e0 Boston, et journaliste ind\u00e9pendant \u00e9crivant pour le New York Times, The Wall Street Journal, Foreign Affairs, Slate et Die Zeit.<br \/>\n<\/span><\/p>\n<p><span style=\"color: #777777; font-family: Arial;\">Si on creuse un peu davantage on comprend, selon Wikipedia, qu&rsquo;il est n\u00e9 en 1982 \u00e0 Munich et fils d&rsquo;une \u00e9migr\u00e9e polonaise ayant \u00e9migr\u00e9 avec ses parents en 1969 apr\u00e8s avoir \u00e9t\u00e9 autoris\u00e9s \u00e0 partir suite \u00e0 la purge des Juifs de l&rsquo;appareil communiste. En raison de ses origines, il se sentait toujours comme un \u00e9tranger dans son pays de naissance, et bien que l&rsquo;allemand soit sa langue maternelle, il ne s&rsquo;est jamais senti accept\u00e9 comme un \u00ab v\u00e9ritable Allemand \u00bb par ses pairs.<br \/>\n<\/span><\/p>\n<p><span style=\"color: #777777; font-family: Arial;\">L&rsquo;ouvrage qu&rsquo;il a \u00e9crit \u00ab&nbsp;<a href=\"https:\/\/livre.fnac.com\/a12362228\/Yascha-Mounk-Le-peuple-contre-la-democratie?omnsearchpos=5\"><span style=\"color: #0000ff;\">Le peuple contre la d\u00e9mocratie<\/span><\/a>\u00bb a \u00e9t\u00e9 tr\u00e8s comment\u00e9 sur les ondes de radio et dans les journaux.<br \/>\n<\/span><\/p>\n<p><span style=\"color: #777777; font-family: Arial;\">Pour ma part je l&rsquo;ai d\u00e9couvert lors des matins de France Culture du 4 septembre 2018&nbsp;: \u00ab&nbsp;<a href=\"https:\/\/www.franceculture.fr\/emissions\/linvite-des-matins\/pourquoi-la-democratie-ne-fait-plus-rever\"><span style=\"color: #0000ff;\">Pourquoi la d\u00e9mocratie ne fait plus r\u00eaver ?&nbsp;<\/span><\/a>\u00bb dans laquelle il \u00e9tait invit\u00e9.<br \/>\n<\/span><\/p>\n<p><span style=\"color: #777777; font-family: Arial;\">Le d\u00e9bat a \u00e9t\u00e9 pr\u00e9sent\u00e9 par Guillaume Erner de la mani\u00e8re suivante&nbsp;:<br \/>\n<\/span><\/p>\n<p style=\"margin-left: 28pt;\"><span style=\"color: #c00000; font-family: Arial;\">\u00ab&nbsp;Un monde en passe d&rsquo;\u00eatre englouti o\u00f9 il \u00e9tait possible de se contredire sans se ha\u00efr et de gagner sans \u00e9craser. Pourquoi la d\u00e9mocratie ne fait-elle plus r\u00eaver ?&nbsp;\u00bb<br \/>\n<\/span><\/p>\n<p><span style=\"color: #777777; font-family: Arial;\">Lors de cette \u00e9mission Yascha Mounk a dit notamment&nbsp;:<br \/>\n<\/span><\/p>\n<p style=\"margin-left: 28pt;\"><span style=\"color: #c00000; font-family: Arial;\">\u00ab&nbsp;On voit comment les populistes aiment \u00e0 dire que si quelque chose ne va pas bien dans le monde, c&rsquo;est toujours la faute des autres&nbsp;\u00bb\u2026<br \/>\n<\/span><\/p>\n<p style=\"margin-left: 28pt;\"><span style=\"color: #c00000; font-family: Arial;\">\u00ab&nbsp;Si on regarde Viktor Orban en Hongrie, c&rsquo;est peut-\u00eatre le populiste le plus dangereux\u2026 Pour moi, le probl\u00e8me principal d&rsquo;Orban, c&rsquo;est qu&rsquo;en Hongrie, il n&rsquo;y a plus de m\u00e9dia ind\u00e9pendant, l&rsquo;opposition n&rsquo;a pas une vraie chance de gagner les \u00e9lections car le syst\u00e8me \u00e9lectoral a \u00e9t\u00e9 chang\u00e9 en faveur d&rsquo;Orban. C&rsquo;est ce qui met en danger la d\u00e9mocratie. Il change le syst\u00e8me \u00e0 un tel point que ce n&rsquo;est plus possible de le chasser du pouvoir de mani\u00e8re d\u00e9mocratique.&nbsp;\u00bb<br \/>\n<\/span><\/p>\n<p style=\"margin-left: 28pt;\"><span style=\"color: #c00000; font-family: Arial;\">\u00ab&nbsp;A un certain moment, les peuples vont r\u00e9aliser \u00e0 quel point ils ont perdu de la libert\u00e9 : en Hongrie, en Pologne, en Russie, en Turquie.&nbsp;\u00bb<br \/>\n<\/span><\/p>\n<p style=\"margin-left: 28pt;\"><span style=\"color: #c00000; font-family: Arial;\"> Comment g\u00e9rer la libert\u00e9 religieuse dans une soci\u00e9t\u00e9 la\u00efque et multiethnique ? On peut clairement dire que la burqa est un probl\u00e8me dans une soci\u00e9t\u00e9 libre mais il vaut mieux ne pas la criminaliser.<br \/>\n<\/span><\/p>\n<p style=\"margin-left: 28pt;\"><span style=\"color: #c00000; font-family: Arial;\">\u00ab&nbsp;ll y a 50 ans, les pays occidentaux avaient une id\u00e9e mono ethnique d&rsquo;eux-m\u00eames. Maintenant, avec 50-60 ans d&rsquo;immigration dans leur histoire, cette id\u00e9e commence \u00e0 changer&#8230; C&rsquo;est \u00e9videmment un progr\u00e8s cette transition des soci\u00e9t\u00e9s mono ethniques en soci\u00e9t\u00e9s multiculturelles, mais je comprends que pour certains, cette transition est difficile, ils ont le sentiment d&rsquo;avoir quelque chose \u00e0 perdre.&nbsp;\u00bb<br \/>\n<\/span><\/p>\n<p style=\"margin-left: 28pt;\"><span style=\"color: #c00000; font-family: Arial;\">\u00ab&nbsp;Comment lutter contre ces populismes ? C&rsquo;est tr\u00e8s important de s&rsquo;engager politiquement car une fois que ces syst\u00e8mes politiques sont au pouvoir, c&rsquo;est tr\u00e8s difficile de les chasser. M\u00eame si on n&rsquo;aime pas les partis \u00e9tablis, si on a certains probl\u00e8mes avec les partis mod\u00e9r\u00e9s, c&rsquo;est tr\u00e8s important de s&rsquo;engager pour eux. Il y a aussi des causes plus structurelles sur la mont\u00e9e du populisme : il faut mener une politique \u00e9conomique pour le capitalisme le libre-\u00e9change mais qui s&rsquo;assure que les avantages de ce syst\u00e8me vont \u00e0 des Fran\u00e7ais moyens. Il faut aussi se battre pour un patriotisme inclusif.&nbsp;\u00bb<br \/>\n<\/span><\/p>\n<p><span style=\"color: #777777; font-family: Arial;\">Yascha Mounk \u00e9tait aussi l&rsquo;invit\u00e9 du grand Face \u00e0 Face de France Inter avec Ali Baddou, Natacha Polony&nbsp;: et Rapha\u00ebl Glucksmann&nbsp;: <a href=\"https:\/\/www.youtube.com\/watch?v=DEdW6tq8hx0\">&lt;<span style=\"color: #0000ff;\">Emission du 10 novembre 2018<\/span>&gt;<\/a>. Emission int\u00e9ressante que j&rsquo;ai \u00e9galement \u00e9cout\u00e9e.<br \/>\n<\/span><\/p>\n<p><a href=\"https:\/\/www.youtube.com\/watch?v=iybkGx5dFkw\"><span style=\"font-family: Arial;\"><span style=\"color: #0000ff;\">&lt;Il a \u00e9galement r\u00e9pondu aux questions de L\u00e9a Salam\u00e9<\/span>&gt;<\/span><\/a><span style=\"color: #777777; font-family: Arial;\"><br \/>\n<\/span><\/p>\n<p><span style=\"color: #777777; font-family: Arial;\">Pour les articles \u00e0 lire, vous trouverez cette interview du <a href=\"https:\/\/www.nouveau-magazine-litteraire.com\/idees\/yascha-mounk-nous-vivons-dans-un-systeme-raisonnablement-liberal-mais-insuffisamment-democratique\"><span style=\"color: #0000ff;\">&lt;Magazine Litt\u00e9raire&gt;<\/span><\/a>&nbsp;: \u00ab <strong>Nous vivons dans un syst\u00e8me raisonnablement lib\u00e9ral mais insuffisamment d\u00e9mocratique<\/strong> \u00bb<br \/>\n<\/span><\/p>\n<p><span style=\"color: #777777; font-family: Arial;\">Dans Telerama&nbsp;: \u00ab&nbsp;<a href=\"https:\/\/www.telerama.fr\/idees\/yascha-mounk-les-citoyens-se-detournent-de-la-democratie-en-nombre-de-plus-en-plus-important,n5870094.php\"><span style=\"color: #0000ff;\">Les citoyens se d\u00e9tournent de la d\u00e9mocratie en nombre de plus en plus important&nbsp;<\/span><\/a>\u00bb<br \/>\n<\/span><\/p>\n<p><span style=\"color: #777777; font-family: Arial;\">Et sur le site de ce nouveau journal passionnant Usbek &amp; Rica \u00ab<span style=\"color: #0000ff;\"> <a style=\"color: #0000ff;\" href=\"https:\/\/usbeketrica.com\/article\/il-n-y-a-jamais-eu-de-systeme-democratique-non-capitaliste\">Il n&rsquo;y a jamais eu de syst\u00e8me d\u00e9mocratique qui n&rsquo;ait pas \u00e9t\u00e9 capitaliste<\/a><\/span> \u00bb<br \/>\n<\/span><\/p>\n<p><span style=\"color: #777777; font-family: Arial;\">Dans Lib\u00e9ration&nbsp;: \u00ab&nbsp;<a href=\"https:\/\/www.liberation.fr\/debats\/2018\/09\/14\/yascha-mounk-lanceur-d-alerte-sur-la-democratie-en-danger_1678482\"><span style=\"color: #0000ff;\">Yascha Mounk, lanceur d&rsquo;alerte sur la d\u00e9mocratie en danger<\/span>&nbsp;<\/a>\u00bb<br \/>\n<\/span><\/p>\n<p><span style=\"color: #777777; font-family: Arial;\">J&rsquo;en tire l&rsquo;extrait suivant&nbsp;:<br \/>\n<\/span><\/p>\n<p style=\"margin-left: 28pt;\"><span style=\"color: #c00000; font-family: Arial;\">\u00ab&nbsp;Rarement le livre d&rsquo;un jeune chercheur \u00e9tranger, inconnu ou presque en France, n&rsquo;aura suscit\u00e9 un tel accueil. A commencer par celui du FigaroVox, la rubrique r\u00e9ac et souverainiste du <em>Figaro,<\/em> qui en a diffus\u00e9 les premiers extraits en exclusivit\u00e9 sur son site, devan\u00e7ant un long entretien dans les colonnes du <em>Point\u200a&nbsp;: \u00abUn livre ambitieux dont on cherche l&rsquo;\u00e9quivalent hexagonal\u00bb,<\/em> encense l&rsquo;hebdomadaire de la droite lib\u00e9rale. <em>La Croix,<\/em><br \/>\n<em>l&rsquo;Express<\/em>, France Culture, France Inter ou encore l&rsquo;\u00e9mission <em>C&nbsp;Politiques<\/em> sur France&nbsp;5 se sont positionn\u00e9s en queue de peloton de la tourn\u00e9e m\u00e9diatique. Presque un paradoxe pour ce ma\u00eetre de conf\u00e9rences \u00e0 l&rsquo;Universit\u00e9 de Harvard, <em>\u00ablib\u00e9ral de gauche\u00bb<\/em> revendiqu\u00e9, dont le livre propuls\u00e9 <em>\u00abessai politique de la rentr\u00e9e\u00bb<\/em>, <em>le Peuple contre la d\u00e9mocratie<\/em> (\u00e9d. de l&rsquo;Observatoire, traduction de son best-seller <em>The&nbsp;People vs. Democracy&nbsp;: Why Our Freedom Is In Danger And How to Save It),<\/em> analyse les grandes tendances politiques \u00e0 l&rsquo;\u00e9chelle plan\u00e9taire.<br \/>\n<\/span><\/p>\n<p style=\"margin-left: 28pt;\"><span style=\"color: #c00000; font-family: Arial;\">[\u2026] Affable et s&rsquo;exprimant dans un fran\u00e7ais impeccable, il d\u00e9roule le c\u0153ur de sa r\u00e9flexion&nbsp;: une th\u00e9orie sur la <em>\u00abd\u00e9consolidation d\u00e9mocratique\u00bb,<\/em> habilement construite entre la mont\u00e9e des populismes x\u00e9nophobes et la confiscation du pouvoir par les technocrates. Le populisme est, analyse-t-il, la r\u00e9action \u00e0 un syst\u00e8me lib\u00e9ral de moins en moins d\u00e9mocratique. L&rsquo;un entra\u00eenant l&rsquo;autre, et inversement, jusqu&rsquo;\u00e0 l&rsquo;usure de notre syst\u00e8me politique. Un constat lucide qui cartonne outre-Atlantique.&nbsp;\u00bb<br \/>\n<\/span><\/p>\n<p><span style=\"color: #777777; font-family: Arial;\">Le titre \u00ab&nbsp;Le peuple contre la d\u00e9mocratie&nbsp;\u00bb a pour premi\u00e8re signification que si les autocrates ou des gens dangereux arrivent au pouvoir c&rsquo;est parce qu&rsquo;une partie du peuple votent pour eux et qu&rsquo;une autre partie s&rsquo;abstient et se d\u00e9sint\u00e9resse de la politique.<br \/>\n<\/span><\/p>\n<p><span style=\"color: #777777; font-family: Arial;\">Je n&rsquo;approfondis pas davantage, mais tous les liens que je donnent permettent d&rsquo;en comprendre davantage sur la pens\u00e9e de ce jeune et brillant politologue.<br \/>\n<\/span><\/p>\n<p><a href=\"http:\/\/www.slate.fr\/source\/122475\/yascha-mounk\"><span style=\"font-family: Arial;\"><span style=\"color: #0000ff;\">&lt;Ici vous trouverez la page de Slate&gt; sur laquelle sont r\u00e9pertori\u00e9s tous ses articles sur ce site.<\/span><\/span><\/a><span style=\"color: #777777; font-family: Arial;\"><br \/>\n<\/span><\/p>\n<p><span style=\"color: #800000; font-family: Arial;\">&lt;1184&gt;<\/span><\/p>\n","protected":false},"excerpt":{"rendered":"<p>\u00ab&nbsp;Le peuple contre la d\u00e9mocratie\u00bb Yascha Mounk Cette semaine je vais pr\u00e9senter un certain nombre de livres sur lesquels j&rsquo;ai lu des articles et surtout \u00e9cout\u00e9 des entretiens avec les auteurs de ces livres et que j&rsquo;ai trouv\u00e9 tr\u00e8s int\u00e9ressants.<\/p>\n","protected":false},"author":1,"featured_media":0,"comment_status":"open","ping_status":"closed","sticky":false,"template":"","format":"standard","meta":{"footnotes":""},"categories":[1],"tags":[77,3,131],"class_list":["post-6122","post","type-post","status-publish","format-standard","hentry","category-motdujour","tag-democratie","tag-politique","tag-populisme"],"_links":{"self":[{"href":"https:\/\/lemotdujour.fr\/index.php?rest_route=\/wp\/v2\/posts\/6122","targetHints":{"allow":["GET"]}}],"collection":[{"href":"https:\/\/lemotdujour.fr\/index.php?rest_route=\/wp\/v2\/posts"}],"about":[{"href":"https:\/\/lemotdujour.fr\/index.php?rest_route=\/wp\/v2\/types\/post"}],"author":[{"embeddable":true,"href":"https:\/\/lemotdujour.fr\/index.php?rest_route=\/wp\/v2\/users\/1"}],"replies":[{"embeddable":true,"href":"https:\/\/lemotdujour.fr\/index.php?rest_route=%2Fwp%2Fv2%2Fcomments&post=6122"}],"version-history":[{"count":4,"href":"https:\/\/lemotdujour.fr\/index.php?rest_route=\/wp\/v2\/posts\/6122\/revisions"}],"predecessor-version":[{"id":12071,"href":"https:\/\/lemotdujour.fr\/index.php?rest_route=\/wp\/v2\/posts\/6122\/revisions\/12071"}],"wp:attachment":[{"href":"https:\/\/lemotdujour.fr\/index.php?rest_route=%2Fwp%2Fv2%2Fmedia&parent=6122"}],"wp:term":[{"taxonomy":"category","embeddable":true,"href":"https:\/\/lemotdujour.fr\/index.php?rest_route=%2Fwp%2Fv2%2Fcategories&post=6122"},{"taxonomy":"post_tag","embeddable":true,"href":"https:\/\/lemotdujour.fr\/index.php?rest_route=%2Fwp%2Fv2%2Ftags&post=6122"}],"curies":[{"name":"wp","href":"https:\/\/api.w.org\/{rel}","templated":true}]}}