{"id":612,"date":"2014-02-21T01:00:00","date_gmt":"2014-02-20T22:00:00","guid":{"rendered":"http:\/\/lemotdujour.fr\/?p=612"},"modified":"2017-05-08T13:21:08","modified_gmt":"2017-05-08T11:21:08","slug":"vendredi-21022014","status":"publish","type":"post","link":"https:\/\/lemotdujour.fr\/?p=612","title":{"rendered":"Vendredi 21\/02\/2014"},"content":{"rendered":"<div class=\"mdjDate\">Vendredi 21\/02\/2014<\/div>\n<div class=\"mdjTexte\">\u00ab\u00a0J&rsquo;affirme que le mot D\u00e9mocratie n&rsquo;a plus de sens, <br \/>que le mot Etat n&rsquo;a plus de sens, <br \/>que le mot ville n&rsquo;a plus de sens, et quand on dit que L&rsquo;Education Nationale<br \/>sert \u00e0 augmenter l&rsquo;\u00e9galit\u00e9 des chances, nous savons tous que c&rsquo;est l&rsquo;inverse qui est vrai\u00a0\u00bb<\/div>\n<div class=\"mdjAuteur\">Alain Touraine<\/div>\n<div class=\"mdjComplements\">Un lecteur de la presse people dira qu&rsquo;Alain Touraine est un grand bourgeois parisien dont le petit fils est en prison parce qu&rsquo;il a braqu\u00e9 une dame \u00e2g\u00e9e pour lui soutirer de l&rsquo;argent<\/div>\n<div class=\"mdjComplements\">Un t\u00e9l\u00e9spectateur de TF1, la t\u00e9l\u00e9 qui rend du temps de cerveau disponible&#8230;, dira que c&rsquo;est le p\u00e8re du Ministre de la Sant\u00e9.<\/div>\n<div class=\"mdjComplements\">L&rsquo;homme mod\u00e9r\u00e9ment cultiv\u00e9 dira simplement que c&rsquo;est un des plus grands sociologues Fran\u00e7ais.<\/div>\n<div class=\"mdjComplements\">Il a commis un livre la \u00ab\u00a0La fin des soci\u00e9t\u00e9s\u00a0\u00bb paru en septembre 2013.<\/div>\n<div class=\"mdjComplements\">Le Commissariat g\u00e9n\u00e9ral \u00e0 la strat\u00e9gie et \u00e0 la prospective (CGSP) qui a \u00e9t\u00e9 cr\u00e9\u00e9 le 22 avril 2013 sous la Direction de Jean Pisani-Ferry, rattach\u00e9 au Premier ministre, et qui est au c\u0153ur des d\u00e9marches de r\u00e9flexion et de concertation n\u00e9cessaires \u00e0 la conduite des politiques publiques et \u00e0 la modernisation du pays, l&rsquo;a invit\u00e9 \u00e0 une conf\u00e9rence.<\/div>\n<div class=\"mdjComplements\">(<em>Certains pr\u00e9tendent que le CGSP est une r\u00e9surgence du commissariat au Plan<\/em>).<\/div>\n<div class=\"mdjComplements\">Et comme Internet est un \u00ab\u00a0don de Dieu\u00a0\u00bb comme le dit le Pape Fran\u00e7ois, nous pouvons assister, en diff\u00e9r\u00e9, \u00e0 cette conf\u00e9rence.<\/div>\n<div class=\"mdjComplements\">Le mot du jour se trouve peu de secondes apr\u00e8s 34&rsquo;00\u00a0\u00bb.<\/div>\n<div class=\"mdjComplements\">Dans cette conf\u00e9rence Alain Touraine explique aussi que nous rempla\u00e7ons le social par le culturel.<\/div>\n<div class=\"mdjComplements\">Il dit voir monter en France un fort courant de d\u00e9-modernisation et que la soci\u00e9t\u00e9 industrielle se trouve incapable de se transformer par ses propres moyens.<\/div>\n<div class=\"mdjComplements\">Il dit aussi que dans le Monde le mot le plus souvent revendiqu\u00e9 est celui de la dignit\u00e9.<\/div>\n<div class=\"mdjComplements\">Et enfin, il dit que la r\u00e9forme qu&rsquo;il faut r\u00e9aliser c&rsquo;est celle de produire des \u00ab\u00a0acteurs\u00a0\u00bb.<\/div>\n<div class=\"mdjComplements\">Et il d\u00e9finit un acteur comme celui qui a la capacit\u00e9 de d\u00e9velopper le sens de sa propre capacit\u00e9 \u00e0 agir.<\/div>\n<div class=\"mdjComplements\">Et en plus, il y a m\u00eame des interlocuteurs et trices de grandes valeurs qui le contredisent et rendent cette conf\u00e9rence d&rsquo;autant plus int\u00e9ressante.<\/div>\n<div class=\"mdjComplements\">Je ne peux que vous encourager \u00e0 visionner cette conf\u00e9rence <a href=\"http:\/\/www.dailymotion.com\/video\/x14y2m9_live-debat-avec-alain-touraine-la-fin-des-societes_tv?start=41\">&lt;ICI&gt;<\/a><\/div>\n","protected":false},"excerpt":{"rendered":"<p>Vendredi 21\/02\/2014 \u00ab\u00a0J&rsquo;affirme que le mot D\u00e9mocratie n&rsquo;a plus de sens, que le mot Etat n&rsquo;a plus de sens, que le mot ville n&rsquo;a plus de sens, et quand on dit que L&rsquo;Education Nationalesert \u00e0 augmenter l&rsquo;\u00e9galit\u00e9 des chances, nous<\/p>\n","protected":false},"author":1,"featured_media":0,"comment_status":"closed","ping_status":"closed","sticky":false,"template":"","format":"standard","meta":{"footnotes":""},"categories":[1],"tags":[],"class_list":["post-612","post","type-post","status-publish","format-standard","hentry","category-motdujour"],"_links":{"self":[{"href":"https:\/\/lemotdujour.fr\/index.php?rest_route=\/wp\/v2\/posts\/612","targetHints":{"allow":["GET"]}}],"collection":[{"href":"https:\/\/lemotdujour.fr\/index.php?rest_route=\/wp\/v2\/posts"}],"about":[{"href":"https:\/\/lemotdujour.fr\/index.php?rest_route=\/wp\/v2\/types\/post"}],"author":[{"embeddable":true,"href":"https:\/\/lemotdujour.fr\/index.php?rest_route=\/wp\/v2\/users\/1"}],"replies":[{"embeddable":true,"href":"https:\/\/lemotdujour.fr\/index.php?rest_route=%2Fwp%2Fv2%2Fcomments&post=612"}],"version-history":[{"count":1,"href":"https:\/\/lemotdujour.fr\/index.php?rest_route=\/wp\/v2\/posts\/612\/revisions"}],"predecessor-version":[{"id":613,"href":"https:\/\/lemotdujour.fr\/index.php?rest_route=\/wp\/v2\/posts\/612\/revisions\/613"}],"wp:attachment":[{"href":"https:\/\/lemotdujour.fr\/index.php?rest_route=%2Fwp%2Fv2%2Fmedia&parent=612"}],"wp:term":[{"taxonomy":"category","embeddable":true,"href":"https:\/\/lemotdujour.fr\/index.php?rest_route=%2Fwp%2Fv2%2Fcategories&post=612"},{"taxonomy":"post_tag","embeddable":true,"href":"https:\/\/lemotdujour.fr\/index.php?rest_route=%2Fwp%2Fv2%2Ftags&post=612"}],"curies":[{"name":"wp","href":"https:\/\/api.w.org\/{rel}","templated":true}]}}