{"id":610,"date":"2014-02-20T01:00:00","date_gmt":"2014-02-19T22:00:00","guid":{"rendered":"http:\/\/lemotdujour.fr\/?p=610"},"modified":"2017-05-08T13:21:07","modified_gmt":"2017-05-08T11:21:07","slug":"jeudi-20022014","status":"publish","type":"post","link":"https:\/\/lemotdujour.fr\/?p=610","title":{"rendered":"Jeudi 20\/02\/2014"},"content":{"rendered":"<div class=\"mdjDate\">Jeudi 20\/02\/2014<\/div>\n<div class=\"mdjTexte\">\u00ab\u00a0La guerre \u00e9conomique est partout\u00a0\u00bb<\/div>\n<div class=\"mdjAuteur\">Ali La\u00efdi.<\/div>\n<div class=\"mdjComplements\">Ali la\u00efdi est chercheur \u00e0 l&rsquo;Institut de relations internationales et strat\u00e9giques (IRIS). Il a \u00e9crit un livre \u00ab\u00a0Aux sources de la guerre \u00e9conomique\u00a0\u00bb, chez Armand Colin, dans lequel il explique que si hier, \u00ab\u00a0la guerre \u00e9conomique\u00a0\u00bb \u00e9tait totalement ignor\u00e9e et que ceux qui osaient en parler passaient au pire pour des adeptes de la th\u00e9orie du complot, au mieux pour des incultes en mati\u00e8re \u00e9conomique.<\/div>\n<div class=\"mdjComplements\">Aujourd&rsquo;hui, elle est dans toutes les bouches, celles des responsables politiques, des \u00e9conomistes, des journalistes et m\u00eame des publicitaires.\u00a0\u00bb Il y a guerre lorsqu&rsquo;une entreprise ou un Etat use de moyens d\u00e9loyaux ou ill\u00e9gaux pour atteindre son objectif, affirme Ali La\u00efdi.<\/div>\n<div class=\"mdjComplements\">Subventions d\u00e9guis\u00e9es, guerre de l&rsquo;information, \u00e9vasion fiscale, en sont les manifestations les plus criantes. Ainsi, la guerre \u00e9conomique est-elle le sympt\u00f4me d&rsquo;une \u00e9conomie mondiale malade du tout-comp\u00e9titif. Pourtant, Ali La\u00efdi constate que dans le monde politique, l&rsquo;id\u00e9e de guerre \u00e9conomique est rejet\u00e9e aussi bien par les lib\u00e9raux que par les penseurs de gauche et d&rsquo;extr\u00eame gauche. D&rsquo;o\u00f9 la na\u00efvet\u00e9 dont fait preuve l&rsquo;Europe, sur un certain nombre de sujets.<\/div>\n<div class=\"mdjComplements\">J&rsquo;ai appris \u00e0 conna\u00eetre cet auteur par l&rsquo;\u00e9mission les carnets de l&rsquo;Economie de France Culture <a href=\"http:\/\/www.franceculture.fr\/oeuvre-aux-sources-de-la-guerre-economique-de-ali-laidi\">&lt;Les Carnets de l&rsquo;Economie&gt;<\/a><\/div>\n","protected":false},"excerpt":{"rendered":"<p>Jeudi 20\/02\/2014 \u00ab\u00a0La guerre \u00e9conomique est partout\u00a0\u00bb Ali La\u00efdi. Ali la\u00efdi est chercheur \u00e0 l&rsquo;Institut de relations internationales et strat\u00e9giques (IRIS). Il a \u00e9crit un livre \u00ab\u00a0Aux sources de la guerre \u00e9conomique\u00a0\u00bb, chez Armand Colin, dans lequel il explique que<\/p>\n","protected":false},"author":1,"featured_media":0,"comment_status":"closed","ping_status":"closed","sticky":false,"template":"","format":"standard","meta":{"footnotes":""},"categories":[1],"tags":[],"class_list":["post-610","post","type-post","status-publish","format-standard","hentry","category-motdujour"],"_links":{"self":[{"href":"https:\/\/lemotdujour.fr\/index.php?rest_route=\/wp\/v2\/posts\/610","targetHints":{"allow":["GET"]}}],"collection":[{"href":"https:\/\/lemotdujour.fr\/index.php?rest_route=\/wp\/v2\/posts"}],"about":[{"href":"https:\/\/lemotdujour.fr\/index.php?rest_route=\/wp\/v2\/types\/post"}],"author":[{"embeddable":true,"href":"https:\/\/lemotdujour.fr\/index.php?rest_route=\/wp\/v2\/users\/1"}],"replies":[{"embeddable":true,"href":"https:\/\/lemotdujour.fr\/index.php?rest_route=%2Fwp%2Fv2%2Fcomments&post=610"}],"version-history":[{"count":1,"href":"https:\/\/lemotdujour.fr\/index.php?rest_route=\/wp\/v2\/posts\/610\/revisions"}],"predecessor-version":[{"id":611,"href":"https:\/\/lemotdujour.fr\/index.php?rest_route=\/wp\/v2\/posts\/610\/revisions\/611"}],"wp:attachment":[{"href":"https:\/\/lemotdujour.fr\/index.php?rest_route=%2Fwp%2Fv2%2Fmedia&parent=610"}],"wp:term":[{"taxonomy":"category","embeddable":true,"href":"https:\/\/lemotdujour.fr\/index.php?rest_route=%2Fwp%2Fv2%2Fcategories&post=610"},{"taxonomy":"post_tag","embeddable":true,"href":"https:\/\/lemotdujour.fr\/index.php?rest_route=%2Fwp%2Fv2%2Ftags&post=610"}],"curies":[{"name":"wp","href":"https:\/\/api.w.org\/{rel}","templated":true}]}}