{"id":6070,"date":"2019-01-29T01:09:04","date_gmt":"2019-01-29T00:09:04","guid":{"rendered":"http:\/\/lemotdujour.fr\/?p=6070"},"modified":"2021-08-26T14:45:37","modified_gmt":"2021-08-26T12:45:37","slug":"mardi-29-janvier-2019","status":"publish","type":"post","link":"https:\/\/lemotdujour.fr\/?p=6070","title":{"rendered":"Mardi 29 janvier 2019"},"content":{"rendered":"<div class=\"mdjTexte\">\t\u00ab&nbsp;L\u2019envers du d\u00e9cor&nbsp;\u00bb<\/div>\n<div class=\"mdjAuteur\">\tSonia Kronlund dans son \u00e9mission \u201cLes Pieds sur terre\u201d du 28\/01\/2019 qui parle de la violence en cuisine<\/div>\n<p><span style=\"color: #777777; font-family: Arial;\">La France est fi\u00e8re de ses grands restaurants. La semaine derni\u00e8re le nouveau Guide Michelin a \u00e9t\u00e9 publi\u00e9, des chefs ont perdu des \u00e9toiles et d&rsquo;autres ont en gagn\u00e9.<br \/>\n<\/span><\/p>\n<p><span style=\"color: #777777; font-family: Arial;\">Parall\u00e8lement, on r\u00e9p\u00e8te \u00e0 sati\u00e9t\u00e9 que c&rsquo;est un gisement d&#8217;emplois et que les jeunes fran\u00e7ais ne se pressent pas pour occuper ce type d&#8217;emploi. Certains m\u00eame prennent pr\u00e9texte de ce fait pour dire que cela prouve bien que des gens se complaisent dans le ch\u00f4mage puisque lorsqu&rsquo;il y a du travail, les postes ne sont pas pourvus.<br \/>\n<\/span><\/p>\n<p><span style=\"color: #777777; font-family: Arial;\">Mais quelle est la r\u00e9alit\u00e9 qui se cache en cuisine dans beaucoup de ces maisons&nbsp;?<br \/>\n<\/span><\/p>\n<p><span style=\"color: #777777; font-family: Arial;\">Hier, quand je me demandais quel mot du jour je pourrais bien partager aujourd&rsquo;hui et j&rsquo;\u00e9coutais France Culture en retournant \u00e0 mon travail. C&rsquo;\u00e9tait l&rsquo;\u00e9mission de Sonia Kronlund&nbsp;: \u00ab&nbsp;<strong>Les pieds sur terre<\/strong>&nbsp;\u00bb, dont le titre \u00e9tait \u00ab&nbsp;<a href=\"https:\/\/www.franceculture.fr\/emissions\/les-pieds-sur-terre\/lenvers-du-decor-0\"><span style=\"color: #0000ff;\">L&rsquo;envers du d\u00e9cor&nbsp;<\/span><\/a>\u00bb<br \/>\n<\/span><\/p>\n<p><span style=\"color: #777777; font-family: Arial;\">C&rsquo;est une autre journaliste Pauline Maucort qui est all\u00e9 \u00e0 la rencontre de jeunes qui racontent la vie, les relations, l&rsquo;ambiance dans les cuisines, ce sont 4 histoires.<br \/>\n<\/span><\/p>\n<p><span style=\"color: #777777; font-family: Arial;\">Pauline Maucort a un cousin qui a le m\u00eame \u00e2ge qu&rsquo;elle&nbsp;: Maxime.<br \/>\n<\/span><\/p>\n<p><span style=\"color: #777777; font-family: Arial;\">Lorsqu&rsquo;elle \u00e9tait au lyc\u00e9e, lui travaillait d\u00e9j\u00e0.<br \/>\n<\/span><\/p>\n<p><span style=\"color: #777777; font-family: Arial;\">Elle se souvient que pendant les f\u00eates, bien souvent toute la famille se d\u00e9pla\u00e7ait en Alsace, l\u00e0 o\u00f9 travaillait Maxime. C&rsquo;\u00e9tait le seul moyen de passer avec lui les quelques heures qu&rsquo;il avait entre les services. A l&rsquo;\u00e9poque Maxime \u00e9tait apprenti serveur et n&rsquo;arr\u00eatait jamais de travailler<br \/>\n<\/span><\/p>\n<p><span style=\"color: #777777; font-family: Arial;\">Des horaires de fou, il avait juste un jour de cong\u00e9 par semaine, parfois deux par semaine mais c&rsquo;\u00e9tait impossible de savoir lequel \u00e0 l&rsquo;avance, ce n&rsquo;\u00e9tait jamais le m\u00eame et jamais le weekend end, on y pensait m\u00eame pas.<br \/>\n<\/span><\/p>\n<p><span style=\"color: #777777; font-family: Arial;\">Une ann\u00e9e, \u00e0 No\u00ebl alors que Maxime n&rsquo;avait aucun jour de cong\u00e9, la famille avait d\u00e9cid\u00e9 d&rsquo;aller d\u00e9jeuner dans le restaurant gastronomique o\u00f9 il travaillait. C&rsquo;\u00e9tait une folie, mais tous se r\u00e9jouissait de le voir dans le beau costume 3 pi\u00e8ces dont il \u00e9tait fier. Pourtant en arrivant, ce n&rsquo;est pas lui qui les a plac\u00e9s.<br \/>\n<\/span><\/p>\n<p><span style=\"color: #777777; font-family: Arial;\">Quand il a fini par appara\u00eetre, pour prendre la commandes des boissons, c&rsquo;est \u00e0 peine s&rsquo;ils l&rsquo;ont reconnu&nbsp;: il \u00e9tait tendu, livide, il ne souriait pas et ne semblait m\u00eame pas les voir. Il s&rsquo;ex\u00e9cutait professionnel avec un petit tremblement dans le menton qui n&rsquo;\u00e9chappait pas \u00e0 sa cousine Pauline. Il n&rsquo;\u00e9tait pas seulement concentr\u00e9, il y avait quelque chose de p\u00e9trifi\u00e9 dans son attitude, son regard vide.<br \/>\n<\/span><\/p>\n<p><span style=\"color: #777777; font-family: Arial;\">Plus tard Pauline comprendra que c&rsquo;\u00e9tait la peur.<br \/>\n<\/span><\/p>\n<p><span style=\"color: #777777; font-family: Arial;\">Pendant les dix ans pendant lesquels Maxime a travaill\u00e9 dans la restauration, Maxime ne s&rsquo;est jamais plaint.<br \/>\n<\/span><\/p>\n<p><span style=\"color: #777777; font-family: Arial;\">Puis il a d\u00e9missionn\u00e9 et il a chang\u00e9 de m\u00e9tier, C&rsquo;est alors qu&rsquo;il s&rsquo;est mis \u00e0 parler.<br \/>\n<\/span><\/p>\n<p><span style=\"color: #777777; font-family: Arial;\">Vous en saurez plus en \u00e9coutant l&rsquo;\u00e9mission&nbsp;: \u00ab<span style=\"color: #0000ff;\">&nbsp;<a style=\"color: #0000ff;\" href=\"https:\/\/www.franceculture.fr\/emissions\/les-pieds-sur-terre\/lenvers-du-decor-0\">L&rsquo;envers du d\u00e9cor&nbsp;<\/a><\/span>\u00bb.<br \/>\n<\/span><\/p>\n<p><span style=\"color: #777777; font-family: Arial;\">Mais il y a de nombreux articles consacr\u00e9s \u00e0 ce sujet&nbsp;:<br \/>\n<\/span><\/p>\n<ul>\n<li><span style=\"color: #777777; font-family: Arial;\">Dans le Figaro&nbsp;: <span style=\"color: #0000ff;\">\u00ab<a style=\"color: #0000ff;\" href=\"http:\/\/www.lefigaro.fr\/actualite-france\/2014\/11\/19\/01016-20141119ARTFIG00128-la-violence-est-banale-en-cuisine.php\">La violence est banale en cuisine<\/a>\u00bb<\/span><br \/>\n<\/span><\/li>\n<li><span style=\"color: #777777; font-family: Arial;\">Dans Psychologies&nbsp;: \u00ab&nbsp;<a href=\"https:\/\/www.psychologies.com\/Travail\/Souffrance-au-travail\/Harcelement\/Articles-et-Dossiers\/Violence-en-cuisine-le-silence-brise\"><span style=\"color: #0000ff;\">Violence en cuisine : le silence bris\u00e9&nbsp;<\/span><\/a><span style=\"color: #0000ff;\">\u00bb<\/span><br \/>\n<\/span><\/li>\n<li><span style=\"color: #777777; font-family: Arial;\">Dans le Huffington Post \u00ab&nbsp;<span style=\"color: #0000ff;\"><a style=\"color: #0000ff;\" href=\"https:\/\/www.huffingtonpost.fr\/franck-pinayrabaroust\/violences-en-cuisine-la-sale-affaire-robuchon_b_6644412.html\">Violences en cuisine: la sale affaire Robuchon&nbsp;<\/a><\/span>\u00bb<br \/>\n<\/span><\/li>\n<li><span style=\"color: #777777; font-family: Arial;\">Sur un site sp\u00e9cialis\u00e9&nbsp;: Atabula&nbsp;:\u00ab<span style=\"color: #0000ff;\">&nbsp;<\/span><a href=\"https:\/\/www.atabula.com\/2014\/04\/13\/violences-en-cuisine-que-lomerta-cesse\/\"><span style=\"color: #0000ff;\">Violences en cuisine : levons le voile<\/span>&nbsp;<\/a>\u00bb<br \/>\n<\/span><\/li>\n<\/ul>\n<p><span style=\"color: #777777; font-family: Arial;\">Heureusement que cette r\u00e9alit\u00e9 est d\u00e9sormais d\u00e9crite et que des chefs r\u00e9agissent comme l&rsquo;\u00e9crit Ouest-France&nbsp;: \u00ab&nbsp;<a href=\"https:\/\/www.ouest-france.fr\/societe\/violences-en-cuisine-des-chefs-sinsurgent-et-protegent-leurs-commis-2982841\"><span style=\"color: #0000ff;\">Violences en cuisine. Des chefs s&rsquo;insurgent et prot\u00e8gent leurs commis&nbsp;<\/span><\/a>\u00bb<br \/>\n<\/span><\/p>\n<p><span style=\"color: #777777; font-family: Arial;\">Ma conclusion sera de nouveau une critique aux technocrates qui plut\u00f4t que de se plonger dans leurs tableaux excel et dans leurs statistiques et dire que les jeunes ne cherchent pas de travail, feraient mieux d&rsquo;aller simplement voir \u00e0 hauteur d&rsquo;\u00eatre humain, ils comprendraient mieux certaines r\u00e9alit\u00e9s.<br \/>\n<\/span><\/p>\n<p><span style=\"color: #777777; font-family: Arial;\"><span style=\"color: #800000;\">&lt;1180&gt;<\/span><br \/>\n<\/span><\/p>\n","protected":false},"excerpt":{"rendered":"<p>\u00ab&nbsp;L\u2019envers du d\u00e9cor&nbsp;\u00bb Sonia Kronlund dans son \u00e9mission \u201cLes Pieds sur terre\u201d du 28\/01\/2019 qui parle de la violence en cuisine La France est fi\u00e8re de ses grands restaurants. La semaine derni\u00e8re le nouveau Guide Michelin a \u00e9t\u00e9 publi\u00e9, des<\/p>\n","protected":false},"author":1,"featured_media":0,"comment_status":"open","ping_status":"closed","sticky":false,"template":"","format":"standard","meta":{"footnotes":""},"categories":[1],"tags":[10,15,13,75],"class_list":["post-6070","post","type-post","status-publish","format-standard","hentry","category-motdujour","tag-economie","tag-france","tag-sante","tag-travail"],"_links":{"self":[{"href":"https:\/\/lemotdujour.fr\/index.php?rest_route=\/wp\/v2\/posts\/6070","targetHints":{"allow":["GET"]}}],"collection":[{"href":"https:\/\/lemotdujour.fr\/index.php?rest_route=\/wp\/v2\/posts"}],"about":[{"href":"https:\/\/lemotdujour.fr\/index.php?rest_route=\/wp\/v2\/types\/post"}],"author":[{"embeddable":true,"href":"https:\/\/lemotdujour.fr\/index.php?rest_route=\/wp\/v2\/users\/1"}],"replies":[{"embeddable":true,"href":"https:\/\/lemotdujour.fr\/index.php?rest_route=%2Fwp%2Fv2%2Fcomments&post=6070"}],"version-history":[{"count":5,"href":"https:\/\/lemotdujour.fr\/index.php?rest_route=\/wp\/v2\/posts\/6070\/revisions"}],"predecessor-version":[{"id":12075,"href":"https:\/\/lemotdujour.fr\/index.php?rest_route=\/wp\/v2\/posts\/6070\/revisions\/12075"}],"wp:attachment":[{"href":"https:\/\/lemotdujour.fr\/index.php?rest_route=%2Fwp%2Fv2%2Fmedia&parent=6070"}],"wp:term":[{"taxonomy":"category","embeddable":true,"href":"https:\/\/lemotdujour.fr\/index.php?rest_route=%2Fwp%2Fv2%2Fcategories&post=6070"},{"taxonomy":"post_tag","embeddable":true,"href":"https:\/\/lemotdujour.fr\/index.php?rest_route=%2Fwp%2Fv2%2Ftags&post=6070"}],"curies":[{"name":"wp","href":"https:\/\/api.w.org\/{rel}","templated":true}]}}