{"id":6065,"date":"2019-01-30T01:04:23","date_gmt":"2019-01-30T00:04:23","guid":{"rendered":"http:\/\/lemotdujour.fr\/?p=6065"},"modified":"2021-08-26T14:43:53","modified_gmt":"2021-08-26T12:43:53","slug":"mercredi-30-janvier-2019","status":"publish","type":"post","link":"https:\/\/lemotdujour.fr\/?p=6065","title":{"rendered":"Mercredi 30 janvier 2019"},"content":{"rendered":"<div class=\"mdjTexte\">\t\u00ab&nbsp;Ce sont des destins qui passent dont je vous parle en cet hiver de col\u00e8re et de m\u00e9fiances. [les voit-on&nbsp;?]\u00bb<\/div>\n<div class=\"mdjAuteur\">\tClaude Askolovitch<\/div>\n<p><span style=\"color: #777777; font-family: Arial;\">Un cordiste est un technicien qualifi\u00e9 qui se d\u00e9place \u00e0 l&rsquo;aide de cordes pour effectuer des travaux en hauteur et des travaux d&rsquo;acc\u00e8s difficile sans utiliser d&rsquo;\u00e9chafaudage ni d&rsquo;autre moyen d&rsquo;\u00e9l\u00e9vation (type nacelle).<br \/>\n<\/span><\/p>\n<p><a href=\"http:\/\/acrosys.eu\/\"><img loading=\"lazy\" decoding=\"async\" class=\"size-full wp-image-6076 alignleft\" src=\"https:\/\/lemotdujour.fr\/wp-content\/uploads\/2019\/01\/Les-cordistes.jpg\" alt=\"\" width=\"570\" height=\"380\" srcset=\"https:\/\/lemotdujour.fr\/wp-content\/uploads\/2019\/01\/Les-cordistes.jpg 570w, https:\/\/lemotdujour.fr\/wp-content\/uploads\/2019\/01\/Les-cordistes-300x200.jpg 300w\" sizes=\"auto, (max-width: 570px) 100vw, 570px\" \/><\/a><span style=\"color: #777777; font-family: Arial;\">On appelle aussi le technicien cordiste un <strong>travailleur acrobatique.<br \/>\n<\/strong><\/span><\/p>\n<p><span style=\"color: #777777; font-family: Arial;\">J&rsquo;ai trouv\u00e9 une offre d&#8217;emploi qui vante ce m\u00e9tier sur <a href=\"https:\/\/www.indeed.fr\/Emplois-Technicien-Cordiste?vjk=43d557f8716e0e05\">&lt;<span style=\"color: #0000ff;\">ce site&gt;<\/span>&nbsp;<\/a>:<br \/>\n<\/span><\/p>\n<p style=\"margin-left: 28pt;\"><span style=\"color: #c00000; font-family: Arial;\">Int\u00e9grer une \u00e9quipe o\u00f9 r\u00e8gne la bonne ambiance<br \/>\n<\/span><span style=\"color: #c00000; font-family: Arial;\">R\u00e9aliser des t\u00e2ches vari\u00e9es. Pas d&rsquo;ennui<br \/>\n<\/span><span style=\"color: #c00000; font-family: Arial;\">D\u00e9velopper un savoir-faire en termes de r\u00e9alisation<br \/>\n<\/span><span style=\"color: #c00000; font-family: Arial;\">\u00c9voluer par formation interne<br \/>\n<\/span><span style=\"color: #c00000; font-family: Arial;\">R\u00e9aliser des missions \u00e0 fortes technicit\u00e9s.<br \/>\n<\/span><span style=\"color: #c00000; font-family: Arial;\">Vous \u00eates Id\u00e9alement de formation technique, form\u00e9 et exp\u00e9riment\u00e9 en Travail en hauteur ; apte et volontaire au port des appareils respiratoires et \u00e0 l&rsquo;intervention en milieux confin\u00e9 et espace restreint<br \/>\n<\/span><\/p>\n<p><span style=\"color: #777777; font-family: Arial;\">Quand vous travaillez dans un immeuble de grande hauteur, parfois vous apercevez des hommes de l&rsquo;autre c\u00f4t\u00e9 de la fen\u00eatre, du c\u00f4t\u00e9 du vide, qui nettoient les vitres de l&rsquo;immeuble&nbsp;: ce sont des techniciens cordistes.<br \/>\n<\/span><\/p>\n<p><span style=\"color: #777777; font-family: Arial;\">C&rsquo;est la revue de Presse de &lt;<a href=\"https:\/\/www.franceinter.fr\/emissions\/la-revue-de-presse\/la-revue-de-presse-11-janvier-2019\"><span style=\"color: #0000ff;\">Claude Askolovitch du 11 janvier 201<\/span><span style=\"color: #0000ff;\">9<\/span><\/a>&gt; qui a attir\u00e9 mon attention sur ce m\u00e9tier qui \u00ab&nbsp;permet donc de r\u00e9aliser des t\u00e2ches vari\u00e9es et d&rsquo;\u00e9viter l&rsquo;ennui&nbsp;\u00bb mais qui est aussi dangereux, surtout quand la pression \u00e9conomique conduit \u00e0 oublier toute prudence.<br \/>\n<\/span><\/p>\n<p><span style=\"color: #777777; font-family: Arial;\">Et Claude Askolovitch \u00e9voque un proc\u00e8s qui fait suite \u00e0 un accident mortel de 2012&nbsp;:<br \/>\n<\/span><\/p>\n<p style=\"margin-left: 28pt;\"><span style=\"color: #c00000; font-family: Arial;\">\u00ab&nbsp;Un proc\u00e8s qui vient bien tard, 7 ans apr\u00e8s la mort de deux hommes ensevelis sous 3000 tonnes de sucre dans le silo qu&rsquo;ils devaient nettoyer; c&rsquo;\u00e9tait le 13 mars 2012 \u00e0 Bazancourt dans la Marne, ils s&rsquo;appelaient Arthur Bertelli et Vincent Dequin, ils \u00e9taient cordistes, c&rsquo;est le nom de leur m\u00e9tier d&rsquo;acrobates de l&rsquo;industrie, employ\u00e9s comme int\u00e9rimaires par la soci\u00e9t\u00e9 Carrard services, pour faire disparaitre les agglom\u00e9rats de sucre compact qui collaient aux parois du plus grand des silos du g\u00e9ant du sucre cristal union. A 11.30, dix minutes apr\u00e8s le d\u00e9but de leur mission, le sucre s&rsquo;est mis \u00e0 glisser et couler comme un sablier, Arthur est parti le premier, Vincent ensuite qui a cri\u00e9 \u00ab\u00a0Coupe ta corde, t&rsquo;es pas dedans !\u00a0\u00bb \u00e0 Fr\u00e9d\u00e9ric Soulier qui \u00e9tait au-dessus de lui et qui a coup\u00e9 la corde et qui s&rsquo;est mis \u00e0 hurler pour que l&rsquo;aide arrive et elle ne venait pas&#8230;<br \/>\n<\/span><\/p>\n<p style=\"margin-left: 28pt;\"><span style=\"color: #c00000; font-family: Arial;\">Il s&rsquo;en est sorti et ne s&rsquo;en remettra jamais, Fr\u00e9d\u00e9ric il le raconte dans le Parisien, il le dira au tribunal correctionnel de Reims o\u00f9 les repr\u00e9sentants de Cristal union et Carrard Services vont r\u00e9pondre des faits \u00ab\u00a0d&rsquo;homicides et de blessures involontaires, commis par violation manifestement d\u00e9lib\u00e9r\u00e9e d&rsquo;une obligation de s\u00e9curit\u00e9 ou de prudence impos\u00e9e par la loi ou le r\u00e8glement\u00a0\u00bb&#8230;<br \/>\n<\/span><\/p>\n<p style=\"margin-left: 28pt;\"><span style=\"color: #c00000; font-family: Arial;\">Long intitul\u00e9 pour comprendre comment deux hommes sont morts, deux de ces cordistes qui gagnent quelques dix euros de l&rsquo;heure et que les accidents rattrapent. Le 21 juin 2017, Quentin Zaroui-Bruat, 21 ans, est mort \u00e0 son tour , encore \u00e0 Bezancourt, enseveli lui sous des tonnes de d\u00e9chets de grains de c\u00e9r\u00e9ales qui d\u00e9gageait ce jour-l\u00e0 une poussi\u00e8re \u00e9paisse dans ce silo de la soci\u00e9t\u00e9 Cristanol, une filiale de Cristal union, qui fabrique du carburant v\u00e9g\u00e9tal&#8230; L&#8217;employeur de Quentin mettait la pression sur ses int\u00e9rimaires, quand ils h\u00e9sitaient \u00e0 descendre en rappel, \u00ab Si vous n&rsquo;y allez pas, vous n&rsquo;\u00eates pas des hommes ! \u00bb<br \/>\n<\/span><\/p>\n<p style=\"margin-left: 28pt;\"><span style=\"color: #c00000; font-family: Arial;\">L&rsquo;histoire de Quentin est racont\u00e9e sur le Web, l&rsquo;article a \u00e9t\u00e9 mis en ligne d\u00e9but janvier par le site basta mag, un site engag\u00e9, et qui, comme la presse radicale autrefois, raconte ce qu&rsquo;est la condition des ouvriers pr\u00e9caires et donc de ces cordistes, souvent itin\u00e9rants, qui ont leur porte-parole, l&rsquo;un d&rsquo;entre eux qui est aussi \u00e9crivain. Un homme mur, Eric Louis, il avait connu Quentin dans un silo o\u00f9 ils transpiraient ensemble, et a \u00e9crit un livre, \u00ab\u00a0on a perdu Quentin\u00a0\u00bb, pour qu&rsquo;on n&rsquo;oublie pas ce m\u00f4me qui ne plaignait jamais, \u00ab\u00a0pos\u00e9, enjou\u00e9, gentil, attachant, volontaire, courageux\u00a0\u00bb et qui venait travailler en Champagne depuis ses cotes d&rsquo;Armor dans une 306 Peugeot \u00e0 bout de souffle. Eric Louis se lit dans basta mag, il se lit dans un autre journal en ligne, la brique.net, o\u00f9 il a parl\u00e9 de Quentin juste apr\u00e8s sa mort.<br \/>\n<\/span><\/p>\n<p style=\"margin-left: 28pt;\"><span style=\"color: #c00000; font-family: Arial;\">Ce sont des destins qui passent, les voit-on, dont je vous parle en cet hiver de col\u00e8re et de m\u00e9fiances.&nbsp;\u00bb<br \/>\n<\/span><\/p>\n<p><span style=\"color: #777777; font-family: Arial;\">Il renvoie vers deux articles qui parlent du second accident celui de Quentin Zaraoui-Bruat, cordiste de 21 ans:<br \/>\n<\/span><\/p>\n<p><span style=\"color: #777777; font-family: Arial;\">\u00ab&nbsp;<a href=\"http:\/\/www.labrique.net\/index.php\/thematiques\/lutte-des-classes\/912-quand-le-travail-tue\"><span style=\"color: #0000ff;\">Quand le travail tue<\/span>&nbsp;<\/a>\u00bb sur le site \u00ab&nbsp;<strong>la brique<\/strong>&nbsp;\u00bb dans lequel Eric Louis qui \u00e9tait sur les lieux raconte comment les coll\u00e8gues ont compris peu \u00e0 peu le drame avec l&rsquo;arriv\u00e9e des secours. Je tire de cet article qui est \u00e0 lire ce court extrait&nbsp;:<br \/>\n<\/span><\/p>\n<p style=\"margin-left: 28pt;\"><span style=\"color: #c00000; font-family: Arial;\">\u00ab&nbsp;Plus tard, rentr\u00e9 \u00e0 la maison, je consulte un article sur le site internet de<em> L&rsquo;Union<\/em>, le quotidien local. [\u2026]. Sous la rubrique faits divers, je me tape le r\u00e9cit tr\u00e8s succinct, au milieu duquel brille une publicit\u00e9. Le nom de Quentin n&rsquo;est m\u00eame pas cit\u00e9. Contrairement \u00e0 celui du directeur de l&rsquo;usine. Je suis \u00e9c\u0153ur\u00e9.<br \/>\n<\/span><\/p>\n<p style=\"margin-left: 28pt;\"><span style=\"color: #c00000; font-family: Arial;\">J&rsquo;y apprends que les pompiers du GRIMP (groupe de reconnaissance et d&rsquo;intervention en milieu p\u00e9rilleux) n&rsquo;ont pas voulu descendre dans le silo, estimant les conditions trop dangereuses.&nbsp;\u00bb<br \/>\n<\/span><\/p>\n<p><span style=\"color: #777777; font-family: Arial;\">Et un article plus analytique sur le site \u00ab&nbsp;<strong>bastamag<\/strong>&nbsp;\u00bb \u00ab <span style=\"color: #0000ff;\"><a style=\"color: #0000ff;\" href=\"https:\/\/www.bastamag.net\/Si-vous-n-y-allez-pas-vous-n-etes-pas-des-hommes-enquete-sur-la-mort-de-Quentin\">Si vous n&rsquo;y allez pas, vous n&rsquo;\u00eates pas des hommes !<\/a><\/span> \u00bb<br \/>\n<\/span><\/p>\n<p><span style=\"color: #777777; font-family: Arial;\">Nous apprenons notamment que&nbsp;:<br \/>\n<\/span><\/p>\n<p style=\"margin-left: 28pt;\"><span style=\"color: #c00000; font-family: Arial;\">\u00ab Pour des questions de rendements, on a envoy\u00e9 des cordistes \u00e0 la mort dans un silo bien trop plein, au lieu d&rsquo;attendre que la mati\u00e8re s&rsquo;\u00e9coule toute seule. \u00bb<br \/>\n<\/span><\/p>\n<p><span style=\"color: #777777; font-family: Arial;\">C&rsquo;est encore une question d&rsquo;impatience et de refus de laisser le temps faire son \u0153uvre. Mais le temps c&rsquo;est de l&rsquo;argent, l&rsquo;homo economicus n&rsquo;a pas le temps.<br \/>\n<\/span><\/p>\n<p><span style=\"color: #777777; font-family: Arial;\">Nous apprenons aussi qui \u00e9tait le commanditaire et la description du travail des cordistes dans ce lieu&nbsp;:<br \/>\n<\/span><\/p>\n<p style=\"margin-left: 28pt;\"><span style=\"color: #c00000; font-family: Arial;\">\u00ab&nbsp; Quentin Zaraoui-Bruat travaillait pour Cristanol, une filiale du deuxi\u00e8me groupe sucrier fran\u00e7ais Cristal Union \u2013 qui exploite les marques Daddy ou Erstein&#8230; \u2013, install\u00e9e \u00e0 Bazancourt, dans la Marne.<br \/>\n<\/span><\/p>\n<p style=\"margin-left: 28pt;\"><span style=\"color: #c00000; font-family: Arial;\">\u00c0 Bazancourt, la distillerie Cristanol se pr\u00e9sente comme l&rsquo;\u00ab un des leaders de la production de bio\u00e9thanol en Europe \u00bb, un biocarburant obtenu \u00e0 partir du bl\u00e9 et de la betterave. Dans ses silos, les r\u00e9sidus de c\u00e9r\u00e9ales s&rsquo;agglom\u00e8rent le long des parois et forment d&rsquo;\u00e9normes blocs \u2013 qu&rsquo;on appelle la \u00ab dr\u00eache \u00bb. Le travail de Quentin et ses coll\u00e8gues consistait \u00e0 casser ces blocs, afin d&rsquo;\u00e9vacuer cette mati\u00e8re servant ensuite \u00e0 l&rsquo;alimentation des bovins. Toute la journ\u00e9e, ils tapaient \u00e0 la pioche, \u00e0 la houe, \u00e0 la pelle, au marteau-piqueur, sous une chaleur \u00e9touffante, dans une atmosph\u00e8re poussi\u00e9reuse, \u00e9clair\u00e9s par une simple frontale.&nbsp;\u00bb<br \/>\n<\/span><\/p>\n<p><span style=\"color: #777777; font-family: Arial;\">Il se passe aussi des \u00e9pisodes comme ceux-ci dans notre beau pays. <\/span><\/p>\n<p><span style=\"color: #800000;\">&lt;1181&gt;<\/span><\/p>\n","protected":false},"excerpt":{"rendered":"<p>\u00ab&nbsp;Ce sont des destins qui passent dont je vous parle en cet hiver de col\u00e8re et de m\u00e9fiances. [les voit-on&nbsp;?]\u00bb Claude Askolovitch Un cordiste est un technicien qualifi\u00e9 qui se d\u00e9place \u00e0 l&rsquo;aide de cordes pour effectuer des travaux en<\/p>\n","protected":false},"author":1,"featured_media":0,"comment_status":"open","ping_status":"closed","sticky":false,"template":"","format":"standard","meta":{"footnotes":""},"categories":[1],"tags":[13,76,75],"class_list":["post-6065","post","type-post","status-publish","format-standard","hentry","category-motdujour","tag-sante","tag-social","tag-travail"],"_links":{"self":[{"href":"https:\/\/lemotdujour.fr\/index.php?rest_route=\/wp\/v2\/posts\/6065","targetHints":{"allow":["GET"]}}],"collection":[{"href":"https:\/\/lemotdujour.fr\/index.php?rest_route=\/wp\/v2\/posts"}],"about":[{"href":"https:\/\/lemotdujour.fr\/index.php?rest_route=\/wp\/v2\/types\/post"}],"author":[{"embeddable":true,"href":"https:\/\/lemotdujour.fr\/index.php?rest_route=\/wp\/v2\/users\/1"}],"replies":[{"embeddable":true,"href":"https:\/\/lemotdujour.fr\/index.php?rest_route=%2Fwp%2Fv2%2Fcomments&post=6065"}],"version-history":[{"count":10,"href":"https:\/\/lemotdujour.fr\/index.php?rest_route=\/wp\/v2\/posts\/6065\/revisions"}],"predecessor-version":[{"id":12074,"href":"https:\/\/lemotdujour.fr\/index.php?rest_route=\/wp\/v2\/posts\/6065\/revisions\/12074"}],"wp:attachment":[{"href":"https:\/\/lemotdujour.fr\/index.php?rest_route=%2Fwp%2Fv2%2Fmedia&parent=6065"}],"wp:term":[{"taxonomy":"category","embeddable":true,"href":"https:\/\/lemotdujour.fr\/index.php?rest_route=%2Fwp%2Fv2%2Fcategories&post=6065"},{"taxonomy":"post_tag","embeddable":true,"href":"https:\/\/lemotdujour.fr\/index.php?rest_route=%2Fwp%2Fv2%2Ftags&post=6065"}],"curies":[{"name":"wp","href":"https:\/\/api.w.org\/{rel}","templated":true}]}}