{"id":606,"date":"2014-02-17T01:00:00","date_gmt":"2014-02-16T22:00:00","guid":{"rendered":"http:\/\/lemotdujour.fr\/?p=606"},"modified":"2017-05-08T13:21:02","modified_gmt":"2017-05-08T11:21:02","slug":"lundi-17022014","status":"publish","type":"post","link":"https:\/\/lemotdujour.fr\/?p=606","title":{"rendered":"Lundi 17\/02\/2014"},"content":{"rendered":"<div class=\"mdjDate\">Lundi 17\/02\/2014<\/div>\n<div class=\"mdjTexte\">\u00ab\u00a0Je suis un \u00e9tranger presque partout dans le monde\u00a0\u00bb<\/div>\n<div class=\"mdjAuteur\">Anonyme<\/div>\n<div class=\"mdjComplements\">Vu sur un tableau d&rsquo;une salle de classe dans le lyc\u00e9e Pierre Brossolette de Villeurbanne<\/div>\n<div class=\"mdjComplements\">Donc nos amis suisses ont r\u00e9alis\u00e9 une de leur belle votation, dans laquelle ils ont souhait\u00e9 restreindre les possibilit\u00e9s d&rsquo;acc\u00e8s des \u00e9trangers \u00e0 leur beau et riche pays.<\/div>\n<div class=\"mdjComplements\">Probablement que si on r\u00e9alisait un r\u00e9f\u00e9rendum en France sur le m\u00eame sujet, la r\u00e9ponse risquerait aussi d&rsquo;\u00eatre positive.<\/div>\n<div class=\"mdjComplements\">En France quand le citoyen de \u00ab\u00a0base\u00a0\u00bb pense \u00e9tranger, il pense aux arabes, aux africains subsahariens et aux europ\u00e9ens de l&rsquo;est avec une pr\u00e9dilection pour les roumains.<\/div>\n<div class=\"mdjComplements\">En Suisse, ils pensent aux fran\u00e7ais, aux italiens, aux portugais et m\u00eame aux allemands.<\/div>\n<div class=\"mdjComplements\">Oui ! Nous sommes des \u00e9trangers pour les Suisses.<\/div>\n<div class=\"mdjComplements\">Pourquoi ? Vous me direz c&rsquo;est simple : \u00ab\u00a0c&rsquo;est parce que nous ne sommes pas Suisse\u00a0\u00bb<\/div>\n<div class=\"mdjComplements\">Admettons, mais je crois plus important de dire que nous sommes des \u00e9trangers pour les suisses parce que nous sommes plus pauvres qu&rsquo;eux. Il serait plus juste d&rsquo;\u00e9crire nous sommes moins riches.<\/div>\n<div class=\"mdjComplements\">Les roumains sont des \u00e9trangers pour nous parce qu&rsquo;ils sont plus pauvres. Cette relativit\u00e9 des choses m&rsquo;a fait penser au mot du jour que j&rsquo;ai lu, en 2007, sur un tableau du lyc\u00e9e Pierre Brossolette de Villeurbanne.<\/div>\n<div class=\"mdjComplements\">Mon administration avait organis\u00e9 une op\u00e9ration d&rsquo;aide \u00e0 destination de post bacheliers, dans des quartiers o\u00f9 la diversit\u00e9 sociale \u00e9tait forte, pour mieux affronter certaines \u00e9preuves des concours administratifs.<\/div>\n<div class=\"mdjComplements\">Notre coll\u00e8gue J\u00e9r\u00f4me \u00e9tait chef de file de cette op\u00e9ration dans le Rh\u00f4ne.<\/div>\n<div class=\"mdjComplements\">Et je me souviens quand je suis entr\u00e9 dans la salle de classe qui nous \u00e9tait r\u00e9serv\u00e9, de ce mot \u00e9crit sur le tableau. Il m&rsquo;est rest\u00e9.<\/div>\n<div class=\"mdjComplements\">J&rsquo;ai cherch\u00e9 sur Internet l&rsquo;auteur, je n&rsquo;en ai pas trouv\u00e9. Il est anonyme, il n&rsquo;en n&rsquo;est pas moins d&rsquo;une grande profondeur.<\/div>\n<div class=\"mdjComplements\">Vu de notre petit pays, l&rsquo;\u00e9tranger c&rsquo;est l&rsquo;autre. Mais vu du vaste Monde, je suis le plus souvent un \u00e9tranger pour les autres. La connaissance de cette r\u00e9alit\u00e9 : \u00ab\u00a0Je suis un \u00e9tranger presque partout dans le monde\u00a0\u00bb peut-elle nous inciter \u00e0 changer notre comportement ?<\/div>\n<div class=\"mdjComplements\">Que le ciel vous tienne en joie et vous r\u00e9v\u00e8le la r\u00e9ponse \u00e0 cette question.<\/div>\n","protected":false},"excerpt":{"rendered":"<p>Lundi 17\/02\/2014 \u00ab\u00a0Je suis un \u00e9tranger presque partout dans le monde\u00a0\u00bb Anonyme Vu sur un tableau d&rsquo;une salle de classe dans le lyc\u00e9e Pierre Brossolette de Villeurbanne Donc nos amis suisses ont r\u00e9alis\u00e9 une de leur belle votation, dans laquelle<\/p>\n","protected":false},"author":1,"featured_media":0,"comment_status":"closed","ping_status":"closed","sticky":false,"template":"","format":"standard","meta":{"footnotes":""},"categories":[1],"tags":[],"class_list":["post-606","post","type-post","status-publish","format-standard","hentry","category-motdujour"],"_links":{"self":[{"href":"https:\/\/lemotdujour.fr\/index.php?rest_route=\/wp\/v2\/posts\/606","targetHints":{"allow":["GET"]}}],"collection":[{"href":"https:\/\/lemotdujour.fr\/index.php?rest_route=\/wp\/v2\/posts"}],"about":[{"href":"https:\/\/lemotdujour.fr\/index.php?rest_route=\/wp\/v2\/types\/post"}],"author":[{"embeddable":true,"href":"https:\/\/lemotdujour.fr\/index.php?rest_route=\/wp\/v2\/users\/1"}],"replies":[{"embeddable":true,"href":"https:\/\/lemotdujour.fr\/index.php?rest_route=%2Fwp%2Fv2%2Fcomments&post=606"}],"version-history":[{"count":1,"href":"https:\/\/lemotdujour.fr\/index.php?rest_route=\/wp\/v2\/posts\/606\/revisions"}],"predecessor-version":[{"id":607,"href":"https:\/\/lemotdujour.fr\/index.php?rest_route=\/wp\/v2\/posts\/606\/revisions\/607"}],"wp:attachment":[{"href":"https:\/\/lemotdujour.fr\/index.php?rest_route=%2Fwp%2Fv2%2Fmedia&parent=606"}],"wp:term":[{"taxonomy":"category","embeddable":true,"href":"https:\/\/lemotdujour.fr\/index.php?rest_route=%2Fwp%2Fv2%2Fcategories&post=606"},{"taxonomy":"post_tag","embeddable":true,"href":"https:\/\/lemotdujour.fr\/index.php?rest_route=%2Fwp%2Fv2%2Ftags&post=606"}],"curies":[{"name":"wp","href":"https:\/\/api.w.org\/{rel}","templated":true}]}}