{"id":6058,"date":"2019-01-28T00:52:16","date_gmt":"2019-01-27T23:52:16","guid":{"rendered":"http:\/\/lemotdujour.fr\/?p=6058"},"modified":"2021-10-17T13:44:29","modified_gmt":"2021-10-17T11:44:29","slug":"lundi-28-janvier-2019","status":"publish","type":"post","link":"https:\/\/lemotdujour.fr\/?p=6058","title":{"rendered":"Lundi 28 janvier 2019"},"content":{"rendered":"<div class=\"mdjTexte\">\t\u00abSi je n\u2019apprends plus rien, je suis mort. \u00bb<\/div>\n<div class=\"mdjAuteur\">\tClint Eastwood<\/div>\n<p><span style=\"color: #777777; font-family: Arial;\">Chers amis, chers lecteurs r\u00e9guliers ou occasionnels du mot du jour,<br \/>\n<\/span><\/p>\n<p><span style=\"color: #777777; font-family: Arial;\">J&rsquo;ai longtemps h\u00e9sit\u00e9 avant d&rsquo;\u00e9crire ce mot du jour.<br \/>\n<\/span><\/p>\n<p><span style=\"color: #777777; font-family: Arial;\">Je garde en m\u00e9moire cette r\u00e9ponse de Jacques Brel \u00e0 un journaliste qui lui demandait de parler de sa vie personnelle&nbsp;:<br \/>\n<\/span><\/p>\n<p style=\"margin-left: 28pt;\"><span style=\"color: #c00000; font-family: Arial;\">\u00ab&nbsp;Mais cela ne pr\u00e9sente aucun int\u00e9r\u00eat. Cela n&rsquo;int\u00e9resse personne.<br \/>\n<\/span><span style=\"color: #c00000; font-family: Arial;\">Ce n&rsquo;est pas poli. Cela ne se fait pas&nbsp;!\u00bb<br \/>\n<\/span><\/p>\n<p><span style=\"color: #777777; font-family: Arial;\">Le mot du jour est un lieu de partage de r\u00e9flexions, d&rsquo;\u00e9motions, d&rsquo;humour et surtout de questionnements.<br \/>\n<\/span><\/p>\n<p><span style=\"color: #777777; font-family: Arial;\">Mais l&rsquo;\u00e9criture va devenir un peu plus compliqu\u00e9e dans les prochaines semaines, prochains mois. Et je voudrais en quelques phrases en dire le contexte.<br \/>\n<\/span><\/p>\n<p><span style=\"color: #777777; font-family: Arial;\">Il ne va pas s&rsquo;arr\u00eater, car j&rsquo;ai besoin de cette discipline d&rsquo;\u00e9crire et tenter de partager tous les jours un sujet d&rsquo;int\u00e9r\u00eat qui peut toucher ou faire r\u00e9fl\u00e9chir.<br \/>\n<\/span><\/p>\n<p><span style=\"color: #777777; font-family: Arial;\">Vous savez que je me m\u00e9fie du seul r\u00e9cit des faits&nbsp;: <a href=\"https:\/\/lemotdujour.fr\/?p=3304\"><span style=\"color: #0000ff;\">\u00abL&rsquo;homme m\u00e9diocre parle des personnes, L&rsquo;homme moyen parle des faits, L&rsquo;homme de culture parle des id\u00e9es \u00bb<\/span><\/a><span style=\"color: #c00000;\"><span style=\"color: #0000ff;\">. <\/span><span style=\"color: #777777;\"><br \/>\n<\/span><\/span><\/span><\/p>\n<p><span style=\"color: #777777; font-family: Arial;\">Ce mot du jour je l&rsquo;avais cependant compl\u00e9t\u00e9 quelques jours plus tard, lors de l&rsquo;article consacr\u00e9 \u00e0 <span style=\"color: #0000ff;\"><a style=\"color: #0000ff;\" href=\"https:\/\/lemotdujour.fr\/?p=3540\">Barbara<\/a><\/span>&nbsp;: \u00ab&nbsp;<span style=\"color: #c00000;\">Barbara me rappelle que j&rsquo;ai oubli\u00e9 le plus important&nbsp;:<span style=\"color: #777777;\"><br \/>\n<span style=\"color: #c00000;\">L&rsquo;homme de c\u0153ur et en l&rsquo;occurrence la femme de c\u0153ur parle de la vie et de l&rsquo;amour.<span style=\"color: #777777;\">&nbsp;\u00bb<br \/>\n<\/span><\/span><\/span><\/span><\/span><\/p>\n<p><span style=\"color: #777777; font-family: Arial;\">Il faut cependant que je commence par quelques faits&nbsp;:<br \/>\n<\/span><\/p>\n<p><span style=\"color: #777777; font-family: Arial;\">En novembre 2011, j&rsquo;ai \u00e9t\u00e9 op\u00e9r\u00e9 d&rsquo;un cancer de la prostate, solution la plus raisonnable pour un cancer d\u00e9tect\u00e9 pr\u00e9cocement \u00e0 un \u00e2ge o\u00f9 il pouvait se d\u00e9velopper rapidement. La promesse \u00e9tait une gu\u00e9rison.<br \/>\n<\/span><\/p>\n<p><span style=\"color: #777777; font-family: Arial;\">Ce ne fut pas le cas, il y eut r\u00e9cidive en 2013.<br \/>\n<\/span><\/p>\n<p><span style=\"color: #777777; font-family: Arial;\">Bien que ce cancer f\u00fbt d\u00e9tect\u00e9 pr\u00e9cocement et que tout au long de ces ann\u00e9es j&rsquo;ai \u00e9t\u00e9 suivi consciencieusement, l&rsquo;attente dont j&rsquo;ai parl\u00e9 lundi dernier a conduit au diagnostic que cette maladie avait mut\u00e9 en un cancer des os avec des m\u00e9tastases au niveau des vert\u00e8bres. Le langage technique d\u00e9signera cette situation sous le nom de : \u00ab cancer au stade 4 \u00bb qui constitue l&rsquo;avant derni\u00e8re \u00e9tape, celle dans laquelle la m\u00e9decine occidentale sait encore freiner et ralentir la progression de la maladie sans laisser la moindre perspective de gu\u00e9rison.<br \/>\n<\/span><\/p>\n<p><span style=\"color: #777777; font-family: Arial;\">Il me faut donc faire face \u00e0 une maladie plus grave. Je vais le faire avec d\u00e9termination, calme et en \u00e9tant pleinement acteur de ce combat honorable, comme l&rsquo;avait appel\u00e9 Fran\u00e7ois Mitterrand.<br \/>\n<\/span><\/p>\n<p><span style=\"color: #777777; font-family: Arial;\">Les faits s&rsquo;arr\u00eatent l\u00e0.<br \/>\n<\/span><\/p>\n<p><span style=\"color: #777777; font-family: Arial;\">Mais \u00eatre acteur signifie aussi lire beaucoup d&rsquo;articles ou de livres qui donnent des informations, consacrer du temps pour se soigner et accompagner le soin par des temps de silence et d&rsquo;activit\u00e9s physiques.<br \/>\n<\/span><\/p>\n<p><span style=\"color: #777777; font-family: Arial;\">Le temps n&rsquo;\u00e9tant pas extensible, il me faudra consacrer moins de temps \u00e0 mon travail professionnel, mais aussi au temps consacr\u00e9 \u00e0 r\u00e9diger le mot du jour.<br \/>\n<\/span><\/p>\n<p><span style=\"color: #777777; font-family: Arial;\">En aucun cas, le mot du jour ne va se transformer en bulletin de ma sant\u00e9, ni en lieu d&rsquo;\u00e9changes sur ce sujet.<br \/>\n<\/span><\/p>\n<p><span style=\"color: #777777; font-family: Arial;\">Si dans mes lectures ou d\u00e9couvertes consacr\u00e9es \u00e0 la sant\u00e9, j&rsquo;ai le sentiment que telle information, article ou livre m\u00e9riteraient d&rsquo;\u00eatre partag\u00e9, je le ferais.<br \/>\n<\/span><\/p>\n<p><span style=\"color: #777777; font-family: Arial;\">Mais je continuerai \u00e0 m&rsquo;int\u00e9resser \u00e0 tous les autres domaines qui m&rsquo;ont occup\u00e9 jusqu&rsquo;ici et m\u00eame au-del\u00e0.<br \/>\n<\/span><\/p>\n<p><span style=\"color: #777777; font-family: Arial;\">Car je veux continuer \u00e0 interroger, apprendre, comprendre et expliquer.<br \/>\n<\/span><\/p>\n<p><span style=\"color: #777777; font-family: Arial;\">Probablement, au moins dans un premier temps, je r\u00e9digerai moins les mots du jour en allant plus vite vers le lien qui a inspir\u00e9 ma r\u00e9flexion et le d\u00e9sir du partage.<br \/>\n<\/span><\/p>\n<p><span style=\"color: #777777; font-family: Arial;\">Je renverrai aussi parfois \u00e0 des articles d\u00e9j\u00e0 \u00e9crits qui me semblent m\u00e9riter un rappel. J&rsquo;\u00e9crirai aussi probablement plus souvent des mots du jour consacr\u00e9 \u00e0 la musique que j&rsquo;\u00e9coute pour me faire du bien et dont je pourrai partager les bienfaits.<br \/>\n<\/span><\/p>\n<p><span style=\"color: #777777; font-family: Arial;\">Et s&rsquo;il n&rsquo;y a vraiment pas de temps, il y aura des jours de pause.<br \/>\n<\/span><\/p>\n<p><span style=\"color: #777777; font-family: Arial;\">Je me suis r\u00e9solu \u00e0 expliquer le contexte dans lequel cette aventure du mot du jour va continuer, il me semblait que cet exercice de transparence \u00e9tait utile.<br \/>\n<\/span><\/p>\n<p><span style=\"color: #777777; font-family: Arial;\">Et avant notre finitude que j&rsquo;entends repousser jusqu&rsquo;aux limites du possible, il faut vivre tous les jours jusqu&rsquo;\u00e0 ce moment et continuer \u00e0 apprendre sur tous les plans, parce qu&rsquo;apprendre c&rsquo;est la vie.<br \/>\n<\/span><\/p>\n<p><span style=\"color: #777777; font-family: Arial;\">Et les grandes \u00e9preuves permettent d&rsquo;apprendre beaucoup.<br \/>\n<\/span><\/p>\n<p><span style=\"color: #777777; font-family: Arial;\">Comme exergue, j&rsquo;ai choisi une parole du grand artiste am\u00e9ricain qui a accord\u00e9 un entretien au journal \u00ab&nbsp;Le Monde&nbsp;\u00bb \u00e0 l&rsquo;occasion de la sortie de son dernier film&nbsp;:<span style=\"color: #0000ff;\"> <a style=\"color: #0000ff;\" href=\"https:\/\/www.lemonde.fr\/culture\/article\/2019\/01\/23\/rencontre-avec-clint-eastwood-eternel-veteran-du-cinema-americain_5413099_3246.html\">Rencontre avec Clint Eastwood<\/a><\/span>. Cet article a \u00e9t\u00e9 publi\u00e9 le 23 janvier 2019.<br \/>\n<\/span><\/p>\n<p><span style=\"color: maroon; font-family: Arial;\">&lt;1179&gt;<\/span><\/p>\n","protected":false},"excerpt":{"rendered":"<p>\u00abSi je n\u2019apprends plus rien, je suis mort. \u00bb Clint Eastwood Chers amis, chers lecteurs r\u00e9guliers ou occasionnels du mot du jour, J&rsquo;ai longtemps h\u00e9sit\u00e9 avant d&rsquo;\u00e9crire ce mot du jour. Je garde en m\u00e9moire cette r\u00e9ponse de Jacques Brel<\/p>\n","protected":false},"author":1,"featured_media":0,"comment_status":"open","ping_status":"closed","sticky":false,"template":"","format":"standard","meta":{"footnotes":""},"categories":[1],"tags":[19],"class_list":["post-6058","post","type-post","status-publish","format-standard","hentry","category-motdujour","tag-personnel"],"_links":{"self":[{"href":"https:\/\/lemotdujour.fr\/index.php?rest_route=\/wp\/v2\/posts\/6058","targetHints":{"allow":["GET"]}}],"collection":[{"href":"https:\/\/lemotdujour.fr\/index.php?rest_route=\/wp\/v2\/posts"}],"about":[{"href":"https:\/\/lemotdujour.fr\/index.php?rest_route=\/wp\/v2\/types\/post"}],"author":[{"embeddable":true,"href":"https:\/\/lemotdujour.fr\/index.php?rest_route=\/wp\/v2\/users\/1"}],"replies":[{"embeddable":true,"href":"https:\/\/lemotdujour.fr\/index.php?rest_route=%2Fwp%2Fv2%2Fcomments&post=6058"}],"version-history":[{"count":9,"href":"https:\/\/lemotdujour.fr\/index.php?rest_route=\/wp\/v2\/posts\/6058\/revisions"}],"predecessor-version":[{"id":12397,"href":"https:\/\/lemotdujour.fr\/index.php?rest_route=\/wp\/v2\/posts\/6058\/revisions\/12397"}],"wp:attachment":[{"href":"https:\/\/lemotdujour.fr\/index.php?rest_route=%2Fwp%2Fv2%2Fmedia&parent=6058"}],"wp:term":[{"taxonomy":"category","embeddable":true,"href":"https:\/\/lemotdujour.fr\/index.php?rest_route=%2Fwp%2Fv2%2Fcategories&post=6058"},{"taxonomy":"post_tag","embeddable":true,"href":"https:\/\/lemotdujour.fr\/index.php?rest_route=%2Fwp%2Fv2%2Ftags&post=6058"}],"curies":[{"name":"wp","href":"https:\/\/api.w.org\/{rel}","templated":true}]}}