{"id":6035,"date":"2019-01-25T02:49:00","date_gmt":"2019-01-25T01:49:00","guid":{"rendered":"http:\/\/lemotdujour.fr\/?p=6035"},"modified":"2021-08-26T14:48:21","modified_gmt":"2021-08-26T12:48:21","slug":"vendredi-25-janvier-2019","status":"publish","type":"post","link":"https:\/\/lemotdujour.fr\/?p=6035","title":{"rendered":"Vendredi 25 janvier 2019"},"content":{"rendered":"<div class=\"mdjTexte\">\t\u00ab&nbsp;La derni\u00e8re \u00e9treinte&nbsp;\u00bb<\/div>\n<div class=\"mdjAuteur\">\tJan van Hooff et Mama<\/div>\n<p><span style=\"color: #777777; font-family: Arial;\">Avant ce week-end, je quitte l\u00e9g\u00e8rement la r\u00e9flexion sur le temps et l&rsquo;inspiration \u00e0 partir du num\u00e9ro de Courrier International d\u00e9j\u00e0 \u00e9voqu\u00e9. L\u00e9g\u00e8rement car il est bien ici question encore de temps, de temps qui passe, de temps qui reste&#8230;<br \/>\n<\/span><\/p>\n<p><img decoding=\"async\" class=\"alignleft\" src=\"https:\/\/lemotdujour.fr\/wp-content\/uploads\/2019\/01\/012019_2247_Vendredi25j1.jpg\" alt=\"\" align=\"left\"><span style=\"color: #777777; font-family: Arial;\">Au d\u00e9part il y a un nouveau livre de Franz de Waal&nbsp;: \u00ab&nbsp;<a href=\"https:\/\/www.chez-mon-libraire.fr\/livre\/9791020906618-la-derni-re-treinte-le-monde-fabuleux-des-motions-animales-et-ce-qu-il-r-v-le-de-nous-frans-de-waal\/\"><span style=\"color: #0000ff;\">La derni\u00e8re \u00e9treinte<\/span>&nbsp;<\/a>\u00bb<br \/>\n<\/span><\/p>\n<p><span style=\"color: #777777; font-family: Arial;\">J&rsquo;avais \u00e9voqu\u00e9 l&rsquo;\u00e9thologue et primatologue Frans de Waal lors du mot du jour du 28 juin 2017&nbsp;: \u00ab&nbsp;<a href=\"https:\/\/lemotdujour.fr\/?p=2640\"><span style=\"color: #0000ff;\">Est-ce que l&rsquo;homme est plus intelligent que le poulpe ? On ne sait pas<\/span>&nbsp;<\/a>\u00bb<br \/>\n<\/span><\/p>\n<p><span style=\"color: #777777; font-family: Arial;\">J&rsquo;ai d&rsquo;abord entendu Frans de Waal parler de son dernier ouvrage lors d&rsquo;une \u00e9mission de France Culture&nbsp;: \u00ab<span style=\"color: #0000ff;\">&nbsp;<\/span><a href=\"https:\/\/www.franceculture.fr\/emissions\/linvite-des-matins\/la-vie-interieure-des-animaux\"><span style=\"color: #0000ff;\">La vie int\u00e9rieure des animaux<\/span>&nbsp;<\/a>\u00bb qui a \u00e9t\u00e9 diffus\u00e9e le jour de No\u00ebl le 25\/12\/2018.<br \/>\n<\/span><\/p>\n<p><span style=\"color: #777777; font-family: Arial;\">Frans de Waal travaille sur les \u00e9motions des animaux et leur capacit\u00e9 d&#8217;empathie.<br \/>\n<\/span><\/p>\n<p><span style=\"color: #777777; font-family: Arial;\">Dans ce nouvel ouvrage il \u00e9voque le rire, le deuil, la col\u00e8re, la piti\u00e9 car les animaux \u00e9prouvent une palette d&rsquo;\u00e9motions extr\u00eamement vari\u00e9es.<br \/>\n<\/span><\/p>\n<p><span style=\"color: #777777; font-family: Arial;\">Comme je l&rsquo;ai \u00e9crit lors du pr\u00e9c\u00e9dent article, les \u00e9tudes et la connaissance de Frans de Waal remettent en cause nos certitudes.<br \/>\n<\/span><\/p>\n<p><span style=\"color: #777777; font-family: Arial;\">Il fait ainsi \u00e9tat des recherches r\u00e9centes sur les \u00e9motions animales : les mammif\u00e8res et la plupart des oiseaux ressentent des \u00e9motions : tristesse, joie, col\u00e8re, deuil, d\u00e9sir de pouvoir ou sens de l&rsquo;\u00e9quit\u00e9&#8230;<br \/>\n<\/span><\/p>\n<p><span style=\"color: #777777; font-family: Arial;\">Et ce qu&rsquo;il nous dit c&rsquo;est que plut\u00f4t que de penser qu&rsquo;il se laisse aller \u00e0 \u00ab&nbsp;l<strong>&lsquo;anthropomorphisme<\/strong>&nbsp;\u00bb qui est la tendance \u00e0 assimiler l&rsquo;attitude des animaux \u00e0 celles des hommes, nous devrions plut\u00f4t nous interroger sur notre \u00ab&nbsp;<strong>anthropod\u00e9ni<\/strong>&nbsp;\u00bb, c&rsquo;est-\u00e0-dire la croyance vaniteuse des hommes en l&rsquo;incomparabilit\u00e9 de leur esp\u00e8ce.<br \/>\n<\/span><\/p>\n<p><span style=\"color: #777777; font-family: Arial;\">Mais je voudrais insister sur <strong>\u00ab&nbsp;la derni\u00e8re \u00e9treinte<\/strong>&nbsp;\u00bb qu&rsquo;\u00e9voque Frans de Waal et \u00e0 laquelle il n&rsquo;a pas particip\u00e9. L&rsquo;humain impliqu\u00e9 dans cette histoire qui s&rsquo;est d\u00e9roul\u00e9e en avril 2016 est un autre scientifique n\u00e9erlandais&nbsp;: Jan van Hooff<br \/>\n<\/span><\/p>\n<p><span style=\"color: #777777; font-family: Arial;\">Une petite vid\u00e9o de 2 mn montre ce moment d&rsquo;\u00e9motion et de gr\u00e2ce&nbsp;: <a href=\"https:\/\/www.youtube.com\/watch?v=INa-oOAexno\">&lt;<span style=\"color: #0000ff;\">La derni\u00e8re \u00e9treinte<\/span>&gt;<\/a><br \/>\n<\/span><\/p>\n<p><img loading=\"lazy\" decoding=\"async\" class=\"alignleft\" src=\"https:\/\/lemotdujour.fr\/wp-content\/uploads\/2019\/01\/012019_2247_Vendredi25j2.jpg\" alt=\"\" width=\"456\" height=\"268\" align=\"left\"><span style=\"color: #777777; font-family: Arial;\">Aux Pays-Bas, le Burger&rsquo;s Zoo d&rsquo;Arnhem compte une colonie de chimpanz\u00e9s \u00e9tudi\u00e9e de pr\u00e8s par les scientifiques. Depuis les ann\u00e9es 1970, une \u00e9quipe de chercheurs observent la vie quotidienne et les comportements de cette communaut\u00e9. Jusqu&rsquo;en 2016, Mama, une femelle chimpanz\u00e9 de 59 ans, \u00e9tait la matriarche de la communaut\u00e9.<br \/>\n<\/span><\/p>\n<p><span style=\"color: #777777; font-family: Arial;\">En avril 2016, \u00e0 quasiment 60 ans, l&rsquo;animal arrivait \u00e0 la fin de sa vie. Mama \u00e9tait malade et refusait de manger.<br \/>\n<\/span><\/p>\n<p><span style=\"color: #777777; font-family: Arial;\">L&rsquo;\u00e9quipe du zoo a alors eu l&rsquo;id\u00e9e de faire venir le professeur Jan van Hooff. Ce primatologue n\u00e9erlandais est le co-fondateur de cette colonie de chimpanz\u00e9s. Il connaissait Mama depuis 1972 et il avait tiss\u00e9 des liens profonds avec elle.<br \/>\n<\/span><\/p>\n<p><span style=\"color: #777777; font-family: Arial;\">Alors qu&rsquo;elle \u00e9tait sur le point de mourir, la vieille femelle chimpanz\u00e9 reconnait le professeur qui avait commenc\u00e9 \u00e0 s&rsquo;occuper d&rsquo;elle il y a pr\u00e8s de 50 ans. Lorsque l&rsquo;homme s&rsquo;est approch\u00e9 d&rsquo;elle et qu&rsquo;il a commenc\u00e9 \u00e0 lui parler et \u00e0 la caresser, son visage s&rsquo;est illumin\u00e9. L&rsquo;animal affaibli a souri et a tendu sa main vers le professeur.<br \/>\n<\/span><\/p>\n<p><span style=\"color: #777777; font-family: Arial;\">Lorsque Jan van Hooff se penche vers elle, Mama le touche, le caresse, se laisse nourrir et semble l&rsquo;enlacer tandis que Jan van Hooff lui parle.<br \/>\n<\/span><\/p>\n<p><span style=\"color: #777777; font-family: Arial;\">Une semaine apr\u00e8s ces retrouvailles, Mama s&rsquo;est \u00e9teinte \u00e0 l&rsquo;\u00e2ge de 59 ans. Le professeur Jan van Hooff avait publi\u00e9 cette vid\u00e9o sur YouTube.<br \/>\n<\/span><\/p>\n<p><span style=\"color: #777777; font-family: Arial;\">A sa mort, le scientifique lui a rendu hommage :<br \/>\n<\/span><\/p>\n<p style=\"margin-left: 28pt;\"><span style=\"color: #c00000; font-family: Arial;\">\u00ab&nbsp;Mama \u00e9tait un caract\u00e8re unique, si puissant que tous les adultes m\u00e2les essayaient de rester dans ses bonnes gr\u00e2ces mais elle \u00e9tait aussi une source de r\u00e9confort et de soutien pour tous ceux qui \u00e9taient dans le besoin, tant qu&rsquo;ils ne mena\u00e7aient pas sa position [\u2026] Elle me reconnaissait \u00e0 chaque fois que je visitais le zoo et se montrait impatiente de \u00ab&nbsp;parler&nbsp;\u00bb avec moi et de m&rsquo;\u00e9pouiller. Elle nous manquera beaucoup&nbsp;\u00bb.<br \/>\n<\/span><\/p>\n<p><span style=\"color: #777777; font-family: Arial;\">Mama jouait un r\u00f4le social important au sein de la colonie de chimpanz\u00e9s d&rsquo;Arnhem. Et c&rsquo;est dans ce cadre que Frans de Waal l&rsquo;a connu et en a tir\u00e9 une partie de l&rsquo;exp\u00e9rience relat\u00e9 dans \u00ab&nbsp;<a href=\"https:\/\/www.odilejacob.fr\/catalogue\/sciences-humaines\/ethologie\/politique-du-chimpanze_9782738102874.php\"><span style=\"color: #0000ff;\">La Politique du chimpanz\u00e9<\/span>&nbsp;<\/a>\u00bb.<br \/>\n<\/span><\/p>\n<p><span style=\"color: #777777; font-family: Arial;\">J&rsquo;ai tir\u00e9 l&rsquo;ensemble de ces informations de l&rsquo;entretien \u00e0 France Culture d\u00e9j\u00e0 cit\u00e9 et sur deux pages&nbsp;:<br \/>\n<\/span><\/p>\n<p><a href=\"https:\/\/www.maxisciences.com\/chimpanze\/l-emouvante-reaction-d-une-chimpanze-mourante-face-a-l-homme-qui-prenait-soin-d-elle_art39956.html\"><span style=\"font-family: Arial;\"><span style=\"color: #0000ff;\">https:\/\/www.maxisciences.com\/chimpanze\/l-emouvante-reaction-d-une-chimpanze-mourante-face-a-l-homme-qui-prenait-soin-d-elle_art39956.html<\/span><\/span><\/a><span style=\"color: #0000ff; font-family: Arial;\"><br \/>\n<\/span><\/p>\n<p><span style=\"color: #0000ff;\"><a style=\"color: #0000ff;\" href=\"https:\/\/fr.metrotime.be\/2017\/10\/18\/must-read\/video-point-de-mourir-cette-chimpanzee-heureuse-de-retrouver-vieil-ami\/\"><span style=\"font-family: Arial;\">https:\/\/fr.metrotime.be\/2017\/10\/18\/must-read\/video-point-de-mourir-cette-chimpanzee-heureuse-de-retrouver-vieil-ami\/<\/span><\/a><\/span><span style=\"color: #777777; font-family: Arial;\"><br \/>\n<\/span><\/p>\n<p><span style=\"color: #777777; font-family: Arial;\">L&rsquo;\u00e9motion, l&rsquo;affection est \u00e9vidente, la m\u00e9moire et les souvenirs aussi.<br \/>\n<\/span><\/p>\n<p><span style=\"color: #777777; font-family: Arial;\">Mais est-ce que Mama comprenait que pour elle c&rsquo;\u00e9tait le temps de la fin, qu&rsquo;elle \u00e9tait en train de mourir&nbsp;? C&rsquo;est une question.<br \/>\n<\/span><\/p>\n<p><img decoding=\"async\" src=\"https:\/\/lemotdujour.fr\/wp-content\/uploads\/2019\/01\/012019_2247_Vendredi25j3.jpg\" alt=\"\"><span style=\"color: #777777; font-family: Arial;\"><br \/>\n<\/span><\/p>\n<p><span style=\"color: #777777; font-family: Arial;\">Parce que cette r\u00e9ponse de Snoopy \u00e0 Charlie Brown est tr\u00e8s belle, mais cela c&rsquo;est de l&rsquo;anthropomorphisme.<br \/>\n<\/span><\/p>\n<p><span style=\"color: #800000;\">&lt;1178&gt;<\/span><\/p>\n","protected":false},"excerpt":{"rendered":"<p>\u00ab&nbsp;La derni\u00e8re \u00e9treinte&nbsp;\u00bb Jan van Hooff et Mama Avant ce week-end, je quitte l\u00e9g\u00e8rement la r\u00e9flexion sur le temps et l&rsquo;inspiration \u00e0 partir du num\u00e9ro de Courrier International d\u00e9j\u00e0 \u00e9voqu\u00e9. L\u00e9g\u00e8rement car il est bien ici question encore de temps,<\/p>\n","protected":false},"author":1,"featured_media":0,"comment_status":"open","ping_status":"closed","sticky":false,"template":"","format":"standard","meta":{"footnotes":""},"categories":[1],"tags":[60,48,35],"class_list":["post-6035","post","type-post","status-publish","format-standard","hentry","category-motdujour","tag-animal","tag-nature","tag-sciences"],"_links":{"self":[{"href":"https:\/\/lemotdujour.fr\/index.php?rest_route=\/wp\/v2\/posts\/6035","targetHints":{"allow":["GET"]}}],"collection":[{"href":"https:\/\/lemotdujour.fr\/index.php?rest_route=\/wp\/v2\/posts"}],"about":[{"href":"https:\/\/lemotdujour.fr\/index.php?rest_route=\/wp\/v2\/types\/post"}],"author":[{"embeddable":true,"href":"https:\/\/lemotdujour.fr\/index.php?rest_route=\/wp\/v2\/users\/1"}],"replies":[{"embeddable":true,"href":"https:\/\/lemotdujour.fr\/index.php?rest_route=%2Fwp%2Fv2%2Fcomments&post=6035"}],"version-history":[{"count":10,"href":"https:\/\/lemotdujour.fr\/index.php?rest_route=\/wp\/v2\/posts\/6035\/revisions"}],"predecessor-version":[{"id":12077,"href":"https:\/\/lemotdujour.fr\/index.php?rest_route=\/wp\/v2\/posts\/6035\/revisions\/12077"}],"wp:attachment":[{"href":"https:\/\/lemotdujour.fr\/index.php?rest_route=%2Fwp%2Fv2%2Fmedia&parent=6035"}],"wp:term":[{"taxonomy":"category","embeddable":true,"href":"https:\/\/lemotdujour.fr\/index.php?rest_route=%2Fwp%2Fv2%2Fcategories&post=6035"},{"taxonomy":"post_tag","embeddable":true,"href":"https:\/\/lemotdujour.fr\/index.php?rest_route=%2Fwp%2Fv2%2Ftags&post=6035"}],"curies":[{"name":"wp","href":"https:\/\/api.w.org\/{rel}","templated":true}]}}