{"id":602,"date":"2014-02-13T01:00:00","date_gmt":"2014-02-12T22:00:00","guid":{"rendered":"http:\/\/lemotdujour.fr\/?p=602"},"modified":"2017-05-08T13:21:00","modified_gmt":"2017-05-08T11:21:00","slug":"jeudi-13022014","status":"publish","type":"post","link":"https:\/\/lemotdujour.fr\/?p=602","title":{"rendered":"Jeudi 13\/02\/2014"},"content":{"rendered":"<div class=\"mdjDate\">Jeudi 13\/02\/2014<\/div>\n<div class=\"mdjTexte\">\u00ab\u00a0Le mal doit se faire tout d&rsquo;une fois: <br \/>comme on a moins de temps pour y go\u00fbter, il offensera moins; <br \/>le bien doit se faire petit \u00e0 petit afin qu&rsquo;on le savoure mieux. \u00bb<\/div>\n<div class=\"mdjAuteur\">Machiavel<br \/>Le Prince chapitre VIII<\/div>\n<div class=\"mdjComplements\">Il s&rsquo;agit donc du conseil de Machiavel \u00e0 un Prince qui doit entreprendre des r\u00e9formes difficiles afin de sauvegarder l&rsquo;int\u00e9grit\u00e9 et la puissance de son royaume.<\/div>\n<div class=\"mdjComplements\">La question reste cependant celle de la Direction o\u00f9 le prince emm\u00e8ne son royaume. Autrement dit, est-ce un mal pour un bien \u00e0 long terme ou est-ce un mal inutile.<\/div>\n<div class=\"mdjComplements\">Pour la France actuelle, la Direction pose question, mais une chose est s\u00fbre le conseil de Machiavel n&rsquo;est pas suivi.<\/div>\n<div class=\"mdjComplements\">Notons que si on n&rsquo;est pas certain de la Direction, il vaut peut-\u00eatre mieux.<\/div>\n<div class=\"mdjComplements\">Que le Ciel vous tienne en joie et que le trouble des questions ne perturbe pas votre s\u00e9r\u00e9nit\u00e9.<\/div>\n","protected":false},"excerpt":{"rendered":"<p>Jeudi 13\/02\/2014 \u00ab\u00a0Le mal doit se faire tout d&rsquo;une fois: comme on a moins de temps pour y go\u00fbter, il offensera moins; le bien doit se faire petit \u00e0 petit afin qu&rsquo;on le savoure mieux. \u00bb MachiavelLe Prince chapitre VIII<\/p>\n","protected":false},"author":1,"featured_media":0,"comment_status":"closed","ping_status":"closed","sticky":false,"template":"","format":"standard","meta":{"footnotes":""},"categories":[1],"tags":[],"class_list":["post-602","post","type-post","status-publish","format-standard","hentry","category-motdujour"],"_links":{"self":[{"href":"https:\/\/lemotdujour.fr\/index.php?rest_route=\/wp\/v2\/posts\/602","targetHints":{"allow":["GET"]}}],"collection":[{"href":"https:\/\/lemotdujour.fr\/index.php?rest_route=\/wp\/v2\/posts"}],"about":[{"href":"https:\/\/lemotdujour.fr\/index.php?rest_route=\/wp\/v2\/types\/post"}],"author":[{"embeddable":true,"href":"https:\/\/lemotdujour.fr\/index.php?rest_route=\/wp\/v2\/users\/1"}],"replies":[{"embeddable":true,"href":"https:\/\/lemotdujour.fr\/index.php?rest_route=%2Fwp%2Fv2%2Fcomments&post=602"}],"version-history":[{"count":1,"href":"https:\/\/lemotdujour.fr\/index.php?rest_route=\/wp\/v2\/posts\/602\/revisions"}],"predecessor-version":[{"id":603,"href":"https:\/\/lemotdujour.fr\/index.php?rest_route=\/wp\/v2\/posts\/602\/revisions\/603"}],"wp:attachment":[{"href":"https:\/\/lemotdujour.fr\/index.php?rest_route=%2Fwp%2Fv2%2Fmedia&parent=602"}],"wp:term":[{"taxonomy":"category","embeddable":true,"href":"https:\/\/lemotdujour.fr\/index.php?rest_route=%2Fwp%2Fv2%2Fcategories&post=602"},{"taxonomy":"post_tag","embeddable":true,"href":"https:\/\/lemotdujour.fr\/index.php?rest_route=%2Fwp%2Fv2%2Ftags&post=602"}],"curies":[{"name":"wp","href":"https:\/\/api.w.org\/{rel}","templated":true}]}}