{"id":6017,"date":"2019-01-22T01:00:19","date_gmt":"2019-01-22T00:00:19","guid":{"rendered":"http:\/\/lemotdujour.fr\/?p=6017"},"modified":"2021-08-26T14:52:52","modified_gmt":"2021-08-26T12:52:52","slug":"mardi-22-janvier-2020","status":"publish","type":"post","link":"https:\/\/lemotdujour.fr\/?p=6017","title":{"rendered":"Mardi 22 janvier 2019"},"content":{"rendered":"<div class=\"mdjTexte\">\t\u00ab&nbsp;Les blancs ont la montre, nous avons le temps.&nbsp;\u00bb<\/div>\n<div class=\"mdjAuteur\">\tProverbe africain cit\u00e9 par Courrier International du 20 d\u00e9cembre 2018 au 9 janvier 2019<\/div>\n<p><span style=\"color: #777777; font-family: Arial;\">Avant la pause de no\u00ebl, j&rsquo;avais entrepris une r\u00e9flexion sur le temps qui passe, \u00e0 l&rsquo;aune d&rsquo;une phrase que ma grand-m\u00e8re pronon\u00e7ait r\u00e9guli\u00e8rement \u00e0 la sortie de No\u00ebl&nbsp;: \u00ab&nbsp;<span style=\"color: #0000ff;\"><a style=\"color: #0000ff;\" href=\"https:\/\/lemotdujour.fr\/?p=5986\">Bient\u00f4t P\u00e2ques&nbsp;<\/a><\/span>\u00bb.<br \/>\n<\/span><\/p>\n<p><span style=\"color: #777777; font-family: Arial;\">Apr\u00e8s la pause, le mot du jour d&rsquo;hier \u00e9tait centr\u00e9 sur l&rsquo;attente qui est encore une r\u00e9flexion sur le temps.<br \/>\n<\/span><\/p>\n<p><span style=\"color: #777777; font-family: Arial;\">Pendant cette p\u00e9riode, mon ami Jean-Fran\u00e7ois de Dijon m&rsquo;a envoy\u00e9 par courrier un num\u00e9ro de \u00ab&nbsp;<strong>Courrier International<\/strong>&nbsp;\u00bb qui portait comme titre sur sa page de couverture&nbsp;: \u00ab&nbsp;<a href=\"https:\/\/www.courrierinternational.com\/magazine\/2018\/1468-1469-1470-magazine\"><span style=\"color: #0000ff;\">Le temps passe-t-il trop vite&nbsp;?&nbsp;<\/span><\/a>\u00bb avec le souhait que ces articles de la presse internationale f\u00e9condent ma r\u00e9flexion et puissent, peut-\u00eatre, alimenter le mot du jour.<br \/>\n<\/span><\/p>\n<p><span style=\"color: #777777; font-family: Arial;\">Je crois que ce num\u00e9ro est venu au bon moment et je vais donc partager avec vous ces connaissances ou ces sp\u00e9culations sur ce \u00ab&nbsp;<strong>temps<\/strong>&nbsp;\u00bb qui obs\u00e8de homo sapiens pour l&rsquo;occuper, pour le retenir, pour l&rsquo;allonger et au-del\u00e0, le plus important pour moi&nbsp;: <strong>le remplir<\/strong>.<br \/>\n<\/span><\/p>\n<p><span style=\"color: #777777; font-family: Arial;\">Le premier article que je souhaite partager a \u00e9t\u00e9 publi\u00e9 dans le journal espagnol \u00ab&nbsp;<strong>El Independiente<\/strong>&nbsp;\u00bb et pour titre&nbsp;: \u00ab&nbsp;<a href=\"https:\/\/www.courrierinternational.com\/article\/technologie-pourquoi-nous-sommes-devenus-si-impatients\"><span style=\"color: #0000ff;\">Pourquoi nous sommes devenus impatients&nbsp;<\/span><\/a>\u00bb. J&rsquo;ai cependant pr\u00e9f\u00e9r\u00e9 utilis\u00e9 comme exergue, un proverbe africain \u00e9galement cit\u00e9 par le journal parce que cette phrase me parait plus po\u00e9tique et que la montre est certainement une des raisons de cette impatience. Alors quand on parle de montre connect\u00e9e et que l&rsquo;on y voit que les innombrables services que ce tout petit objet peut rendre, il ne faudrait pas n\u00e9gliger aussi les cons\u00e9quences de la \u00ab&nbsp;servitude volontaire&nbsp;\u00bb qu&rsquo;elle impose et imposera \u00e0 ses utilisateurs qui deviendront peut \u00eatre des esclaves modernes de l&rsquo;impatience et du flux des donn\u00e9es et de l&rsquo;information qui comme une avalanche nous submerge.<br \/>\n<\/span><\/p>\n<p><span style=\"color: #777777; font-family: Arial;\">L&rsquo;article commence par la description d&rsquo;un fait, lorsque le journaliste appelle la chercheuse <strong>Amparo Las\u00e9n,<\/strong> cette derni\u00e8re est en pleine dispute avec son fils qui lui reproche d&rsquo;avoir oubli\u00e9 son portable \u00e0 la maison ce qui ne lui a pas permis de la joindre pendant deux heures.<em><br \/>\n<\/em><\/span><\/p>\n<p><span style=\"color: #777777; font-family: Arial;\">Cette tyrannie a \u00e9t\u00e9 \u00e9voqu\u00e9e plusieurs fois par le mot du jour et particuli\u00e8rement lorsque j&rsquo;ai \u00e9voqu\u00e9 cette phrase \u00e9crite par Philip Roth&nbsp;: <\/span><br \/>\n<a href=\"https:\/\/lemotdujour.fr\/?p=4003\"><span style=\"font-family: Arial;\">\u00ab&nbsp;<span style=\"color: #0000ff;\">Qu&rsquo;est-ce qui s&rsquo;\u00e9tait pass\u00e9 depuis dix ans pour qu&rsquo;il y ait soudain tant de choses \u00e0 dire, \u00e0 dire de si urgent que \u00e7\u00e0 ne pouvait pas attendre ?&nbsp;\u00bb<\/span><\/span><\/a><span style=\"color: #777777; font-family: Arial;\"><br \/>\n<\/span><\/p>\n<p><span style=\"color: #777777; font-family: Arial;\">Une pression diffuse et pourtant omnipr\u00e9sente nous impose non seulement dans le monde professionnel mais aussi dans le cercle familial et amical d&rsquo;\u00eatre accessible en permanence. Si nous n&rsquo;y prenons garde nous sommes dans les deux r\u00f4les celui qui irrite la personne qui ne parvient pas \u00e0 nous joindre mais aussi de celui \u00e0 qui il para\u00eet insupportable de devoir attendre une r\u00e9ponse de quelqu&rsquo;un qui n&rsquo;est pas joignable,<br \/>\n<\/span><\/p>\n<p><span style=\"color: #777777; font-family: Arial;\">Oui&nbsp;! Qu&rsquo;est ce qui s&rsquo;est pass\u00e9&nbsp;?<br \/>\n<\/span><\/p>\n<p><span style=\"color: #777777; font-family: Arial;\">Amparo Las\u00e9n est professeure de sociologie de l&rsquo;universit\u00e9 Complutense de Madrid et sa sp\u00e9cialit\u00e9 est de r\u00e9pondre \u00e0 la question : comment l&rsquo;\u00e8re num\u00e9rique nous transforme&nbsp;?<br \/>\n<\/span><\/p>\n<p><span style=\"color: #777777; font-family: Arial;\">Elle \u00e9tudie notamment l&rsquo;impact des t\u00e9l\u00e9phones portables sur notre vie quotidienne et conclut, comme Philip Roth, que notre capacit\u00e9 \u00e0 attendre s&rsquo;est d\u00e9grad\u00e9e de fa\u00e7on ahurissante ces dix derni\u00e8res ann\u00e9es, depuis que nous avons un t\u00e9l\u00e9phone portable dans la poche.<br \/>\n<\/span><\/p>\n<p><span style=\"color: #777777; font-family: Arial;\">Mais notre d\u00e9pendance envers le mobile n&rsquo;est pas le seul sympt\u00f4me de cette d\u00e9gradation. En r\u00e9alit\u00e9, le temps comme valeur marchande est un concept relativement r\u00e9cent.<br \/>\n<\/span><\/p>\n<p><span style=\"color: #777777; font-family: Arial;\">Francesc N\u00fa\u00f1ez, directeur du mast\u00e8re en humanit\u00e9s de l&rsquo;universit\u00e9 ouverte de Catalogne (UOC) explique&nbsp;:<br \/>\n<\/span><\/p>\n<p style=\"margin-left: 28pt;\"><span style=\"color: #c00000; font-family: Arial;\"> \u00ab&nbsp;Avant l&rsquo;industrialisation, le temps n&rsquo;\u00e9tait pas per\u00e7u comme quelque chose de monnayable&nbsp;\u00bb<br \/>\n<\/span><\/p>\n<p><span style=\"color: #777777; font-family: Arial;\">J&rsquo;ai fait une recherche pour essayer de d\u00e9couvrir qui a invent\u00e9 cette formule que chacun \u00e2nonne aujourd&rsquo;hui comme s&rsquo;il s&rsquo;agissait d&rsquo;une v\u00e9rit\u00e9 scientifique&nbsp;: \u00ab&nbsp;Le temps c&rsquo;est de l&rsquo;argent&nbsp;\u00bb. Il semble qu&rsquo;il s&rsquo;agisse de <a href=\"https:\/\/fr.wikipedia.org\/wiki\/Benjamin_Franklin\"><span style=\"color: #0000ff;\">Benjamin Franklin<\/span><\/a><span style=\"color: #0000ff;\">,<\/span> donc un des fondateurs des Etats-Unis d&rsquo;Am\u00e9rique (1706 &#8211; 1790) ce qui situe bien cette phrase au d\u00e9but de la r\u00e9volution industrielle.<br \/>\n<\/span><\/p>\n<p><span style=\"color: #777777; font-family: Arial;\">Francesc N\u00fa\u00f1ez ajoute&nbsp;:<br \/>\n<\/span><\/p>\n<p style=\"margin-left: 28pt;\"><span style=\"color: #c00000; font-family: Arial;\">\u00ab&nbsp;Internet fait voler en \u00e9clats notre mani\u00e8re de vivre le temps. Avec Google et les r\u00e9seaux sociaux on a l&rsquo;impression de s&rsquo;affranchir de l&rsquo;espace et du temps. N&rsquo;importe quelle action peut \u00eatre r\u00e9alis\u00e9e \u00e0 tout moment, nous oublions que nous n&rsquo;avons pas la ma\u00eetrise du temps. [avec Whatsapp, Twitter, Instagram, Facebook] nous avons \u00e9norm\u00e9ment multipli\u00e9 nos relations avec notre entourage en vue de faire des choses, mais tant d&rsquo;imm\u00e9diatet\u00e9 comporte le risque d&rsquo;une insatisfaction constante.&nbsp;\u00bb<br \/>\n<\/span><\/p>\n<p><span style=\"color: #777777; font-family: Arial;\">Et quand des sp\u00e9cialistes des sciences cognitives comme le Professeur Jordi Vallverdu de l&rsquo;Universit\u00e9 autonome de Barcelone d\u00e9cryptent ce qu&rsquo;ils ont compris cela donne cela&nbsp;:<br \/>\n<\/span><\/p>\n<p style=\"margin-left: 28pt;\"><span style=\"color: #c00000; font-family: Arial;\">\u00ab&nbsp;Les likes agissent sur la neurochimie du cerveau. Sur les r\u00e9seaux sociaux nous sommes comme ces rats de laboratoire qui courent apr\u00e8s les r\u00e9compenses. [\u2026] \u00e0 chaque like nous avons une mont\u00e9e de dopamine et cela cr\u00e9e une d\u00e9pendance. [\u2026] A mesure que le num\u00e9rique s&rsquo;est immisc\u00e9 dans notre vie sociale, il a de plus en plus fauss\u00e9 notre perception de l&rsquo;espace et du temps.&nbsp;\u00bb<br \/>\n<\/span><\/p>\n<p><span style=\"color: #777777; font-family: Arial;\">Gr\u00e2ce \u00e0 cet article, j&rsquo;ai appris un nouveau concept&nbsp;: le \u00ab&nbsp;<strong>Fomo&nbsp;<\/strong>\u00bb<br \/>\n<\/span><\/p>\n<p style=\"margin-left: 28pt;\"><span style=\"color: #c00000; font-family: Arial;\">\u00ab&nbsp;L&rsquo;abondance de divertissements disponibles \u00e0 l&rsquo;\u00e8re num\u00e9rique donne lieu \u00e0 ce que les sp\u00e9cialistes appellent le \u00ab&nbsp;<strong>Fomo&nbsp;<\/strong>\u00bb (fear of missing out) la peur de passer \u00e0 c\u00f4t\u00e9 de quelque chose d&rsquo;important&nbsp;\u00bb.<br \/>\n<\/span><\/p>\n<p><span style=\"color: #777777; font-family: Arial;\">Il semblerait comme le r\u00e9v\u00e8le cet article et je l&rsquo;ai lu \u00e9galement dans d&rsquo;autres articles que la capacit\u00e9 d&rsquo;attention des jeunes g\u00e9n\u00e9rations diminue \u00e9norm\u00e9ment par rapport \u00e0 leurs ain\u00e9s. L&rsquo;article \u00e9voque une moyenne de 12 secondes.<br \/>\n<\/span><\/p>\n<p><span style=\"color: #777777; font-family: Arial;\">Pour ma part, je reste tr\u00e8s prudent par rapport \u00e0 ce type d&rsquo;information, je ne suis pas s\u00fbr qu&rsquo;on mesure toute la complexit\u00e9 de la mutation qui est en train de se r\u00e9aliser. Car il me semble que sur des jeux vid\u00e9o strat\u00e9giques des jeunes gamers sont capables d&rsquo;une concentration tr\u00e8s prolong\u00e9e. En tout cas, il se passe quelque chose au niveau de l&rsquo;attention, probablement que certains \u00e9prouvent de grandes difficult\u00e9s de se concentrer sur des textes \u00e9crits qui demandent de longue p\u00e9riode concentration. Mais parler simplement d&rsquo;une capacit\u00e9 d&rsquo;attention de 12 secondes, quel que soit le sujet de l&rsquo;attention, me semble un peu court, comme aurait dit Cyrano.<br \/>\n<\/span><\/p>\n<p><span style=\"color: #777777; font-family: Arial;\">En revanche, si on n&rsquo;en revient au mot du jour d&rsquo;hier le <strong>\u00ab&nbsp;savoir attendre<\/strong>&nbsp;\u00bb a clairement diminu\u00e9, alors que comme le dit Amparo Las\u00e9n&nbsp;:<br \/>\n<\/span><\/p>\n<p style=\"margin-left: 28pt;\"><span style=\"color: #c00000; font-family: Arial;\">\u00ab&nbsp;C&rsquo;\u00e9tait autrefois une qualit\u00e9 associ\u00e9 \u00e0 la maturit\u00e9&nbsp;\u00bb.<br \/>\n<\/span><\/p>\n<p><span style=\"color: #777777; font-family: Arial;\">Et elle continue sur ce sujet en tirant les cons\u00e9quences sur les relations sociales&nbsp;:<br \/>\n<\/span><\/p>\n<p style=\"margin-left: 28pt;\"><span style=\"color: #c00000; font-family: Arial;\">\u00ab&nbsp;Nous faisons culpabiliser les autres de nos propres urgences.&nbsp;\u00bb<br \/>\n<\/span><\/p>\n<p><span style=\"color: #777777; font-family: Arial;\">Et Fransesc Nunez ajoute&nbsp;:<br \/>\n<\/span><\/p>\n<p style=\"margin-left: 28pt;\"><span style=\"color: #c00000; font-family: Arial;\">\u00ab&nbsp;Nous finissons par nous imaginer que le temps n&rsquo;existe pas pour les autres, et nous exigeons d&rsquo;eux qu&rsquo;ils s&rsquo;adaptent \u00e0 nos besoins. Mais le fait que je sois press\u00e9 ne veut pas dire que je doive obliger l&rsquo;autre \u00e0 s&rsquo;occuper de moi toutes affaires cessantes&nbsp;\u00bb.<br \/>\n<\/span><\/p>\n<p><span style=\"color: #777777; font-family: Arial;\">L&rsquo;article donne la conclusion \u00e0 Jordi Vallverdu&nbsp;:<br \/>\n<\/span><\/p>\n<p style=\"margin-left: 28pt;\"><span style=\"color: #c00000; font-family: Arial;\">\u00ab&nbsp;Pour ne pas perdre le contr\u00f4le de notre temps, nous devrions arr\u00eater de r\u00e9pondre \u00e0 tout et r\u00e9duire le nombre d&rsquo;heures o\u00f9 nous sommes connect\u00e9s. Au restaurant, on ne prend pas tous les plats de la carte. Il faudrait faire de m\u00eame avec l&rsquo;information&nbsp;: on n&rsquo;a pas \u00e0 tout avaler pour la simple raison que cela appara\u00eet sur les r\u00e9seaux.&nbsp;\u00bb.<br \/>\n<\/span><\/p>\n<p><span style=\"color: #777777; font-family: Arial;\">Et j&rsquo;ajouterai simplement que notre temps est limit\u00e9, il est donc indispensable de choisir, de s\u00e9lectionner ce qui le remplira pour notre \u00e9quilibre personnel, ce qui nous nourrit vraiment et simplement nous fait du bien. Et je crois fermement que parmi ce que nous pouvons et devrions \u00e9carter il n&rsquo;y a pas seulement la fr\u00e9n\u00e9sie du flux d&rsquo;informations num\u00e9riques mais bien d&rsquo;autres accapareurs de temps inutiles et malfaisants.<\/span><\/p>\n<p><span style=\"color: #800000;\">&lt;1175&gt;<\/span><\/p>\n","protected":false},"excerpt":{"rendered":"<p>\u00ab&nbsp;Les blancs ont la montre, nous avons le temps.&nbsp;\u00bb Proverbe africain cit\u00e9 par Courrier International du 20 d\u00e9cembre 2018 au 9 janvier 2019 Avant la pause de no\u00ebl, j&rsquo;avais entrepris une r\u00e9flexion sur le temps qui passe, \u00e0 l&rsquo;aune d&rsquo;une<\/p>\n","protected":false},"author":1,"featured_media":0,"comment_status":"open","ping_status":"closed","sticky":false,"template":"","format":"standard","meta":{"footnotes":""},"categories":[1],"tags":[32,6],"class_list":["post-6017","post","type-post","status-publish","format-standard","hentry","category-motdujour","tag-numerique","tag-philosophie"],"_links":{"self":[{"href":"https:\/\/lemotdujour.fr\/index.php?rest_route=\/wp\/v2\/posts\/6017","targetHints":{"allow":["GET"]}}],"collection":[{"href":"https:\/\/lemotdujour.fr\/index.php?rest_route=\/wp\/v2\/posts"}],"about":[{"href":"https:\/\/lemotdujour.fr\/index.php?rest_route=\/wp\/v2\/types\/post"}],"author":[{"embeddable":true,"href":"https:\/\/lemotdujour.fr\/index.php?rest_route=\/wp\/v2\/users\/1"}],"replies":[{"embeddable":true,"href":"https:\/\/lemotdujour.fr\/index.php?rest_route=%2Fwp%2Fv2%2Fcomments&post=6017"}],"version-history":[{"count":10,"href":"https:\/\/lemotdujour.fr\/index.php?rest_route=\/wp\/v2\/posts\/6017\/revisions"}],"predecessor-version":[{"id":12081,"href":"https:\/\/lemotdujour.fr\/index.php?rest_route=\/wp\/v2\/posts\/6017\/revisions\/12081"}],"wp:attachment":[{"href":"https:\/\/lemotdujour.fr\/index.php?rest_route=%2Fwp%2Fv2%2Fmedia&parent=6017"}],"wp:term":[{"taxonomy":"category","embeddable":true,"href":"https:\/\/lemotdujour.fr\/index.php?rest_route=%2Fwp%2Fv2%2Fcategories&post=6017"},{"taxonomy":"post_tag","embeddable":true,"href":"https:\/\/lemotdujour.fr\/index.php?rest_route=%2Fwp%2Fv2%2Ftags&post=6017"}],"curies":[{"name":"wp","href":"https:\/\/api.w.org\/{rel}","templated":true}]}}