{"id":600,"date":"2014-02-12T01:00:00","date_gmt":"2014-02-11T22:00:00","guid":{"rendered":"http:\/\/lemotdujour.fr\/?p=600"},"modified":"2017-05-08T13:20:58","modified_gmt":"2017-05-08T11:20:58","slug":"mercredi-12022014","status":"publish","type":"post","link":"https:\/\/lemotdujour.fr\/?p=600","title":{"rendered":"Mercredi 12\/02\/2014"},"content":{"rendered":"<div class=\"mdjDate\">Mercredi 12\/02\/2014<\/div>\n<div class=\"mdjTexte\">\u00ab19%\u00bb<\/div>\n<div class=\"mdjAuteur\">Dernier indice de confiance du Pr\u00e9sident Hollande. (barom\u00e8tre de f\u00e9vrier TNS Sofres)<\/div>\n<div class=\"mdjComplements\">Le mot du jour est un chiffre.<\/div>\n<div class=\"mdjComplements\">Que dire sur un chiffre \u00e0 qui, on le sait, on fait dire n&rsquo;importe quoi ?<\/div>\n<div class=\"mdjComplements\">D&rsquo;abord que si un chiffre en tant que tel ne veut rien dire, la mesure dans les m\u00eames conditions sur un m\u00eame sujet, donne du sens \u00e0 l&rsquo;indicateur.<\/div>\n<div class=\"mdjComplements\">Cet indicateur montre donc, que le pr\u00e9sident actuel a battu le record de manque de confiance, depuis l&rsquo;instauration de cet indicateur.<\/div>\n<div class=\"mdjComplements\">Les records sont faits pour \u00eatre battus, mais d&rsquo;habitude c&rsquo;est dans l&rsquo;autre sens.<\/div>\n<div class=\"mdjComplements\">Ensuite, il y a une r\u00e9flexion plus politique et plus profonde. Lorsque un Homme d&rsquo;Etat fait une politique qui au long terme sera b\u00e9n\u00e9fique pour son pays, il peut, \u00e0 court terme, \u00eatre tr\u00e8s impopulaire.<\/div>\n<div class=\"mdjComplements\">Mais l&rsquo;exp\u00e9rience nous montre que au regard de l&rsquo;Histoire cet Homme d&rsquo;Etat sera r\u00e9habilit\u00e9. Lorsqu&rsquo;on se trouve dans cette situation, il est pertinent de parler d&rsquo;une \u00ab\u00a0saine\u00a0\u00bb impopularit\u00e9.<\/div>\n<div class=\"mdjComplements\">Mais cela signifie aussi qu&rsquo;il peut exister des cas o\u00f9 un dirigeant est impopulaire pour d&rsquo;autres raisons. Ces raisons peuvent \u00eatre multiples : le peuple ne comprend pas o\u00f9 on va, le peuple ne croit pas \u00e0 la capacit\u00e9 du dirigeant de mener le pays dans une bonne direction, le peuple pense que la direction prise n&rsquo;est pas la bonne&#8230; Il y en a certainement d&rsquo;autres.<\/div>\n<div class=\"mdjComplements\">Je laisse \u00e0 chacun le choix de la r\u00e9ponse \u00e0 cette question : est-ce que notre chef d&rsquo;Etat est impopulaire pour de bonnes raisons ou pour de mauvaises raisons ?<\/div>\n<div class=\"mdjComplements\"><a href=\"http:\/\/www.liberation.fr\/politiques\/2014\/02\/06\/sondage-hollande-sous-les-20-de-confiance-une-premiere_978334\">&lt;Article de Lib\u00e9ration&gt;<\/a><\/div>\n","protected":false},"excerpt":{"rendered":"<p>Mercredi 12\/02\/2014 \u00ab19%\u00bb Dernier indice de confiance du Pr\u00e9sident Hollande. (barom\u00e8tre de f\u00e9vrier TNS Sofres) Le mot du jour est un chiffre. Que dire sur un chiffre \u00e0 qui, on le sait, on fait dire n&rsquo;importe quoi ? D&rsquo;abord que<\/p>\n","protected":false},"author":1,"featured_media":0,"comment_status":"closed","ping_status":"closed","sticky":false,"template":"","format":"standard","meta":{"footnotes":""},"categories":[1],"tags":[],"class_list":["post-600","post","type-post","status-publish","format-standard","hentry","category-motdujour"],"_links":{"self":[{"href":"https:\/\/lemotdujour.fr\/index.php?rest_route=\/wp\/v2\/posts\/600","targetHints":{"allow":["GET"]}}],"collection":[{"href":"https:\/\/lemotdujour.fr\/index.php?rest_route=\/wp\/v2\/posts"}],"about":[{"href":"https:\/\/lemotdujour.fr\/index.php?rest_route=\/wp\/v2\/types\/post"}],"author":[{"embeddable":true,"href":"https:\/\/lemotdujour.fr\/index.php?rest_route=\/wp\/v2\/users\/1"}],"replies":[{"embeddable":true,"href":"https:\/\/lemotdujour.fr\/index.php?rest_route=%2Fwp%2Fv2%2Fcomments&post=600"}],"version-history":[{"count":1,"href":"https:\/\/lemotdujour.fr\/index.php?rest_route=\/wp\/v2\/posts\/600\/revisions"}],"predecessor-version":[{"id":601,"href":"https:\/\/lemotdujour.fr\/index.php?rest_route=\/wp\/v2\/posts\/600\/revisions\/601"}],"wp:attachment":[{"href":"https:\/\/lemotdujour.fr\/index.php?rest_route=%2Fwp%2Fv2%2Fmedia&parent=600"}],"wp:term":[{"taxonomy":"category","embeddable":true,"href":"https:\/\/lemotdujour.fr\/index.php?rest_route=%2Fwp%2Fv2%2Fcategories&post=600"},{"taxonomy":"post_tag","embeddable":true,"href":"https:\/\/lemotdujour.fr\/index.php?rest_route=%2Fwp%2Fv2%2Ftags&post=600"}],"curies":[{"name":"wp","href":"https:\/\/api.w.org\/{rel}","templated":true}]}}