{"id":5986,"date":"2018-12-21T01:31:20","date_gmt":"2018-12-21T00:31:20","guid":{"rendered":"http:\/\/lemotdujour.fr\/?p=5986"},"modified":"2021-09-07T14:51:39","modified_gmt":"2021-09-07T12:51:39","slug":"vendredi-21-decembre-2018","status":"publish","type":"post","link":"https:\/\/lemotdujour.fr\/?p=5986","title":{"rendered":"Vendredi 21 d\u00e9cembre 2018"},"content":{"rendered":"<div class=\"mdjTexte\">\u00ab&nbsp;Bient\u00f4t P\u00e2ques&nbsp;\u00bb<\/div>\n<div class=\"mdjAuteur\">Ma grand-m\u00e8re maternelle, d\u00e8s que les f\u00eates de fin d&rsquo;ann\u00e9e \u00e9taient termin\u00e9es<\/div>\n<p><span style=\"color: #777777; font-family: Arial;\">Il est temps d&rsquo;arr\u00eater de parler des affaires du monde et de la France, puisque le moment des f\u00eates de fin d&rsquo;ann\u00e9e d\u00e9bute.<br \/>\n<\/span><\/p>\n<p><span style=\"color: #777777; font-family: Arial;\">C&rsquo;est un moment de cadeaux, d&rsquo;\u00e9changes, de repas.<br \/>\n<\/span><\/p>\n<p><span style=\"color: #777777; font-family: Arial;\">Pour Annie et moi, il s&rsquo;agit aussi du moment de faire les g\u00e2teaux de No\u00ebl alsaciens.<br \/>\n<\/span><\/p>\n<p><span style=\"color: #777777; font-family: Arial;\">Et quand je pense g\u00e2teau, je pense \u00e0 ma grand-m\u00e8re maternelle dont le nom de Naissance \u00e9tait <strong>Franziska Kordonowski<\/strong>.<br \/>\n<\/span><\/p>\n<p><span style=\"color: #777777; font-family: Arial;\">Elle \u00e9tait polonaise et se disait polonaise, bien que le jour de sa naissance le 15\/06\/1898, la Pologne n&rsquo;existait pas, ou n&rsquo;existait plus ou ne r\u00e9existait pas encore.<br \/>\n<\/span><\/p>\n<p><img decoding=\"async\" class=\"alignleft\" src=\"https:\/\/lemotdujour.fr\/wp-content\/uploads\/2018\/12\/122018_2127_Vendredi21d1.jpg\" alt=\"\" align=\"left\"><span style=\"color: #777777; font-family: Arial;\">Un matin, alors que je sortais du m\u00e9tro et que je me demandais quel mot du jour je pourrais bien trouver pour clore cette ann\u00e9e 2018, avant la tr\u00eave de No\u00ebl, le regard doux et bienveillant de ma grand-m\u00e8re m&rsquo;est apparu.<br \/>\n<\/span><\/p>\n<p><span style=\"color: #777777; font-family: Arial;\">Et je me suis souvenu qu&rsquo;elle disait toujours, \u00e0 peine les f\u00eates de fin d&rsquo;ann\u00e9e achev\u00e9es&nbsp;: \u00ab&nbsp;<span style=\"color: #c00000;\">et maintenant, bient\u00f4t P\u00e2ques<span style=\"color: #777777;\">&nbsp;\u00bb<br \/>\n<\/span><\/span><\/span><\/p>\n<p><span style=\"color: #777777; font-family: Arial;\">Bien s\u00fbr, le lendemain du lundi de P\u00e2ques, elle disait de m\u00eame&nbsp;: \u00ab&nbsp;<span style=\"color: #c00000;\">Et maintenant, bient\u00f4t No\u00ebl<span style=\"color: #777777;\">&nbsp;\u00bb.<br \/>\n<\/span><\/span><\/span><\/p>\n<p><span style=\"color: #777777; font-family: Arial;\">Pour cette femme chr\u00e9tienne et croyante, l&rsquo;ann\u00e9e \u00e9tait rythm\u00e9e par les f\u00eates religieuses et on allait de l&rsquo;une \u00e0 l&rsquo;autre, dans un mouvement cyclique.<br \/>\n<\/span><\/p>\n<p><span style=\"color: #777777; font-family: Arial;\">Jusqu&rsquo;au moment o\u00f9 arriv\u00e9 \u00e0 un certain \u00e2ge, on commence \u00e0 se poser la question&nbsp;: est-ce que je vivrais encore la prochaine f\u00eate&nbsp;?<br \/>\n<\/span><\/p>\n<p><span style=\"color: #777777; font-family: Arial;\">Nous savons que ces f\u00eates religieuses ont \u00e9pous\u00e9 des f\u00eates pa\u00efennes plus anciennes qui justement ponctuaient les saisons.<br \/>\n<\/span><\/p>\n<p><span style=\"color: #777777; font-family: Arial;\">Le <span style=\"color: #0000ff;\"><a style=\"color: #0000ff;\" href=\"https:\/\/lemotdujour.fr\/?p=375\">mot du jour du 23 d\u00e9cembre 2016<\/a><\/span> \u00e9voquait justement cette origine pa\u00efenne de la f\u00eate de No\u00ebl&nbsp;:<br \/>\n<\/span><\/p>\n<p style=\"margin-left: 28pt;\"><span style=\"color: #c00000; font-family: Arial;\">L&#8217;empereur Aur\u00e9lien (270-275), au milieu des divinit\u00e9s multiples qu&rsquo;honorait le peuple romain, a assur\u00e9 une place particuli\u00e8re \u00e0 une divinit\u00e9 solaire&nbsp;:<span style=\"color: #0000ff;\"> <a style=\"color: #0000ff;\" href=\"https:\/\/fr.wikipedia.org\/wiki\/Sol_Invictus_%28religion%29\">&lt;Sol Invictus&gt;<\/a><\/span> (latin pour \u00ab Soleil invaincu \u00bb). Il proclame \u00ab&nbsp;le Soleil invaincu&nbsp;\u00bb patron principal de l&rsquo;Empire romain et fait du 25 d\u00e9cembre, le jour du solstice d&rsquo;hiver donc, une f\u00eate officielle appel\u00e9e le \u00ab jour de naissance du Soleil \u00bb (du latin dies natalis solis invicti).<br \/>\n<\/span><\/p>\n<p><span style=\"color: #777777; font-family: Arial;\">Parce qu&rsquo;en effet, ce n&rsquo;est pas un hasard que No\u00ebl se situe \u00e0 quelques jours du solstice d&rsquo;hiver. Solstice d\u2019hiver qui a lieu pr\u00e9cis\u00e9ment <a href=\"https:\/\/www.calendrier-lunaire.fr\/dossiers\/solstice-dhiver-21-decembre-2018\/\"><span style=\"color: #0000ff;\">aujourd\u2019hui, le 21 d\u00e9cembre 2018<\/span><\/a><span style=\"color: #0000ff;\">.<\/span><br \/>\n<\/span><\/p>\n<p><span style=\"color: #777777; font-family: Arial;\">D&rsquo;ailleurs depuis de nombreux si\u00e8cles, cette f\u00eate se situe juste apr\u00e8s le solstice d&rsquo;hiver, lorsque le temps de la nuit commence \u00e0 refluer devant le jour.<br \/>\n<\/span><\/p>\n<p><span style=\"color: #777777; font-family: Arial;\">Et P\u00e2ques, dans sa formulation m\u00eame \u00e9voque la saison. Je l&rsquo;avais not\u00e9 dans un mot du jour non consacr\u00e9 \u00e0 P\u00e2ques, mais \u00e0 <a href=\"https:\/\/lemotdujour.fr\/?p=506\"><span style=\"color: #0000ff;\">la chanson de Craonne<\/span><\/a> qu&rsquo;il est bon de rappeler en cette fin d&rsquo;ann\u00e9e comm\u00e9morative des 100 ans du 11 novembre 1918.<br \/>\n<\/span><\/p>\n<p><span style=\"color: #777777; font-family: Arial;\">En effet, chaque ann\u00e9e les chr\u00e9tiens f\u00eatent la \u00abr\u00e9surrection du Christ\u00bb le premier dimanche qui suit la premi\u00e8re pleine Lune apr\u00e8s l&rsquo;\u00e9quinoxe de Printemps.<br \/>\n<\/span><\/p>\n<p><span style=\"color: #777777; font-family: Arial;\">Le printemps qui est bien s\u00fbr la saison de la renaissance de la nature.<br \/>\n<\/span><\/p>\n<p><span style=\"color: #777777; font-family: Arial;\">Et donc, <strong>\u00ab&nbsp;Bient\u00f4t p\u00e2ques&nbsp;\u00bb<\/strong> au moment de No\u00ebl pourrait aussi se dire <strong>\u00ab&nbsp;Bient\u00f4t le printemps&nbsp;\u00bb<\/strong> au moment de l&rsquo;hiver.<br \/>\n<\/span><\/p>\n<p><span style=\"color: #777777; font-family: Arial;\">L&rsquo;expression \u00ab&nbsp;Bient\u00f4t p\u00e2ques&nbsp;\u00bb d&rsquo;une vieille dame de plus de 80 ans, peut aussi s&rsquo;analyser comme la relativit\u00e9 du temps.<br \/>\n<\/span><\/p>\n<p><span style=\"color: #777777; font-family: Arial;\">Einstein nous a appris que le temps absolu n&rsquo;existe pas, il n&rsquo;existe que des temps relatifs.<br \/>\n<\/span><\/p>\n<p><span style=\"color: #777777; font-family: Arial;\">Ainsi quand on calcule la dur\u00e9e qui s\u00e9pare l&rsquo;hiver et le printemps on trouve environ 90 jours.<br \/>\n<\/span><\/p>\n<p><span style=\"color: #777777; font-family: Arial;\">D\u00e8s lors pour un enfant de 6 ans qui a donc v\u00e9cu 2&nbsp;192 jours, cette dur\u00e9e de 90 jours repr\u00e9sente 4,11% de son temps pass\u00e9 sur terre.<br \/>\n<\/span><\/p>\n<p><span style=\"color: #777777; font-family: Arial;\">Pour un jeune homme de 20 ans cela repr\u00e9sente 1,23%, et pour une dame de 85 ans qui a v\u00e9cu 31&nbsp;046 jours, cela repr\u00e9sente 0,29% c&rsquo;est-\u00e0-dire un temps relatif 14 fois plus r\u00e9duit que celui de l&rsquo;enfant de 6 ans.<br \/>\n<\/span><\/p>\n<p><span style=\"color: #777777; font-family: Arial;\">Il apparait d<\/span><span style=\"color: #777777; font-family: Arial;\">onc bien normal que pour cette dame de 85 ans, la p\u00e9riode qui s\u00e9pare l&rsquo;une et l&rsquo;autre f\u00eate apparaisse tr\u00e8s courte dans son \u00e9chelle de temps.<br \/>\n<\/span><\/p>\n<p><span style=\"color: #777777; font-family: Arial;\">Pour finir ce mot avec un peu d&rsquo;ivresse&#8230;<br \/>\n<\/span><\/p>\n<p><img loading=\"lazy\" decoding=\"async\" class=\"alignleft\" src=\"https:\/\/lemotdujour.fr\/wp-content\/uploads\/2018\/12\/122018_2127_Vendredi21d2.jpg\" alt=\"\" width=\"318\" height=\"425\"><\/p>\n<p><span style=\"color: #777777; font-family: Arial;\">Chrystelle est une lectrice du mot du jour et quand elle a vu cette bouteille lors d\u2019un repas convivial auquel elle a particip\u00e9, elle a imm\u00e9diatement pris une photo et a pens\u00e9 \u00e0 me l\u2019envoyer.<\/span><\/p>\n<p><span style=\"color: #777777; font-family: Arial;\">Je ne vais pas la garder pour moi, je la partage donc avec tous ceux qui voudront bien lire ce mot du jour.<br \/>\n<\/span><\/p>\n<p><span style=\"color: #777777; font-family: Arial;\">Le mot du jour ou <em>the word of the day<\/em> se met donc en cong\u00e9 pendant quelques temps.<br \/>\n<\/span><\/p>\n<p><span style=\"color: #777777; font-family: Arial;\">Il reviendra en janvier, \u00e0 une date qui reste \u00e0 pr\u00e9ciser.<br \/>\n<\/span><\/p>\n<p><span style=\"color: maroon; font-family: Arial;\">&lt;1173&gt;<\/span><\/p>\n","protected":false},"excerpt":{"rendered":"<p>\u00ab&nbsp;Bient\u00f4t P\u00e2ques&nbsp;\u00bb Ma grand-m\u00e8re maternelle, d\u00e8s que les f\u00eates de fin d&rsquo;ann\u00e9e \u00e9taient termin\u00e9es Il est temps d&rsquo;arr\u00eater de parler des affaires du monde et de la France, puisque le moment des f\u00eates de fin d&rsquo;ann\u00e9e d\u00e9bute. C&rsquo;est un moment<\/p>\n","protected":false},"author":1,"featured_media":0,"comment_status":"open","ping_status":"closed","sticky":false,"template":"","format":"standard","meta":{"footnotes":""},"categories":[1],"tags":[48,19,34],"class_list":["post-5986","post","type-post","status-publish","format-standard","hentry","category-motdujour","tag-nature","tag-personnel","tag-religion"],"_links":{"self":[{"href":"https:\/\/lemotdujour.fr\/index.php?rest_route=\/wp\/v2\/posts\/5986","targetHints":{"allow":["GET"]}}],"collection":[{"href":"https:\/\/lemotdujour.fr\/index.php?rest_route=\/wp\/v2\/posts"}],"about":[{"href":"https:\/\/lemotdujour.fr\/index.php?rest_route=\/wp\/v2\/types\/post"}],"author":[{"embeddable":true,"href":"https:\/\/lemotdujour.fr\/index.php?rest_route=\/wp\/v2\/users\/1"}],"replies":[{"embeddable":true,"href":"https:\/\/lemotdujour.fr\/index.php?rest_route=%2Fwp%2Fv2%2Fcomments&post=5986"}],"version-history":[{"count":8,"href":"https:\/\/lemotdujour.fr\/index.php?rest_route=\/wp\/v2\/posts\/5986\/revisions"}],"predecessor-version":[{"id":12091,"href":"https:\/\/lemotdujour.fr\/index.php?rest_route=\/wp\/v2\/posts\/5986\/revisions\/12091"}],"wp:attachment":[{"href":"https:\/\/lemotdujour.fr\/index.php?rest_route=%2Fwp%2Fv2%2Fmedia&parent=5986"}],"wp:term":[{"taxonomy":"category","embeddable":true,"href":"https:\/\/lemotdujour.fr\/index.php?rest_route=%2Fwp%2Fv2%2Fcategories&post=5986"},{"taxonomy":"post_tag","embeddable":true,"href":"https:\/\/lemotdujour.fr\/index.php?rest_route=%2Fwp%2Fv2%2Ftags&post=5986"}],"curies":[{"name":"wp","href":"https:\/\/api.w.org\/{rel}","templated":true}]}}