{"id":598,"date":"2014-02-11T01:00:00","date_gmt":"2014-02-10T22:00:00","guid":{"rendered":"http:\/\/lemotdujour.fr\/?p=598"},"modified":"2017-05-08T13:20:58","modified_gmt":"2017-05-08T11:20:58","slug":"mardi-11022014","status":"publish","type":"post","link":"https:\/\/lemotdujour.fr\/?p=598","title":{"rendered":"Mardi 11\/02\/2014"},"content":{"rendered":"<div class=\"mdjDate\">Mardi 11\/02\/2014<\/div>\n<div class=\"mdjTexte\">\u00ab\u00a0Si vous ne signez pas l\u2019arr\u00eat\u00e9 je me tue et vous aurez ma mort sur la conscience\u00a0! \u00bb<\/div>\n<div class=\"mdjAuteur\">Un lyc\u00e9en de Moselle dans une supplique gazouill\u00e9e au Pr\u00e9fet de son d\u00e9partement<\/div>\n<div class=\"mdjComplements\">A la mi-janvier il a neig\u00e9 dans mon d\u00e9partement natal, la Moselle.<\/div>\n<div class=\"mdjComplements\">La chose n\u2019est pas inhabituelle sur ces terres qui m\u2019ont vu na\u00eetre comme mon p\u00e8re, mon grand-p\u00e8re et mon a\u00efeul.<\/div>\n<div class=\"mdjComplements\">Il avait d\u2019ailleurs neig\u00e9 en d\u00e9cembre. A cette occasion, le pr\u00e9fet de Moselle avait pris un Arr\u00eat\u00e9 pour interdire la circulation des bus et autocar et notamment ceux qui transportent les \u00e9l\u00e8ves, les coll\u00e9giens et les lyc\u00e9ens vers ces \u00e9tablissements o\u00f9 on s\u2019efforce de les tirer de l\u2019univers fangeux de l\u2019ignorance pour mieux les pr\u00e9parer au ch\u00f4mage.<\/div>\n<div class=\"mdjComplements\">On s\u2019imagine avec quelle satisfaction, les \u00e9l\u00e8ves, les coll\u00e9giens et les lyc\u00e9ens avaient accueilli la d\u00e9cision du repr\u00e9sentant de l\u2019Etat qui leur permettait, de facto, de passer leur journ\u00e9e devant GTA 5, FIFA 14 et autres jeux de console, afin de se mieux pr\u00e9parer encore au ch\u00f4mage.<\/div>\n<div class=\"mdjComplements\">Aussi, quand la population scolaire vit, mi-janvier, les flocons tomb\u00e9s en abondance, elle esp\u00e9rait pouvoir b\u00e9n\u00e9ficier d\u2019un nouveau jour de cong\u00e9.<\/div>\n<div class=\"mdjComplements\">L\u2019heureuse rumeur fit place \u00e0 une l\u00e9gitime inqui\u00e9tude quand on constata que l\u2019arr\u00eat\u00e9 pr\u00e9fectoral esp\u00e9r\u00e9 ne paraissait point.<\/div>\n<div class=\"mdjComplements\">Aussi, certains lyc\u00e9ens entreprirent-ils de rappeler le pr\u00e9fet de la Moselle \u00e0 ses devoirs via le compte twitter que ce Haut fonctionnaire mod\u00e8le et moderne avait ouvert d\u00e8s son arriv\u00e9e dans le d\u00e9partement.<\/div>\n<div class=\"mdjComplements\">Les gazouillis des lyc\u00e9ens prirent d\u2019abord le ton d\u2019une modeste requ\u00eate\u00a0:<\/div>\n<div class=\"mdjComplements\">\u00ab\u00a0S\u2019il vous pla\u00eet, faites un arr\u00eat\u00e9 pr\u00e9fectoral, promis, on cr\u00e9era la f\u00eate du Pr\u00e9fet, vous serez heureux, lol\u00a0\u00bb<\/div>\n<div class=\"mdjComplements\">La d\u00e9cision attendue ne venait pas.<\/div>\n<div class=\"mdjComplements\">Le ton des gazouillis se fit alors dramatique ou m\u00e9lo dramatique<\/div>\n<div class=\"mdjComplements\">\u00ab\u00a0Par piti\u00e9, monsieur je ne veux pas mourir sur la route, juste un petit arr\u00eat\u00e9\u00a0!\u00bb<\/div>\n<div class=\"mdjComplements\">ou \u00ab\u00a0Si vous ne signez pas l\u2019arr\u00eat\u00e9 je me tue et vous aurez ma mort sur la conscience\u00a0! \u00bb<\/div>\n<div class=\"mdjComplements\">Devant l\u2019impassibilit\u00e9 pr\u00e9fectorale, le ton monta\u00a0:<\/div>\n<div class=\"mdjComplements\">\u00ab\u00a0Pr\u00e9fet\u00a0! Tu as vu comme il neige\u00a0!\u00a0\u00bb dit s\u00e8chement un tweet sur le ton du rappel \u00e0 l\u2019ordre.<\/div>\n<div class=\"mdjComplements\">Vient ensuite l\u2019apostrophe\u00a0: \u00ab\u00a0Vas-y, il y avait moins de neige quand tu as fait l\u2019arr\u00eat\u00e9 pr\u00e9fectoral, fais pas ton radin\u00a0\u00bb<\/div>\n<div class=\"mdjComplements\">Apr\u00e8s l\u2019apostrophe, l\u2019invective\u00a0: \u00ab\u00a0Vas y fait un arr\u00eat\u00e9 pr\u00e9fectoral jusqu\u2019\u00e0 vendredi, fais pas ta lopesa\u00a0!\u00a0\u00bb<\/div>\n<div class=\"mdjComplements\">La menace n\u2019est pas loin. \u00ab\u00a0Oh\u00a0! Met un arr\u00eat\u00e9 pr\u00e9fectoral o\u00f9 j\u2019te nique ta m\u00e8re\u00a0!\u00a0\u00bb<\/div>\n<div class=\"mdjComplements\">\u00ab\u00a0T\u2019as vu comme il neige n\u00e9gro, tu mets un arr\u00eat\u00e9 illico ou j\u2019te crame ta pr\u00e9fecture\u00a0\u00bb (N\u00e9gro parce que le Pr\u00e9fet de la Moselle est issue de la diversit\u00e9, comme on dit maintenant.<\/div>\n<div class=\"mdjComplements\">\u00ab\u00a0Etes-vous s\u00fbr d\u2019utiliser le ton ad\u00e9quat\u00a0\u00bb r\u00e9pondit alors la pr\u00e9pos\u00e9 au compte twitter du Pr\u00e9fet.<\/div>\n<div class=\"mdjComplements\">La r\u00e9plique fuse\u00a0: \u00ab\u00a0Eh\u00a0! Tu nous annules les bus pour demain \u00e0 cause de la neige et du verglas o\u00f9 on te nique avec un ton ad\u00e9quat\u00a0\u00bb.<\/div>\n<div class=\"mdjComplements\">La vaillante gazouilleuse de la pr\u00e9fecture ne se laissa pas impressionner et ayant r\u00e9pondu \u00e0 chaque message en constatant que si l\u2019orthographe \u00e9tait fantaisiste, c\u2019\u00e9tait rarement volontaire, elle conclut par ce tweet g\u00e9n\u00e9ral\u00a0:<\/div>\n<div class=\"mdjComplements\">\u00ab\u00a0Ceux qui r\u00e9clament le plus de ne pas aller \u00e0 l\u2019\u00e9cole, semblent \u00eatre ceux qui en ont le plus besoin\u00a0!\u00a0\u00bb<\/div>\n<div class=\"mdjComplements\">Cette histoire vraie a \u00e9t\u00e9 racont\u00e9e par Philippe Meyer lors de sa chronique du 07\/02\/2013. Les commentaires sont int\u00e9gralement de lui, les textes des heureux lyc\u00e9ens et coll\u00e9giens de la Moselle (j\u2019ai essay\u00e9 d\u2019\u00e9viter les fautes d\u2019orthographe). C\u2019est un grand r\u00e9sum\u00e9, mais la chronique est encore plus hilarante. <a href=\"http:\/\/www.franceculture.fr\/emission-la-chronique-de-philippe-meyer-chronique-de-philippe-meyer-2014-02-07\">&lt;http:\/\/www.franceculture.fr\/emission-la-chronique-de-philippe-meyer-chronique-de-philippe-meyer-2014-02-07&gt;<\/a><\/div>\n<div class=\"mdjComplements\">C\u2019est ainsi que l\u2019on voit que si on ouvre les m\u00e9thodes modernes de communication entre l\u2019Administration et les Jeunes, la parole se lib\u00e8re, probablement de mani\u00e8re d\u00e9sordonn\u00e9e. Mais si un fonctionnaire de qualit\u00e9 occupe l\u2019autre bout du fil de la discussion, les \u00e9changes peuvent devenir p\u00e9dagogiques et utiles \u00e0 l\u2019\u00e9ducation des masses.<\/div>\n","protected":false},"excerpt":{"rendered":"<p>Mardi 11\/02\/2014 \u00ab\u00a0Si vous ne signez pas l\u2019arr\u00eat\u00e9 je me tue et vous aurez ma mort sur la conscience\u00a0! \u00bb Un lyc\u00e9en de Moselle dans une supplique gazouill\u00e9e au Pr\u00e9fet de son d\u00e9partement A la mi-janvier il a neig\u00e9 dans<\/p>\n","protected":false},"author":1,"featured_media":0,"comment_status":"closed","ping_status":"closed","sticky":false,"template":"","format":"standard","meta":{"footnotes":""},"categories":[1],"tags":[],"class_list":["post-598","post","type-post","status-publish","format-standard","hentry","category-motdujour"],"_links":{"self":[{"href":"https:\/\/lemotdujour.fr\/index.php?rest_route=\/wp\/v2\/posts\/598","targetHints":{"allow":["GET"]}}],"collection":[{"href":"https:\/\/lemotdujour.fr\/index.php?rest_route=\/wp\/v2\/posts"}],"about":[{"href":"https:\/\/lemotdujour.fr\/index.php?rest_route=\/wp\/v2\/types\/post"}],"author":[{"embeddable":true,"href":"https:\/\/lemotdujour.fr\/index.php?rest_route=\/wp\/v2\/users\/1"}],"replies":[{"embeddable":true,"href":"https:\/\/lemotdujour.fr\/index.php?rest_route=%2Fwp%2Fv2%2Fcomments&post=598"}],"version-history":[{"count":1,"href":"https:\/\/lemotdujour.fr\/index.php?rest_route=\/wp\/v2\/posts\/598\/revisions"}],"predecessor-version":[{"id":599,"href":"https:\/\/lemotdujour.fr\/index.php?rest_route=\/wp\/v2\/posts\/598\/revisions\/599"}],"wp:attachment":[{"href":"https:\/\/lemotdujour.fr\/index.php?rest_route=%2Fwp%2Fv2%2Fmedia&parent=598"}],"wp:term":[{"taxonomy":"category","embeddable":true,"href":"https:\/\/lemotdujour.fr\/index.php?rest_route=%2Fwp%2Fv2%2Fcategories&post=598"},{"taxonomy":"post_tag","embeddable":true,"href":"https:\/\/lemotdujour.fr\/index.php?rest_route=%2Fwp%2Fv2%2Ftags&post=598"}],"curies":[{"name":"wp","href":"https:\/\/api.w.org\/{rel}","templated":true}]}}