{"id":5978,"date":"2018-12-20T01:56:42","date_gmt":"2018-12-20T00:56:42","guid":{"rendered":"http:\/\/lemotdujour.fr\/?p=5978"},"modified":"2021-09-07T14:52:47","modified_gmt":"2021-09-07T12:52:47","slug":"jeudi-20-decembre-2018","status":"publish","type":"post","link":"https:\/\/lemotdujour.fr\/?p=5978","title":{"rendered":"Jeudi 20 d\u00e9cembre 2018"},"content":{"rendered":"<div class=\"mdjTexte\">     \u00ab&nbsp;C&rsquo;est trop cher&nbsp;!&nbsp;\u00bb<\/div>\n<div class=\"mdjAuteur\">R\u00e9flexions personnelles sur une addiction<\/div>\n<p><span style=\"color: #777777; font-family: Arial;\">Je sais comment conclure ce mot du jour, mais comment le commencer&nbsp;?<\/span><span style=\"font-family: Times New Roman;\"><br \/>\n<\/span><\/p>\n<p><span style=\"color: #777777; font-family: Arial;\">Commen\u00e7ons par les imp\u00f4ts. Ils sont trop chers.<\/span><span style=\"font-family: Times New Roman;\"><br \/>\n<\/span><\/p>\n<p><span style=\"color: #777777; font-family: Arial;\">Ils gr\u00e8vent le pouvoir d&rsquo;achat, emp\u00eachent des investisseurs d&rsquo;investir, les agents \u00e9conomiques dynamiques et nomades de toucher la juste r\u00e9mun\u00e9ration de leurs m\u00e9rites.<\/span><span style=\"font-family: Times New Roman;\"><br \/>\n<\/span><\/p>\n<p><span style=\"color: #777777; font-family: Arial;\">Les imp\u00f4ts paient le prix de la civilisation et du lien social de l\u2019\u00c9tat providence, mais ils sont trop chers.<\/span><span style=\"font-family: Times New Roman;\"><br \/>\n<\/span><\/p>\n<p><span style=\"color: #777777; font-family: Arial;\">Les imp\u00f4ts servent aussi \u00e0 payer des fonctionnaires, ils sont trop chers, ils sont trop nombreux.<\/span><span style=\"font-family: Times New Roman;\"><br \/>\n<\/span><\/p>\n<p><span style=\"color: #777777; font-family: Arial;\">Il y a trop d&rsquo;enseignants, trop d&rsquo;infirmi\u00e8res, trop de juges, trop de policiers\u2026 Il faut que cela coute moins cher.<\/span><span style=\"font-family: Times New Roman;\"><br \/>\n<\/span><\/p>\n<p><span style=\"color: #777777; font-family: Arial;\">Et les cotisations sociales, c&rsquo;est comme les imp\u00f4ts&nbsp;! Rare d&rsquo;ailleurs sont ceux qui utilisent encore ce mot \u00ab&nbsp;<strong>cotisations sociales<\/strong>&nbsp;\u00bb, on les appelle \u00ab&nbsp;<strong>des charges<\/strong>&nbsp;\u00bb. Un auditeur de France Inter, parlait de poids qu&rsquo;on infligeait aux entreprises fran\u00e7aises dans la comp\u00e9tition mondiale, comme si on envoyait nos athl\u00e8tes courir aux jeux olympiques avec une charge d&rsquo;une dizaine de kilos sur les \u00e9paules. On ne peut pas gagner dans ces cas&nbsp;!<\/span><span style=\"font-family: Times New Roman;\"><br \/>\n<\/span><\/p>\n<p><span style=\"color: #777777; font-family: Arial;\">L&rsquo;alimentation aussi, c&rsquo;est trop cher. Je ne regarde pas la t\u00e9l\u00e9vision et je n&rsquo;\u00e9coute pas beaucoup les radios qui vivent gr\u00e2ce \u00e0 la publicit\u00e9. J&rsquo;\u00e9coute, le samedi Europe 1 parce qu&rsquo;il y a l&rsquo;\u00e9mission Mediapolis et pendant cette heure je re\u00e7ois la dose extr\u00eame que je puisse supporter pour une semaine. Quasi tous les spots ont pour unique argument d&rsquo;appel&nbsp;: <strong>c&rsquo;est moins cher<\/strong>, d\u00e9clin\u00e9 en promo, en offre sp\u00e9ciale etc. Ces publicit\u00e9s mettent en sc\u00e8ne des couples qui hyst\u00e9risent tel prix de 12 \u0153ufs ou d&rsquo;un lot de p\u00e2tes, de cuisses de poulets ou encore d&rsquo;un lot de 4 pneus. Enfin, n&rsquo;importe quoi pourvu que le prix soit annonc\u00e9 comme peu cher.<\/span><span style=\"font-family: Times New Roman;\"><br \/>\n<\/span><\/p>\n<p><span style=\"color: #777777; font-family: Arial;\">Jamais je n&rsquo;entends une publicit\u00e9 qui vante la seule qualit\u00e9 du produit, c&rsquo;est toujours le prix qui est d\u00e9terminant.<\/span><span style=\"font-family: Times New Roman;\"><br \/>\n<\/span><\/p>\n<p><span style=\"color: #777777; font-family: Arial;\">Et les v\u00eatements&nbsp;? Les \u00ab&nbsp;fringues&nbsp;\u00bb comme on dit\u2026<\/span><span style=\"font-family: Times New Roman;\"><br \/>\n<\/span><\/p>\n<p><span style=\"color: #777777; font-family: Arial;\">Jamais les conditions de fabrication ne sont \u00e9voqu\u00e9es\u2026<\/span><span style=\"font-family: Times New Roman;\"><br \/>\n<\/span><\/p>\n<p><span style=\"color: #777777; font-family: Arial;\">Ah si&nbsp;! Une fois lorsqu&rsquo;une usine du Bengladesh \u00e0 Dacca s&rsquo;\u00e9tait effondr\u00e9e, on l&rsquo;avait appel\u00e9 le drame du \u00ab&nbsp;<a href=\"https:\/\/www.lexpress.fr\/actualite\/monde\/asie\/drame-de-dacca-au-bangladesh-les-forcats-du-textile_1248230.html\"><span style=\"color: #0000ff;\">Rana Plaza&nbsp;<\/span><\/a>\u00bb<\/span><span style=\"font-family: Times New Roman;\"><br \/>\n<\/span><\/p>\n<p><span style=\"color: #777777;\"><span style=\"font-family: Arial;\">J&rsquo;en avais fait un mot du jour&nbsp;: <strong>\u00ab&nbsp;<span style=\"color: #0000ff;\"><a style=\"color: #0000ff;\" href=\"https:\/\/lemotdujour.fr\/?p=2087\">Sommes-nous capables de regarder en face (la vie de) ceux qui nous permettent de consommer comme nous le faisons ?&nbsp;<\/a><\/span>\u00bb<\/strong><\/span><span style=\"font-family: Times New Roman;\"><strong><br \/>\n<\/strong><\/span><\/span><\/p>\n<p><span style=\"color: #777777; font-family: Arial;\">Les banques aussi sont trop chers\u2026 Il faut choisir des banques en ligne qui peuvent faire appel \u00e0 des collaborateurs d\u00e9localis\u00e9s qui eux aussi co\u00fbtent moins cher.<\/span><span style=\"font-family: Times New Roman;\"><br \/>\n<\/span><\/p>\n<p><span style=\"color: #777777; font-family: Arial;\">L&rsquo;h\u00f4tel c&rsquo;est trop cher. Il faut faire appel \u00e0 des plateformes num\u00e9riques qui poussent les h\u00f4tels \u00e0 baisser leurs prix. Et voil\u00e0 une branche d&rsquo;activit\u00e9s qui ne peut pas vraiment \u00eatre d\u00e9localis\u00e9e&nbsp;: si vous allez dans un h\u00f4tel \u00e0 Bordeaux, un salari\u00e9 en Malaisie ne vous sera d&rsquo;aucune utilit\u00e9. Il peut \u00eatre malaisien, mais il faut qu&rsquo;il soit en France. Donc c&rsquo;est une branche d&rsquo;activit\u00e9 qui cherche des salari\u00e9s pour faire le job et qui n&rsquo;en trouve pas. C&rsquo;est normal leurs salaires sont trop faibles. C&rsquo;est bien s\u00fbr en raison de la rapacit\u00e9 des patrons. Oui, sans doute, mais c&rsquo;est aussi parce il y a une forte pression sur les prix des chambres.<\/span><span style=\"font-family: Times New Roman;\"><br \/>\n<\/span><\/p>\n<p><span style=\"color: #777777; font-family: Arial;\">Et alors l&rsquo;avion&nbsp;? Mais enfin&nbsp;! il faut absolument prendre les compagnies low cost. C&rsquo;est moins cher. Vous savez que les salari\u00e9s des compagnies low-cost doivent payer, sur leurs propres deniers, leur formation. Quand une compagnie low cost demande \u00e0 un de ses pilotes qui habite en France de faire un vol Rome Los Angeles, c&rsquo;est au pilote de payer son voyage \u00e0 Rome et son h\u00e9bergement avant le vol.<\/span><span style=\"font-family: Times New Roman;\"><br \/>\n<\/span><\/p>\n<p><span style=\"color: #777777; font-family: Arial;\">Le but n&rsquo;est pas de multiplier \u00e0 l&rsquo;envie les exemples qui montrent toujours la m\u00eame chose&nbsp;: la recherche du moins cher.<\/span><span style=\"font-family: Times New Roman;\"><br \/>\n<\/span><\/p>\n<p><span style=\"color: #777777; font-family: Arial;\">Que tous celles et ceux qui s&rsquo;adonnent \u00e0 cette qu\u00eate quotidienne et obsessionnelle, ne soient point \u00e9tonn\u00e9s que le patron, le responsable, la soci\u00e9t\u00e9 leur disent&nbsp;:<br \/>\n<\/span><\/p>\n<p><span style=\"color: #777777; font-family: Arial;\">\u00ab&nbsp;<strong>Vous aussi vous coutez trop cher, vos salaires sont trop \u00e9lev\u00e9s<\/strong>.&nbsp;\u00bb<br \/>\n<\/span><\/p>\n<p><span style=\"color: #777777; font-family: Arial;\">Car c&rsquo;est bien cela la conclusion de toute cette addiction.<\/span><span style=\"font-family: Times New Roman;\"><br \/>\n<\/span><\/p>\n<p><span style=\"color: #777777; font-family: Arial;\">C&rsquo;est cela que la mondialisation nous a offert&nbsp;: <strong>des produits et des services moins chers dans un monde ou peu \u00e0 peu on nous fait comprendre que nous aussi, les classes moyennes des pays d\u00e9velopp\u00e9s, sommes pay\u00e9s trop cher.<\/strong><\/span><span style=\"font-family: Times New Roman;\"><strong><br \/>\n<\/strong><\/span><\/p>\n<p><span style=\"color: #777777;\"><span style=\"font-family: Arial;\">Il y l\u00e0, quelque chose comme une \u00ab&nbsp; <a href=\"https:\/\/fr.wikipedia.org\/wiki\/Dissonance_cognitive\"><span style=\"color: #0000ff;\">dissonance cognitive<\/span><\/a><span style=\"color: #0000ff;\">.<\/span>&nbsp;\u00bb<\/span><span style=\"font-family: Times New Roman;\"><br \/>\n<\/span><\/span><\/p>\n<p><span style=\"color: #777777; font-family: Arial;\">C&rsquo;est-\u00e0-dire que nous ne voulons pas voir que le malheur que certains vivent et que d&rsquo;autres craignent, \u00e0 raison, pour leur futur, provient de notre app\u00e9tence, notre mani\u00e8re de consommer, l&rsquo;organisation de la production dans le monde.<br \/>\n<\/span><\/p>\n<p><span style=\"color: #777777; font-family: Arial;\">Un joueur de football comme Lionel Messi pourra r\u00e9clamer des sommes exorbitantes, tant que des millions de gens beaucoup plus modestes accepteront de payer des droits t\u00e9l\u00e9s, acheter des produits chers eux car estampill\u00e9s \u00ab\u00a0Lionel Messi\u00a0\u00bb et accessoirement quelquefois payer pour aller le voir jouer dans un stade.<br \/>\n<\/span><\/p>\n<p><span style=\"color: #777777; font-family: Arial;\">Quelques autres emplois de niches ou particuli\u00e8rement qualifi\u00e9s et recherch\u00e9s ou encore des investisseurs disposant d&rsquo;une puissance financi\u00e8re suffisante pourront continuer \u00e0 esp\u00e9rer une augmentation forte de leurs revenus.<br \/>\n<\/span><\/p>\n<p><span style=\"color: #777777;\"><span style=\"font-family: Arial;\">Pour un salari\u00e9 ou un entrepreneur de la classe moyenne normale ce sera beaucoup plus compliqu\u00e9 d&rsquo;avoir des exigences de revenus. L&rsquo;automatisation et la robotisation vont encore accentuer ce ph\u00e9nom\u00e8ne.<\/span><span style=\"font-family: Times New Roman;\"><br \/>\n<\/span><\/span><\/p>\n<p><span style=\"color: #777777; font-family: Arial;\">Des \u00e9conomistes savants vous expliqueraient que le fameux \u00ab&nbsp;pouvoir d&rsquo;achat&nbsp;\u00bb dont parlent les \u00ab&nbsp;gilets jaunes&nbsp;\u00bb d\u00e9pend de ce qu&rsquo;on gagne mais aussi du prix de ce qu&rsquo;on souhaite acheter. Et aussi un peu des taxes et pr\u00e9l\u00e8vements qui permettent une vie sociale plus harmonieuse et solidaire.<br \/>\n<\/span><\/p>\n<p><span style=\"color: #777777; font-family: Arial;\">R\u00e9cemment, Villeroy de Galhau, le directeur de la Banque de France \u00e9tait <a href=\"https:\/\/www.franceculture.fr\/emissions\/linvite-des-matins\/cigale-ou-fourmi-leconomie-francaise-a-lheure-des-choix\"><span style=\"color: #0000ff;\">l&rsquo;invit\u00e9 des matins de France Culture<\/span><\/a> et expliquait doctement que le protectionnisme, le frein au libre-\u00e9change, bref l&rsquo;arr\u00eat de la mondialisation se paierait imm\u00e9diatement par une diminution du pouvoir d&rsquo;achat qui p\u00e9naliserait en premier les populations les plus modestes.<br \/>\n<\/span><\/p>\n<p><span style=\"color: #777777; font-family: Arial;\">Et, il a raison.<br \/>\n<\/span><\/p>\n<p><span style=\"color: #777777; font-family: Arial;\">Il y a un monde entre&nbsp;:<br \/>\n<\/span><\/p>\n<ul>\n<li><span style=\"color: #777777; font-family: Arial;\">Le Fordisme o\u00f9 le patron disait&nbsp;: il faut que je paye \u00e0 mes employ\u00e9s un salaire d&rsquo;un niveau qui leur permette d&rsquo;acheter les voitures (ou les produits) qu&rsquo;ils fabriquent et que je vends&nbsp;;<br \/>\n<\/span><\/li>\n<li><span style=\"color: #777777; font-family: Arial;\">Et la situation actuelle, o\u00f9 l&rsquo;essentiel est de ma\u00eetriser les salaires et les charges en local. Le pouvoir d&rsquo;achat des salari\u00e9s \u00e9tant assur\u00e9s par tous les produits qu&rsquo;ils peuvent acheter moins cher parce qu&rsquo;ils sont fabriqu\u00e9s ailleurs, dans des pays o\u00f9 les salari\u00e9s sont moins pay\u00e9s et o\u00f9 le co\u00fbt de la protection sociale n&rsquo;ob\u00e8re pas les prix.<br \/>\n<\/span><\/li>\n<\/ul>\n<p><span style=\"color: #777777; font-family: Arial;\">Un jour, j&rsquo;\u00e9tais encore au PS et nous manifestions \u00e0 Lyon, je crois que c&rsquo;\u00e9tait contre le contrat premier embauche que voulait mettre en place Dominique de Villepin. C&rsquo;\u00e9tait pour payer moins les salari\u00e9s fran\u00e7ais qui entraient sur le march\u00e9 du travail, puisque le probl\u00e8me est qu&rsquo;ils coutent trop chers. Et je me souviens d&rsquo;un jeune couple qui manifestait avec 4 chaises, chacun en portant deux. Je trouvais ces accessoires baroques et je les interrogeais&nbsp;: \u00ab&nbsp;Mais pourquoi avez-vous ces chaises&nbsp;?&nbsp;\u00bb. Et le jeune homme de me r\u00e9pondre avec un grand sourire&nbsp;:<br \/>\n<\/span><\/p>\n<p><span style=\"color: #777777; font-family: Arial;\">\u00ab&nbsp;Avant de venir \u00e0 la manifestation, nous avons vu un magasin qui vendait ces chaises \u00e0 5 euros, alors comme ce n&rsquo;\u00e9tait vraiment pas cher, nous les avons achet\u00e9s&nbsp;\u00bb<br \/>\n<\/span><\/p>\n<p><span style=\"color: #777777; font-family: Arial;\">Comment peut-on vendre des chaises \u00e0 5 euros&nbsp;? Qu&rsquo;est-ce qu&rsquo;il faut qui se passe en amont pour que, arriv\u00e9s dans le magasin, le prix soit de 5 euros&nbsp;?<br \/>\n<\/span><\/p>\n<p><span style=\"color: #777777; font-family: Arial;\">Et puis, on va manifester pour que le salaire, en France, reste \u00e0 un niveau acceptable&nbsp;?<br \/>\n<\/span><\/p>\n<p><span style=\"color: #777777; font-family: Arial;\">C&rsquo;est cela la dissonance cognitive.<br \/>\n<\/span><\/p>\n<p><span style=\"color: #777777; font-family: Arial;\">Bossuet \u00e9crivait&nbsp;: \u00ab&nbsp;<span style=\"color: #c00000;\">Dieu se rit des hommes qui se plaignent des cons\u00e9quences alors qu&rsquo;ils en ch\u00e9rissent les causes<span style=\"color: #777777;\">.&nbsp;\u00bb<br \/>\n<\/span><\/span><\/span><\/p>\n<p><span style=\"color: #777777; font-family: Arial;\">Dans cette excellente \u00e9mission \u00ab&nbsp;<span style=\"color: #0000ff;\"><a style=\"color: #0000ff;\" href=\"https:\/\/www.franceculture.fr\/emissions\/lesprit-public\/france-comment-refaire-nation-union-europeenne-grande-bretagne-si-tu-reviens-jannule-tout\">L&rsquo;esprit Public&nbsp;<\/a><\/span>\u00bb de ce dimanche, Daniel Cohen a cit\u00e9 Hannah Arendt (\u00e0 11:40)&nbsp;:<br \/>\n<\/span><\/p>\n<p style=\"margin-left: 28pt;\"><span style=\"color: #c00000; font-family: Arial;\">\u00ab&nbsp;Il faut accepter qu&rsquo;on ait une soci\u00e9t\u00e9 complexe. Or cette complexit\u00e9 n&rsquo;est plus intelligible. Dans les soci\u00e9t\u00e9s traditionnelles que le monde industriel a port\u00e9es, il y a des classes sociales, des ouvriers avec des syndicats, des ing\u00e9nieurs avec leurs clubs d&rsquo;ing\u00e9nieurs. Tout ceci est assez visible et chacun sait qu&rsquo;il a des ressources politiques, sociales, syndicales qui permettent d&rsquo;exprimer une attente. Nous vivons dans un monde o\u00f9 tout cela est pulv\u00e9ris\u00e9. [dans les ann\u00e9es 30] Hannah Arendt disait dans son analyse de la mont\u00e9e du totalitarisme&nbsp;: <strong>on est pass\u00e9 d&rsquo;une soci\u00e9t\u00e9 de classe<\/strong>, o\u00f9 chacun comprend son int\u00e9r\u00eat et est capable de l&rsquo;opposer \u00e0 celui des autres, <strong>\u00e0 une soci\u00e9t\u00e9 de masse<\/strong>. Une soci\u00e9t\u00e9 de masse ce sont des individus isol\u00e9s qui n&rsquo;ont plus la conscience collective de leurs souffrances individuelles. Ce mouvement a, autour des ronds-points, donn\u00e9 d&rsquo;une certaine mani\u00e8re une dimension collective \u00e0 la souffrance individuelle&nbsp;\u00bb<br \/>\n<\/span><\/p>\n<p><span style=\"color: #777777; font-family: Arial;\">Une soci\u00e9t\u00e9 de masse form\u00e9e d&rsquo;individus et pour \u00eatre encore plus pr\u00e9cis de consommateurs, n&rsquo;a que faire des pr\u00e9l\u00e8vements publics, chacun pr\u00e9f\u00e9rera trouver sa propre assurance parfaitement adapt\u00e9e \u00e0 son profil et \u00e0 ses revenus et pour le reste l&rsquo;individu aimera trouver des biens et services au prix le moins cher.<br \/>\n<\/span><\/p>\n<p><span style=\"color: #777777;\"><span style=\"font-family: Arial;\">Zygmunt Bauman appelle cette soci\u00e9t\u00e9 d&rsquo;individus et de consommateurs&nbsp;: \u00ab&nbsp;<span style=\"color: #c00000;\"><strong>une soci\u00e9t\u00e9 liquide<\/strong><span style=\"color: #777777;\">&nbsp;\u00bb par opposition aux soci\u00e9t\u00e9s traditionnelles qui \u00e9taient des \u00ab&nbsp;<span style=\"color: #c00000;\"><strong>soci\u00e9t\u00e9s solides<\/strong><span style=\"color: #777777;\">&nbsp;\u00bb<\/span><\/span><\/span><\/span><\/span><span style=\"font-family: Times New Roman;\"><br \/>\n<\/span><\/span><\/p>\n<p><span style=\"color: #777777;\"><span style=\"font-family: Arial;\">Je ne dis pas qu&rsquo;il existe une solution dans le syst\u00e8me \u00e9conomique dans lequel nous vivons aujourd&rsquo;hui.<\/span><span style=\"font-family: Times New Roman;\"><br \/>\n<\/span><\/span><\/p>\n<p><span style=\"color: #777777;\"><span style=\"font-family: Arial;\">Mais c&rsquo;est une grande tromperie de le faire croire.<\/span><span style=\"font-family: Times New Roman;\"><br \/>\n<\/span><\/span><\/p>\n<p><span style=\"color: #777777; font-family: Arial;\">On pourra certainement avoir une soci\u00e9t\u00e9 plus \u00e9galitaire mais elle sera indiscutablement plus pauvre en pouvoir d&rsquo;achat.<br \/>\n<\/span><\/p>\n<p><span style=\"color: #777777; font-family: Arial;\">Elle ne sera pas forc\u00e9ment moins d\u00e9sirable, mais cela induit de grands changements de comportement.<br \/>\n<\/span><\/p>\n<p><span style=\"color: #777777; font-family: Arial;\">Et probablement que d&rsquo;individus nous soyons \u00e0 nouveau capable de <strong>faire soci\u00e9t\u00e9<\/strong>, peut-\u00eatre plus totalement solide mais certainement un peu moins liquide.<br \/>\n<\/span><\/p>\n<p><span style=\"color: #777777; font-family: Arial;\">Mais est-ce que le plus grand nombre le d\u00e9sire&nbsp;?<br \/>\n<\/span><\/p>\n<p><span style=\"color: #777777; font-family: Arial;\">Et est-il possible de faire cela dans un seul pays&nbsp;?<br \/>\n<\/span><\/p>\n<p><span style=\"color: #777777; font-family: Arial;\">J&rsquo;ai peur que dans ce cas le reste du monde ressemble \u00e0 Ast\u00e9rix et Ob\u00e9lix dans cet extrait \u00ab&nbsp;d&rsquo;Ast\u00e9rix l\u00e9gionnaire&nbsp;\u00bb et que la France se trouve dans le r\u00f4le du centurion qui veut faire la pause..<br \/>\n<\/span><\/p>\n<p><img decoding=\"async\" src=\"https:\/\/lemotdujour.fr\/wp-content\/uploads\/2018\/12\/121918_2155_Jeudi20dcem1.jpg\" alt=\"\"><span style=\"color: #777777; font-family: Arial;\"><br \/>\n<\/span><\/p>\n<p><span style=\"color: #777777; font-family: Arial;\">Je ne dis pas que nous sommes enti\u00e8rement responsables de ce qui arrive, mais nous y participons grandement quand nous oublions notre humanit\u00e9, notre sociabilit\u00e9, notre citoyennet\u00e9 pour nous immerger dans notre seule condition de consommateur qui veut \u00eatre servi tout de suite, \u00e0 n&rsquo;importe quelle heure, beaucoup et pour pas cher.<br \/>\n<\/span><\/p>\n<p><span style=\"color: maroon; font-family: Arial;\">&lt;1172&gt;<\/span><\/p>\n","protected":false},"excerpt":{"rendered":"<p>\u00ab&nbsp;C&rsquo;est trop cher&nbsp;!&nbsp;\u00bb R\u00e9flexions personnelles sur une addiction Je sais comment conclure ce mot du jour, mais comment le commencer&nbsp;? Commen\u00e7ons par les imp\u00f4ts. Ils sont trop chers. Ils gr\u00e8vent le pouvoir d&rsquo;achat, emp\u00eachent des investisseurs d&rsquo;investir, les agents \u00e9conomiques<\/p>\n","protected":false},"author":1,"featured_media":0,"comment_status":"open","ping_status":"closed","sticky":false,"template":"","format":"standard","meta":{"footnotes":""},"categories":[1],"tags":[74,10,76],"class_list":["post-5978","post","type-post","status-publish","format-standard","hentry","category-motdujour","tag-consumerisme","tag-economie","tag-social"],"_links":{"self":[{"href":"https:\/\/lemotdujour.fr\/index.php?rest_route=\/wp\/v2\/posts\/5978","targetHints":{"allow":["GET"]}}],"collection":[{"href":"https:\/\/lemotdujour.fr\/index.php?rest_route=\/wp\/v2\/posts"}],"about":[{"href":"https:\/\/lemotdujour.fr\/index.php?rest_route=\/wp\/v2\/types\/post"}],"author":[{"embeddable":true,"href":"https:\/\/lemotdujour.fr\/index.php?rest_route=\/wp\/v2\/users\/1"}],"replies":[{"embeddable":true,"href":"https:\/\/lemotdujour.fr\/index.php?rest_route=%2Fwp%2Fv2%2Fcomments&post=5978"}],"version-history":[{"count":6,"href":"https:\/\/lemotdujour.fr\/index.php?rest_route=\/wp\/v2\/posts\/5978\/revisions"}],"predecessor-version":[{"id":12092,"href":"https:\/\/lemotdujour.fr\/index.php?rest_route=\/wp\/v2\/posts\/5978\/revisions\/12092"}],"wp:attachment":[{"href":"https:\/\/lemotdujour.fr\/index.php?rest_route=%2Fwp%2Fv2%2Fmedia&parent=5978"}],"wp:term":[{"taxonomy":"category","embeddable":true,"href":"https:\/\/lemotdujour.fr\/index.php?rest_route=%2Fwp%2Fv2%2Fcategories&post=5978"},{"taxonomy":"post_tag","embeddable":true,"href":"https:\/\/lemotdujour.fr\/index.php?rest_route=%2Fwp%2Fv2%2Ftags&post=5978"}],"curies":[{"name":"wp","href":"https:\/\/api.w.org\/{rel}","templated":true}]}}