{"id":5957,"date":"2018-12-18T02:36:27","date_gmt":"2018-12-18T01:36:27","guid":{"rendered":"http:\/\/lemotdujour.fr\/?p=5957"},"modified":"2021-09-07T14:56:35","modified_gmt":"2021-09-07T12:56:35","slug":"mardi-18-decembre-2018","status":"publish","type":"post","link":"https:\/\/lemotdujour.fr\/?p=5957","title":{"rendered":"Mardi 18 d\u00e9cembre 2018"},"content":{"rendered":"<div class=\"mdjTexte\">\u00ab&nbsp;Pris \u00e0 part, chacun des \u00e9l\u00e9ments para\u00eet logique, voire acceptable, mais plac\u00e9s bout \u00e0 bout, ils finissent par former une infernale machine \u00e0 broyer.&nbsp;\u00bb<\/div>\n<div class=\"mdjAuteur\">Florence Aubenas<\/div>\n<p><span style=\"color: #777777; font-family: Arial;\">Florence Aubenas est all\u00e9 s&rsquo;immerger, pendant une semaine, au sein de groupes de gilets jaunes dans la r\u00e9gion de Marmande dans le Lot et Garonne et en a tir\u00e9 un reportage publi\u00e9 dans le journal Le Monde le 15 d\u00e9cembre 2018.<br \/>\n<\/span><\/p>\n<p><span style=\"color: #777777; font-family: Arial;\">Son reportage est accompagn\u00e9 de photos en noir et blanc r\u00e9alis\u00e9s par Edouard Elias.<br \/>\n<\/span><\/p>\n<p><span style=\"color: #777777; font-family: Arial;\">Florence Aubenas n&rsquo;est pas une conceptuelle, elle n&rsquo;est pas giletjaunologue, elle va simplement voir sur place, reste suffisamment longuement pour laisser s&rsquo;exprimer celles et ceux qu&rsquo;elle rencontre puis essaye de d\u00e9crire le plus pr\u00e9cis\u00e9ment possible ce qu&rsquo;elle a vu et compris.<br \/>\n<\/span><\/p>\n<p><span style=\"color: #777777; font-family: Arial;\">Elle avait publi\u00e9 un premier travail de reportage en France, en 2011, <a href=\"http:\/\/livre.fnac.com\/a3609208\/Florence-Aubenas-Le-quai-de-Ouistreham\"><span style=\"color: #0000ff;\">&lt;Le quai de Ouistreham&gt;<\/span>,<\/a> livre qu&rsquo;elle a \u00e9crit apr\u00e8s avoir, pendant six mois, essay\u00e9 de \u00ab vivre la vie \u00bb des plus d\u00e9munis, ceux et surtout celles qui tentent de s&rsquo;en sortir en encha\u00eenant des travaux pr\u00e9caires (femme de m\u00e9nage par exemple) et du temps partiel. Elle a men\u00e9 cette enqu\u00eate \u00e0 Caen. C&rsquo;est un des emplois qu&rsquo;elle a occup\u00e9&nbsp;: nettoyer un quai qui a donn\u00e9 le titre du livre.<br \/>\n<\/span><\/p>\n<p><span style=\"color: #777777; font-family: Arial;\">Puis elle avait parcouru la France, les villages et les gens de France, ailleurs que dans les riches m\u00e9tropoles , l\u00e0 o\u00f9 il devient de plus en plus difficile ou compliqu\u00e9 de vivre et l&rsquo;avait rapport\u00e9 dans un livre \u00ab&nbsp;<strong>en France<\/strong>&nbsp;\u00bb publi\u00e9 en 2013 et auquel j&rsquo;avais consacr\u00e9 une s\u00e9rie de 5 mots du jour que vous retrouverez sur cette page&nbsp;: \u00ab&nbsp;\u00ab\u00a0<span style=\"color: #0000ff;\"><a style=\"color: #0000ff;\" href=\"https:\/\/lemotdujour.fr\/?page_id=2804\">En France \u00a0\u00bb \u2013 Chroniques dans les villes et villages de France&nbsp;<\/a>\u00bb<\/span><br \/>\n<\/span><\/p>\n<p><span style=\"color: #777777; font-family: Arial;\">Fr\u00e9d\u00e9ric Pommier a parl\u00e9 du reportage de Florence Aubenas sur les gilets jaunes lors de <a href=\"https:\/\/www.franceinter.fr\/emissions\/la-revue-de-presse-du-week-end\/la-revue-de-presse-du-week-end-16-decembre-2018\"><span style=\"color: #0000ff;\">&lt;La revue de Presse du week end<\/span>&gt;<\/a> du dimanche 16 d\u00e9cembre 2018&nbsp;:<br \/>\n<\/span><\/p>\n<p style=\"margin-left: 28pt;\"><span style=\"color: #c00000; font-family: Arial;\">\u00ab&nbsp;Les mouvements de contestation peuvent cr\u00e9er du lien social.<br \/>\n<\/span><\/p>\n<p style=\"margin-left: 28pt;\"><span style=\"color: #c00000; font-family: Arial;\">C&rsquo;est ce qu&rsquo;on d\u00e9couvre dans le formidable reportage que signe Florence Aubenas dans LE MONDE\u2026 \u00ab La r\u00e9volte des ronds-points \u00bb\u2026 Un journal de bord qu&rsquo;elle a tenu une semaine durant, s&rsquo;installant sur les giratoires occup\u00e9s pr\u00e8s de Marmande par des dizaines de Gilets jaunes\u2026 Le photographe Edouard Elias \u00e9tait \u00e0 ses c\u00f4t\u00e9s\u2026 Il faut lire et il faut dans le m\u00eame temps regarder pour comprendre cette France qui, depuis plus d&rsquo;un mois, se retrouve pour mener le combat contre les taxes et pour davantage de justice sociale\u2026&nbsp;\u00bb<br \/>\n<\/span><\/p>\n<p><span style=\"color: #777777; font-family: Arial;\">Et Florence Aubenas \u00e9tait l&rsquo;invit\u00e9 de L\u00e9a Salam\u00e9 lundi 17 d\u00e9cembre 2018 pour parler de son reportage&nbsp;: <a href=\"https:\/\/www.franceinter.fr\/emissions\/l-invite-de-7h50\/l-invite-de-7h50-17-decembre-2018\">&lt;<span style=\"color: #0000ff;\">L&rsquo;invit\u00e9 de 7h50&gt;<\/span><\/a><br \/>\n<\/span><\/p>\n<p><span style=\"color: #777777; font-family: Arial;\">L\u00e9a Salam\u00e9 a d&rsquo;abord pos\u00e9 la question de ce qui l&rsquo;avait le plus surpris&nbsp;:<br \/>\n<\/span><\/p>\n<p style=\"margin-left: 28pt;\"><span style=\"color: #c00000; font-family: Arial;\">\u00ab&nbsp;[On a vu sur ces ronds-points] des gens qu&rsquo;on ne voyait jamais, ce n&rsquo;\u00e9tait pas des gens qui avaient l&rsquo;habitude de prendre la parole, ce n&rsquo;\u00e9tait pas la grande gueule du coin. Pourquoi ces gens ne sortaient pas et sortent aujourd&rsquo;hui et c&rsquo;est cela qui serre le c\u0153ur. Ils ne sortaient plus de chez eux.&nbsp;[\u2026]<br \/>\n<\/span><\/p>\n<p style=\"margin-left: 28pt;\"><span style=\"color: #c00000; font-family: Arial;\">au d\u00e9but] Certains ne parlaient pas, ne se pr\u00e9sentaient pas, \u00e9crivaient juste leur nom sur leurs gilets\u00bb<br \/>\n<\/span><\/p>\n<p><span style=\"color: #777777; font-family: Arial;\">Et puis peu \u00e0 peu, ils ont commenc\u00e9 \u00e0 parler. A parler d&rsquo;argent, de leurs difficult\u00e9s financi\u00e8res. Sujet tabou qu&rsquo;ils n&rsquo;osaient jamais aborder, m\u00eame avec leurs amis, mais l\u00e0 sur les ronds-points ils et surtout elles ont parl\u00e9 et ont constat\u00e9 qu&rsquo;elles n&rsquo;\u00e9taient pas seules que d&rsquo;autres vivaient les m\u00eames choses.<br \/>\n<\/span><\/p>\n<p><span style=\"color: #777777; font-family: Arial;\">Bien s\u00fbr, elle reconnait avoir entendu des propos racistes, et des propos extr\u00eames, mais elle ajout\u00e9 tout de suite qu&rsquo;elle en entend aussi dans les milieux de journalistes \u00e0 Paris, m\u00eame si les propos ont plus polic\u00e9s. Et elle a aussi entendu sur ces ronds-points des gens qui disaient \u00ab&nbsp;je ne suis pas d&rsquo;accord&nbsp;\u00bb devant ces propos extr\u00e9mistes.<br \/>\n<\/span><\/p>\n<p><span style=\"color: #777777; font-family: Arial;\">Surtout le racisme \u00e9tait selon elle marginal et non au c\u0153ur des discussions.<br \/>\n<\/span><\/p>\n<p><span style=\"color: #777777; font-family: Arial;\">Vous trouverez ce long reportage sur le site du Monde&nbsp;: <a href=\"https:\/\/www.lemonde.fr\/societe\/article\/2018\/12\/15\/sur-les-ronds-points-les-gilets-jaunes-a-la-croisee-des-chemins_5397928_3224.html\">&lt;<span style=\"color: #0000ff;\">Sur les ronds-points les gilets jaunes \u00e0 la crois\u00e9e des chemins<\/span>&gt;<\/a><br \/>\n<\/span><\/p>\n<p><span style=\"color: #777777; font-family: Arial;\">Il faut bien s\u00fbr \u00eatre abonn\u00e9 pour pouvoir acc\u00e9der \u00e0 l&rsquo;int\u00e9gralit\u00e9 de l&rsquo;article et des photos.<br \/>\n<\/span><\/p>\n<p><span style=\"color: #777777; font-family: Arial;\">Florence Aubenas raconte par exemple l&rsquo;exp\u00e9rience de Coralie qui est une gilet jaune rencontr\u00e9e sur un rond-point&nbsp;:<br \/>\n<\/span><\/p>\n<p style=\"margin-left: 28pt;\"><span style=\"color: #c00000; font-family: Arial;\">Coralie arrive la premi\u00e8re. A son mari, apiculteur, certains sont all\u00e9s dire : \u00ab On a vu ta femme sur le rond-point avec des voyous et des cas soc&rsquo;. \u00bb \u00ab Moi aussi, je suis un cas social \u00bb, constate Coralie, 25 ans. Elle a mis un temps \u00e0 dig\u00e9rer le mot, mais \u00ab objectivement \u00bb, dit-elle, c&rsquo;est bien celui qui pourrait la d\u00e9finir.<br \/>\n<\/span><\/p>\n<p style=\"margin-left: 28pt;\"><span style=\"color: #c00000; font-family: Arial;\">Elle vient de d\u00e9poser \u00e0 l&rsquo;\u00e9cole ses deux fils d&rsquo;un premier mariage. Garde le souvenir amer d&rsquo;un \u00e9levage de chevaux catastrophique. Aimerait devenir assistante maternelle. Il fait tr\u00e8s froid, il faudrait rallumer le feu \u00e9teint dans le bidon. \u00ab Qu&rsquo;est-ce que je fais l\u00e0 ? \u00bb, se demande Coralie.<br \/>\n<\/span><\/p>\n<p style=\"margin-left: 28pt;\"><span style=\"color: #c00000; font-family: Arial;\">Et puis, un grand gars arrive, qui voudrait peindre un slogan sur une pancarte. \u00ab Je peux \u00e9crire \u00ab\u00a0Pendaison Macron\u00a0\u00bb ? \u00bb, il demande.<br \/>\n<\/span><\/p>\n<p style=\"margin-left: 28pt;\"><span style=\"color: #c00000; font-family: Arial;\">\u00ab Vas-y, fais-toi plaisir \u00bb, dit Coralie. Personnellement, elle ne voit aucune urgence \u00e0 pendre Macron. Et alors ? On affiche ce qu&rsquo;on veut. Le gilet jaune lui-m\u00eame sert \u00e0 \u00e7a, transformer chacun en homme-sandwich de son propre message, trac\u00e9 au feutre dans le dos : \u00ab Stop au racket des citoyens par les politiques \u00bb ; \u00ab Rital \u00bb ; \u00ab Macron, tu te fous de ton peuple \u00bb ; \u00ab Non au radar, aux 80 km\/h, au contr\u00f4le technique, aux taxes, c&rsquo;est trop \u00bb ; \u00ab 18 ans et sexy \u00bb ; \u00ab Le ras-le-bol, c&rsquo;est maintenant \u00bb ; \u00ab Marre d&rsquo;avoir froid \u00bb ; \u00ab Fatigu\u00e9 de survivre \u00bb ; \u00ab Staff du rond-point \u00bb ; \u00ab Frexit \u00bb ; \u00ab Le peuple en a assez, Macron au bucher. \u00bb<br \/>\n<\/span><\/p>\n<p style=\"margin-left: 28pt;\"><span style=\"color: #c00000; font-family: Arial;\">Depuis des mois, son mari disait \u00e0 Coralie : \u00ab Sors de la maison, va voir des copines, fais les magasins. \u00bb \u00c7a a \u00e9t\u00e9 les \u00ab gilets jaunes \u00bb, au rond-point de la Satar, la plus petite des trois cahutes autour de Marmande, plant\u00e9e entre un bout de campagne, une bretelle d&rsquo;autoroute et une grosse plate-forme de chargement, o\u00f9 des camions se relaient jour et nuit.<br \/>\n<\/span><\/p>\n<p style=\"margin-left: 28pt;\"><span style=\"color: #c00000; font-family: Arial;\">L&rsquo;activit\u00e9 des \u00ab gilets \u00bb consiste ici \u00e0 monter des barrages filtrants. Voil\u00e0 les autres, ils arrivent, Christelle, qui a des enfants du m\u00eame \u00e2ge que ceux de Coralie, Laurent, un mar\u00e9chal-ferrant, Andr\u00e9, un retrait\u00e9 attif\u00e9 comme un prince, 300 chemises et trois Mercedes, Sylvie, l&rsquo;\u00e9leveuse de poulets. Et tout revient d&rsquo;un coup, la chaleur de la cahute, la compagnie des humains, les \u00ab Bonjour \u00bb qui claquent fort. Est-ce que les \u00ab gilets jaunes \u00bb vont r\u00e9ussir \u00e0 changer la vie ? Une infirmi\u00e8re songeuse : \u00ab En tout cas, ils ont chang\u00e9 ma vie. \u00bb<br \/>\n<\/span><\/p>\n<p style=\"margin-left: 28pt;\"><span style=\"color: #c00000; font-family: Arial;\">Le soir, en rentrant, Coralie n&rsquo;a plus envie de parler que de \u00e7a. Son mari trouve qu&rsquo;elle l&rsquo;aime moins. Il le lui a dit.<br \/>\n<\/span><\/p>\n<p style=\"margin-left: 28pt;\"><span style=\"color: #c00000; font-family: Arial;\">Un soir, ils ont invit\u00e9 \u00e0 d\u00eener les fid\u00e8les du rond-point. Ils n&rsquo;avaient jamais re\u00e7u personne \u00e0 la maison, sauf la famille bien s\u00fbr. \u00ab Tu l&rsquo;as, ton nouveau d\u00e9part. Tu es forte \u00bb, a gliss\u00e9 le mari.<br \/>\n<\/span><\/p>\n<p style=\"margin-left: 28pt;\"><span style=\"color: #c00000; font-family: Arial;\">Coralie distribue des tracts aux conducteurs. \u00ab Vous n&rsquo;obtiendrez rien, mademoiselle, vous feriez mieux de rentrer chez vous \u00bb, sugg\u00e8re un homme dans une berline.<br \/>\n<\/span><\/p>\n<p style=\"margin-left: 28pt;\"><span style=\"color: #c00000; font-family: Arial;\">\u00ab <strong>Je n&rsquo;attends rien de sp\u00e9cial. Ici, on fait les choses pour soi : j&rsquo;ai d\u00e9j\u00e0 gagn\u00e9<\/strong>. \u00bb<br \/>\n<\/span><\/p>\n<p><span style=\"color: #777777; font-family: Arial;\">Elle raconte aussi \u00e0 Marmande la relation ambig\u00fce entre le patron d&rsquo;un Centre Leclerc d&rsquo;abord soutenant les gilets jaunes puis estimant que la contestation avait assez dur\u00e9 essaye de casser le mouvement.<br \/>\n<\/span><\/p>\n<p><span style=\"color: #777777; font-family: Arial;\">Ou encore cette r\u00e9flexion&nbsp;:<br \/>\n<\/span><\/p>\n<p style=\"margin-left: 28pt;\"><span style=\"color: #c00000; font-family: Arial;\">\u00ab&nbsp;Doroth\u00e9e, 42 ans, monteuse-c\u00e2bleuse, 1 100 euros net, est l&rsquo;une des deux porte-parole des \u00ab gilets \u00bb de Marmande. \u00ab \u00c7a faisait des ann\u00e9es que je bouillais devant ma t\u00e9l\u00e9, \u00e0 me dire : \u00ab\u00a0Personne ne pense comme moi, ou quoi ?\u00a0\u00bb Quand j&rsquo;ai entendu parler des \u00ab&nbsp;gilets jaunes&nbsp;\u00bb, j&rsquo;ai dit \u00e0 mon mari : \u00ab&nbsp;C&rsquo;est pour moi.\u00a0\u00bb \u00bb&nbsp;\u00bb<br \/>\n<\/span><\/p>\n<p><span style=\"color: #777777; font-family: Arial;\">Je retiens surtout ce besoin d&rsquo;\u00e9changes, de dialogues qui n&rsquo;existaient plus&nbsp;:<br \/>\n<\/span><\/p>\n<p style=\"margin-left: 28pt;\"><span style=\"color: #c00000; font-family: Arial;\">\u00ab&nbsp;Et puis, que s&rsquo;est-il pass\u00e9 ? Comment tout le monde s&rsquo;est soudain retrouv\u00e9 \u00e0 d\u00e9baller devant de parfaits inconnus \u2013 \u00ab Des gens \u00e0 qui on aurait march\u00e9 dessus chez Leclerc \u00e0 peine deux semaines plus t\u00f4t, sans les saluer \u00bb \u2013 les choses les plus profondes de sa vie ? Des choses si intimes qu&rsquo;on les cachait soigneusement jusque-l\u00e0, \u00ab sauf parfois entre amis, mais c&rsquo;\u00e9tait g\u00eanant \u00bb. La cahute est devenue le lieu o\u00f9 \u00ab les masques tombent \u00bb. Plus de honte. \u00ab \u00c7a fait dix ans que je vis sans sortir, \u00e0 parler \u00e0 ma chienne. Aujourd&rsquo;hui, les digues l\u00e2chent \u00bb, dit une infirmi\u00e8re.&nbsp;\u00bb<br \/>\n<\/span><\/p>\n<p><span style=\"color: #777777; font-family: Arial;\">Et Florence Aubenas conclut&nbsp;:<br \/>\n<\/span><\/p>\n<p style=\"margin-left: 28pt;\"><span style=\"color: #c00000; font-family: Arial;\">\u00ab&nbsp;<strong>Chacun a son histoire, toujours tr\u00e8s compliqu\u00e9e, mais toutes se ressemblent au fond, un enchev\u00eatrement de probl\u00e8mes administratifs, de sant\u00e9, de conditions de travail. Pris \u00e0 part, chacun des \u00e9l\u00e9ments para\u00eet logique, voire acceptable, mais plac\u00e9s bout \u00e0 bout, ils finissent par former une infernale machine \u00e0 broyer<\/strong>.&nbsp;\u00bb<br \/>\n<\/span><\/p>\n<p><span style=\"color: #777777; font-family: Arial;\">Elle raconte aussi la m\u00e9fiance et peut \u00eatre m\u00eame la haine des politiques&nbsp;:<br \/>\n<\/span><\/p>\n<p style=\"margin-left: 28pt;\"><span style=\"color: #c00000; font-family: Arial;\">\u00ab&nbsp;La politique est prohib\u00e9e : un militant communiste a bien essay\u00e9 de tracter, puis un petit couple \u2013 lui en costume, elle en blouson de cuir \u2013, se disant France insoumise. Tous ont \u00e9t\u00e9 chass\u00e9s. Le seul discours commun \u00e9voque les \u00ab privil\u00e9gi\u00e9s de la R\u00e9publique \u00bb, d\u00e9put\u00e9s, \u00e9narques, ministres, sans distinction, \u00e0 qui \u00ab on ne demande jamais de sacrifices \u00bb. En fait, c&rsquo;est \u00e0 eux qu&rsquo;on en veut, bien davantage qu&rsquo;aux multinationales ou aux patrons.&nbsp;\u00bb<br \/>\n<\/span><\/p>\n<p><span style=\"color: #777777; font-family: Arial;\">Un reportage \u00e0 lire.<br \/>\n<\/span><\/p>\n<p><span style=\"color: maroon; font-family: Arial;\">&lt;1170&gt;<\/span><\/p>\n","protected":false},"excerpt":{"rendered":"<p>\u00ab&nbsp;Pris \u00e0 part, chacun des \u00e9l\u00e9ments para\u00eet logique, voire acceptable, mais plac\u00e9s bout \u00e0 bout, ils finissent par former une infernale machine \u00e0 broyer.&nbsp;\u00bb Florence Aubenas Florence Aubenas est all\u00e9 s&rsquo;immerger, pendant une semaine, au sein de groupes de gilets<\/p>\n","protected":false},"author":1,"featured_media":0,"comment_status":"open","ping_status":"closed","sticky":false,"template":"","format":"standard","meta":{"footnotes":""},"categories":[1],"tags":[15,3,76],"class_list":["post-5957","post","type-post","status-publish","format-standard","hentry","category-motdujour","tag-france","tag-politique","tag-social"],"_links":{"self":[{"href":"https:\/\/lemotdujour.fr\/index.php?rest_route=\/wp\/v2\/posts\/5957","targetHints":{"allow":["GET"]}}],"collection":[{"href":"https:\/\/lemotdujour.fr\/index.php?rest_route=\/wp\/v2\/posts"}],"about":[{"href":"https:\/\/lemotdujour.fr\/index.php?rest_route=\/wp\/v2\/types\/post"}],"author":[{"embeddable":true,"href":"https:\/\/lemotdujour.fr\/index.php?rest_route=\/wp\/v2\/users\/1"}],"replies":[{"embeddable":true,"href":"https:\/\/lemotdujour.fr\/index.php?rest_route=%2Fwp%2Fv2%2Fcomments&post=5957"}],"version-history":[{"count":6,"href":"https:\/\/lemotdujour.fr\/index.php?rest_route=\/wp\/v2\/posts\/5957\/revisions"}],"predecessor-version":[{"id":12095,"href":"https:\/\/lemotdujour.fr\/index.php?rest_route=\/wp\/v2\/posts\/5957\/revisions\/12095"}],"wp:attachment":[{"href":"https:\/\/lemotdujour.fr\/index.php?rest_route=%2Fwp%2Fv2%2Fmedia&parent=5957"}],"wp:term":[{"taxonomy":"category","embeddable":true,"href":"https:\/\/lemotdujour.fr\/index.php?rest_route=%2Fwp%2Fv2%2Fcategories&post=5957"},{"taxonomy":"post_tag","embeddable":true,"href":"https:\/\/lemotdujour.fr\/index.php?rest_route=%2Fwp%2Fv2%2Ftags&post=5957"}],"curies":[{"name":"wp","href":"https:\/\/api.w.org\/{rel}","templated":true}]}}