{"id":5945,"date":"2018-12-17T02:29:26","date_gmt":"2018-12-17T01:29:26","guid":{"rendered":"http:\/\/lemotdujour.fr\/?p=5945"},"modified":"2021-09-07T14:57:48","modified_gmt":"2021-09-07T12:57:48","slug":"lundi-17-decembre-2018","status":"publish","type":"post","link":"https:\/\/lemotdujour.fr\/?p=5945","title":{"rendered":"Lundi 17 d\u00e9cembre 2018"},"content":{"rendered":"<div class=\"mdjTexte\">\u00ab&nbsp;Strasbourg&nbsp;\u00bb<\/div>\n<div class=\"mdjAuteur\">Une ville ch\u00e8re \u00e0 mon c\u0153ur et \u00e0 celui d&rsquo;Annie, une ville aujourd&rsquo;hui meurtrie<\/div>\n<p><span style=\"color: #777777; font-family: Arial;\">Strasbourg est une de ces villes qui a une \u00e2me. Je l&rsquo;ai rencontr\u00e9e au sortir du bac pour commencer mes \u00e9tudes sup\u00e9rieures dans cette grande ville de l&rsquo;est de la France.<br \/>\n<\/span><\/p>\n<p><img decoding=\"async\" class=\"alignleft\" src=\"https:\/\/lemotdujour.fr\/wp-content\/uploads\/2018\/12\/121618_2228_Lundi17dcem1.jpg\" alt=\"\" align=\"left\"><span style=\"color: #777777; font-family: Arial;\">Mes \u00e9tudes dans les classes pr\u00e9paratoires aux grandes \u00e9coles au Lyc\u00e9e Kl\u00e9ber, se sont mal pass\u00e9es et ont fini par un \u00e9chec.<br \/>\n<\/span><\/p>\n<p><span style=\"color: #777777; font-family: Arial;\">Mais j&rsquo;ai toujours continu\u00e9 \u00e0 aimer cette ville.<br \/>\n<\/span><\/p>\n<p><span style=\"color: #777777; font-family: Arial;\">Annie est venue aussi faire des \u00e9tudes \u00e0 Strasbourg, un an avant et elles se sont termin\u00e9es, apr\u00e8s mon d\u00e9part, par un succ\u00e8s.<br \/>\n<\/span><\/p>\n<p><span style=\"color: #777777; font-family: Arial;\">Chaque fois que nous y retournons, nous sommes heureux, \u00e9mus et \u00e9merveill\u00e9s par la beaut\u00e9 de cette ville.<br \/>\n<\/span><\/p>\n<p><span style=\"color: #777777; font-family: Arial;\">Les Romains sont arriv\u00e9s en Alsace en 58 av. J.-C. C&rsquo;est sous la direction de Jules C\u00e9sar que les romains sont intervenus en Gaule, \u00e0 partir de cette date en 58 avant JC.<br \/>\n<\/span><\/p>\n<p><span style=\"color: #777777; font-family: Arial;\">Cette intervention qui sera couronn\u00e9e par la bataille d\u00e9cisive de la guerre des Gaules en 52 av. JC, le si\u00e8ge d&rsquo;Al\u00e9sia qui voit la d\u00e9faite d&rsquo;une coalition de peuples gaulois men\u00e9e par Vercing\u00e9torix face \u00e0 l&rsquo;arm\u00e9e romaine de Jules C\u00e9sar..<br \/>\n<\/span><\/p>\n<p><span style=\"color: #777777; font-family: Arial;\">Finalement Wikip\u00e9dia, nous apprend que le fr\u00e8re de Tib\u00e8re, deuxi\u00e8me empereur romain apr\u00e8s Auguste le fils adoptif de C\u00e9sar, Nero Claudius Drusus fait construire sur le site de Strasbourg en 12 avant JC sur l&#8217;emplacement d&rsquo;une forteresse gauloise, une ville qui s&rsquo;appellera<span style=\"color: #0000ff;\"> <a style=\"color: #0000ff;\" href=\"https:\/\/www.argentoratum-voyages.alsace\/historique-argentoratum\/\"><strong>Argentoratum<\/strong><\/a>.<\/span><br \/>\n<\/span><\/p>\n<p><span style=\"color: #777777; font-family: Arial;\">En l&rsquo;appelant ainsi les romains n&rsquo;ont fait que latiniser le nom celte de la forteresse gauloise <strong>Argentorate.<\/strong><\/span><br \/>\n<img loading=\"lazy\" decoding=\"async\" class=\"alignright\" src=\"https:\/\/lemotdujour.fr\/wp-content\/uploads\/2018\/12\/121618_2228_Lundi17dcem2.jpg\" alt=\"\" width=\"526\" height=\"350\" align=\"left\"><\/p>\n<p><span style=\"color: #777777; font-family: Arial;\">Rappelons que Strasbourg se trouve sur la rive gauche du Rhin, fleuve qui a souvent jou\u00e9 le r\u00f4le de fronti\u00e8re.<\/span><\/p>\n<p><span style=\"color: #777777; font-family: Arial;\">Lors de l&rsquo;expansion de l&#8217;empire romain qui s&rsquo;est \u00e9tendu \u00e0 la Germanie au IIe et IIIe si\u00e8cles, Argentoratum va servir<\/span><span style=\"color: #777777; font-family: Arial;\"> de base de repli pour les troupes romaines install\u00e9es en Germanie. Mais en 260, les l\u00e9gions quittent d\u00e9finitivement la Germanie et Strasbourg redevient une ville fronti\u00e8re.<br \/>\n<\/span><\/p>\n<p><span style=\"color: #777777; font-family: Arial;\">Et en 355, la ville est saccag\u00e9e par des germains qui ont pour nom les \u00ab&nbsp;<strong>Alamans<\/strong>&nbsp;\u00bb.<br \/>\n<\/span><\/p>\n<p><span style=\"color: #777777; font-family: Arial;\">Et il faut savoir que le nom fran\u00e7ais donn\u00e9 au pays voisin&nbsp;: \u00ab&nbsp;Allemagne&nbsp;\u00bb vient du latin \u00ab&nbsp;Alemannia&nbsp;\u00bb qui signifie le pays des Alamans.<br \/>\n<\/span><\/p>\n<p><span style=\"color: #777777; font-family: Arial;\">Mais la r\u00e9alit\u00e9 de nos voisins est complexe puisqu&rsquo;en allemand ce pays est appel\u00e9 Deutschland, en anglais Germany et en polonais Niemcy.<br \/>\n<\/span><\/p>\n<p><span style=\"color: #777777; font-family: Arial;\">Une autre tribu germaine, \u00ab&nbsp;les Teutons&nbsp;\u00bb est aussi utilis\u00e9e, en particulier en italien o\u00f9 \u00ab&nbsp;tedesco&nbsp;\u00bb signifie \u00ab allemand \u00bb.<\/span><br \/>\n<img loading=\"lazy\" decoding=\"async\" class=\"alignleft\" src=\"https:\/\/lemotdujour.fr\/wp-content\/uploads\/2018\/12\/121618_2228_Lundi17dcem3.jpg\" alt=\"\" width=\"596\" height=\"397\" align=\"left\"><\/p>\n<p><span style=\"color: #777777; font-family: Arial;\">Strasbourg va avoir un destin compliqu\u00e9 entre l&rsquo;Allemagne et la France.<br \/>\n<\/span><\/p>\n<p><span style=\"color: #777777; font-family: Arial;\">Mais avant cette dispute, ce sont <strong>les Huns d&rsquo;Attila<\/strong> qui vont compl\u00e9tement d\u00e9truire la ville en 451.<br \/>\n<\/span><\/p>\n<p><span style=\"color: #777777; font-family: Arial;\">C&rsquo;est un autre peuple germain \u00ab&nbsp;<\/span><span style=\"color: #777777; font-family: Arial;\"><strong>Les francs<\/strong>&nbsp;\u00bb, qui je le rappelle sont autant nos anc\u00eatres que les gaulois, qui au d\u00e9but du VIe si\u00e8cle vont reconstruire la ville, sous le nom de<strong> Stratae burgus <\/strong>(le bourg de la route). Et Stratae burgus va devenir Strasbourg.<br \/>\n<\/span><\/p>\n<p><span style=\"color: #777777; font-family: Arial;\">Le christianisme va bien s\u00fbr jouer un r\u00f4le consid\u00e9rab<\/span><span style=\"color: #777777; font-family: Arial;\">le dans le d\u00e9veloppement de la ville. Comme pour Lyon, la ville sera essentiellement gouvern\u00e9 par la puissance \u00e9piscopale. Wikipedia nous apprend que sous l&rsquo;impulsion de l&rsquo;\u00e9v\u00eaque Arbogast de Strasbourg, une premi\u00e8re cath\u00e9drale et un couvent sont \u00e9difi\u00e9s d\u00e8s le VI\u00e8me si\u00e8cle.<br \/>\n<\/span><\/p>\n<p><span style=\"color: #777777; font-family: Arial;\">Par la suite vous savez que Charlemagne va tenter de recr\u00e9er un empire chr\u00e9tien. Il sera couronn\u00e9 empereur par le Pape en l&rsquo;an 800. Charlemagne qui est un empereur fran\u00e7ais comme nous l&rsquo;apprennent les livres d&rsquo;Histoire de France. Mais les livres d&rsquo;Histoire <\/span><\/p>\n<p><a href=\"https:\/\/www.strasbourg.eu\/lieu\/-\/entity\/id\/686032\"><img loading=\"lazy\" decoding=\"async\" class=\"wp-image-5963 alignleft\" src=\"https:\/\/lemotdujour.fr\/wp-content\/uploads\/2018\/12\/Strasbourg6.jpg\" alt=\"\" width=\"288\" height=\"439\" srcset=\"https:\/\/lemotdujour.fr\/wp-content\/uploads\/2018\/12\/Strasbourg6.jpg 2718w, https:\/\/lemotdujour.fr\/wp-content\/uploads\/2018\/12\/Strasbourg6-197x300.jpg 197w, https:\/\/lemotdujour.fr\/wp-content\/uploads\/2018\/12\/Strasbourg6-768x1169.jpg 768w, https:\/\/lemotdujour.fr\/wp-content\/uploads\/2018\/12\/Strasbourg6-673x1024.jpg 673w\" sizes=\"auto, (max-width: 288px) 100vw, 288px\" \/><\/a><\/p>\n<p><span style=\"color: #777777; font-family: Arial;\">allemande le d\u00e9signent comme un empereur germanique donc allemand. Pour d\u00e9partager les deux, il faut se rappeler que la capitale de Charlemagne est Aachen, ville allemande, m\u00eame si les livres d&rsquo;Histoire fran\u00e7ais continuent \u00e0 la d\u00e9signer sous le nom d&rsquo;Aix la Chapelle.<br \/>\n<\/span><\/p>\n<p><span style=\"color: #777777; font-family: Arial;\">Ceci est tr\u00e8s important pour Strasbourg puisque apr\u00e8s que le fils de Charlemagne Louis le Pieux lui ait succ\u00e9d\u00e9 sur le tr\u00f4ne de l&rsquo;Empire, les trois petits fils vont se partager l&#8217;empire.<\/span><\/p>\n<p><span style=\"color: #777777; font-family: Arial;\">Et c&rsquo;est alors qu&rsquo;eut lieu le \u00ab&nbsp;<a href=\"https:\/\/fr.wikipedia.org\/wiki\/Serments_de_Strasbourg\"><strong><span style=\"color: #0000ff;\">Serment de Strasbourg<\/span><\/strong><span style=\"color: #0000ff;\">&nbsp;<\/span><\/a>\u00bb le jour de la Saint Valentin, le 14 f\u00e9vrier 842. L&rsquo;a\u00een\u00e9 des 3 fr\u00e8res Lothaire avait l&rsquo;ambition de jouer un r\u00f4le primordial dans la succession de son p\u00e8re. Mais les deux autres fr\u00e8res n&rsquo;\u00e9taient pas d&rsquo;accord et c&rsquo;est par le serment de Strasbourg qu&rsquo;une alliance militaire est sign\u00e9e entre Charles le Chauve et Louis le Germanique, contre leur fr\u00e8re a\u00een\u00e9, Lothaire Ier.<br \/>\n<\/span><\/p>\n<p><span style=\"color: #777777; font-family: Arial;\">Ce serment est fondamental \u00e0 plusieurs titres.<br \/>\n<\/span><\/p>\n<p><img loading=\"lazy\" decoding=\"async\" class=\" wp-image-5943 alignright\" src=\"https:\/\/lemotdujour.fr\/wp-content\/uploads\/2018\/12\/121618_2228_Lundi17dcem6.jpg\" alt=\"\" width=\"304\" height=\"456\" srcset=\"https:\/\/lemotdujour.fr\/wp-content\/uploads\/2018\/12\/121618_2228_Lundi17dcem6.jpg 397w, https:\/\/lemotdujour.fr\/wp-content\/uploads\/2018\/12\/121618_2228_Lundi17dcem6-200x300.jpg 200w\" sizes=\"auto, (max-width: 304px) 100vw, 304px\" \/><\/p>\n<p><span style=\"color: #777777; font-family: Arial;\">Le premier c&rsquo;est que la Lotharingie qui occupait une place centrale va \u00eatre absorb\u00e9e par les ces deux voisins \u00e0 l&rsquo;ouest va \u00e9merger la France et \u00e0 l&rsquo;est les pays allemands.<br \/>\n<\/span><\/p>\n<p><span style=\"color: #777777; font-family: Arial;\">Le second c&rsquo;est que <strong>Louis le Germanique<\/strong> prononce son serment <strong>en langue romane<\/strong> pour \u00eatre compris des soldats de Charles le Chauve, et <strong>Charles le Chauve r\u00e9cite le sien en langue tudesque <\/strong>pour qu&rsquo;il soit entendu des soldats de Louis.<br \/>\n<\/span><\/p>\n<p><span style=\"color: #777777; font-family: Arial;\"><strong>Le texte en roman des Serments a une port\u00e9e philologique et symbolique essentielle, puisqu&rsquo;il constitue, pour ainsi dire, \u00ab l&rsquo;acte de naissance de la langue fran\u00e7aise \u00bb.<br \/>\n<\/strong><\/span><\/p>\n<p><span style=\"color: #777777; font-family: Arial;\">Jusqu&rsquo;alors ce type de texte \u00e9tait r\u00e9dig\u00e9 en latin.<br \/>\n<\/span><\/p>\n<p><span style=\"color: #777777; font-family: Arial;\">Mais il est important de savoir qu&rsquo;en 1493, Strasbourg est proclam\u00e9e ville libre imp\u00e9riale par Charles IV. Ce qui en fait indiscutablement une ville allemande.<br \/>\n<\/span><\/p>\n<p><span style=\"color: #777777; font-family: Arial;\">Strasbourg qui sera d&rsquo;ailleurs un centre important de la r\u00e9forme initi\u00e9e par Martin Luther.<br \/>\n<\/span><\/p>\n<p><span style=\"color: #777777; font-family: Arial;\">Mais comme je l&rsquo;avais \u00e9crit lors des mots du jour sur Luther, avant la r\u00e9forme il fallut inventer l&rsquo;imprimerie, pour imprimer des livres et d&rsquo;abord la bible en langue comprise par tous.<br \/>\n<\/span><\/p>\n<p><span style=\"color: #777777; font-family: Arial;\">Cette invention est le fait Johannes Gutenberg qui est n\u00e9 \u00e0 Mayence mais qui s&rsquo;est install\u00e9 \u00e0 Strasbourg en 1434 et Strasbourg va devenir un des plus grands centre d&rsquo;imprimerie d&rsquo;Europe.<br \/>\n<\/span><\/p>\n<p><span style=\"color: #777777; font-family: Arial;\">Cependant Wikipedia pr\u00e9cise que&nbsp;:<br \/>\n<\/span><\/p>\n<p style=\"margin-left: 28pt;\"><span style=\"color: #c00000; font-family: Arial;\">\u00ab&nbsp;Gutenberg est retourn\u00e9 \u00e0 Mayence entre 1444 et 1448 ce qui fait qu&rsquo;on ignore exactement o\u00f9 a \u00e9t\u00e9 finalis\u00e9e cette invention majeure. Toujours est-il que Strasbourg devient tr\u00e8s vite un des grands centres de l&rsquo;imprimerie, puisque d\u00e8s la fin du XVe si\u00e8cle la ville compte une dizaine d&rsquo;ateliers d&rsquo;imprimerie, notamment la prestigieuse officine des Gr\u00fcninger. De fait, Strasbourg va attirer nombre d&rsquo;intellectuels et d&rsquo;artistes. Sculpteurs, architectes, orf\u00e8vres, peintres, horlogers, la ville excelle dans de nombreux domaines. Strasbourg \u00e9tait une ville tr\u00e8s influente d&rsquo;o\u00f9 son statut tr\u00e8s sp\u00e9cial et unique de \u00ab ville libre \u00bb elle produisait sa propre monnaie avec un commerce d\u00e9velopp\u00e9 et gr\u00e2ce \u00e0 sa situation g\u00e9ographique pouvait exporter et importer des produits.&nbsp;\u00bb<br \/>\n<\/span><\/p>\n<p><span style=\"color: #777777; font-family: Arial;\">Une des principales places de Strasbourg a d&rsquo;ailleurs \u00e9t\u00e9 nomm\u00e9e du nom de l&rsquo;inventeur de l&rsquo;imprimerie.<br \/>\n<\/span><\/p>\n<p><span style=\"color: #777777; font-family: Arial;\">Dans la suite Strasbourg va devenir un centre de la r\u00e9forme puisque d\u00e8s 1519, les th\u00e8ses de Martin Luther seront affich\u00e9es aux portes de la cath\u00e9drale et les dirigeants de la ville, notamment Jacques Sturm, sont favorables \u00e0 ce changement. La ville adopte la R\u00e9forme en 1525 et devient protestante en 1532 avec l&rsquo;adh\u00e9sion \u00e0 la confession d&rsquo;Augsbourg.<br \/>\n<\/span><\/p>\n<p><a href=\"https:\/\/fr.wikipedia.org\/wiki\/Palais_Rohan_(Strasbourg)\"><img decoding=\"async\" class=\"alignleft\" src=\"https:\/\/lemotdujour.fr\/wp-content\/uploads\/2018\/12\/121618_2228_Lundi17dcem4.jpg\" alt=\"\" align=\"left\"><\/a><span style=\"color: #777777; font-family: Arial;\">Mais il va s&rsquo;en suivre une p\u00e9riode de grands conflits religieux qui va notamment donner lieu \u00e0 la terrible guerre de trente ans. Guerre qui va s&rsquo;achever par <span style=\"color: #0000ff;\"><a style=\"color: #0000ff;\" href=\"https:\/\/fr.wikipedia.org\/wiki\/Trait%C3%A9s_de_Westphalie\">les paix de Westphalie<\/a><\/span> sign\u00e9s le 24 octobre 1648<br \/>\n<\/span><\/p>\n<p><span style=\"color: #777777; font-family: Arial;\">Ces trait\u00e9s vont conduire qu&rsquo;une partie de l&rsquo;Alsace sera rattach\u00e9e \u00e0 la France, mais <strong>Strasbourg demeure ville libre imp\u00e9riale<\/strong>.<br \/>\n<\/span><\/p>\n<p><span style=\"color: #777777; font-family: Arial;\">La ville est sortie \u00e9pargn\u00e9e par la guerre mais est affaiblie, et l&#8217;empire germanique vaincu ne peut lui apporter d&rsquo;aide.<br \/>\n<\/span><\/p>\n<p><span style=\"color: #777777; font-family: Arial;\">Et c&rsquo;est ainsi que <strong>le 28 septembre 1681<\/strong>, la ville est assi\u00e9g\u00e9e par une arm\u00e9e command\u00e9e par Louis XIV. La ville se rend deux jours plus tard et sera rattach\u00e9e au royaume de France avec l&rsquo;Alsace tout enti\u00e8re.<br \/>\n<\/span><\/p>\n<p><span style=\"color: #777777; font-family: Arial;\">Strasbourg redevient ville fronti\u00e8re et abrite environ 6 000 soldats fran\u00e7ais, bas\u00e9s pour la plupart \u00e0 la citadelle de Vauban dont les travaux ont d\u00e9but\u00e9 d\u00e8s 1682 et dont on voit toujours les traces dans la ville actuelle.<br \/>\n<\/span><\/p>\n<p><span style=\"color: #777777; font-family: Arial;\">En 1704, un prince de la famille Rohan devient \u00e9v\u00eaque de la ville. La famille conservera le pouvoir \u00e9piscopal jusqu&rsquo;en 1790 et fera construire le fameux palais des Rohan situ\u00e9 tout pr\u00e8s de la cath\u00e9drale, sur les rives de l&rsquo;Ill.<br \/>\n<\/span><\/p>\n<p><span style=\"color: #777777; font-family: Arial;\">Durant toute cette p\u00e9riode, m\u00eame si le catholicisme va se d\u00e9velopper, la ville reste majoritairement protestante.<br \/>\n<\/span><\/p>\n<p><span style=\"color: #777777; font-family: Arial;\">Une autre institution fondamentale de Strasbourg sera son Universit\u00e9. Strasbourg aura \u00e9t\u00e9 et reste un immense centre universitaire international.<br \/>\n<\/span><\/p>\n<p><span style=\"color: #777777; font-family: Arial;\">Et un des plus c\u00e9l\u00e8bres \u00e9tudiants de cette universit\u00e9 sera Goethe.<br \/>\n<img loading=\"lazy\" decoding=\"async\" class=\"alignnone size-full wp-image-5955\" src=\"https:\/\/lemotdujour.fr\/wp-content\/uploads\/2018\/12\/Strasbourg21-1.jpg\" alt=\"\" width=\"1185\" height=\"498\" srcset=\"https:\/\/lemotdujour.fr\/wp-content\/uploads\/2018\/12\/Strasbourg21-1.jpg 1185w, https:\/\/lemotdujour.fr\/wp-content\/uploads\/2018\/12\/Strasbourg21-1-300x126.jpg 300w, https:\/\/lemotdujour.fr\/wp-content\/uploads\/2018\/12\/Strasbourg21-1-768x323.jpg 768w, https:\/\/lemotdujour.fr\/wp-content\/uploads\/2018\/12\/Strasbourg21-1-1024x430.jpg 1024w\" sizes=\"auto, (max-width: 1185px) 100vw, 1185px\" \/><br \/>\nApr\u00e8s la guerre 14-18 et le retour de Strasbourg en France, l&rsquo;Universit\u00e9 de Strasbourg fera l&rsquo;objet de toutes les attentions du gouvernement fran\u00e7ais qui y enverra ses plus grands professeurs. Il faut savoir que c&rsquo;est \u00e0 Strasbourg en 1929 que fut cr\u00e9\u00e9e la prestigieuse revue historique <strong>\u00ab&nbsp;<span style=\"color: #0000ff;\"><a style=\"color: #0000ff;\" href=\"https:\/\/fr.wikipedia.org\/wiki\/%C3%89cole_des_Annales\">les Annales&nbsp;<\/a><\/span>\u00bb <\/strong>par ses deux fondateurs Marc Bloch et Lucien Febvre, tous deux professeurs \u00e0 l&rsquo;Universit\u00e9 de Strasbourg<strong>. <\/strong>Revue qui donnera naissance au courant appel\u00e9 l&rsquo;\u00e9cole des Annales.<br \/>\n<\/span><\/p>\n<p><span style=\"color: #777777; font-family: Arial;\">L&rsquo;Histoire plus r\u00e9cente de Strasbourg est connue comme son r\u00f4le de ville du Parlement de l&rsquo;<span style=\"color: #0000ff;\"><a style=\"color: #0000ff;\" href=\"https:\/\/fr.wikipedia.org\/wiki\/Union_europ%C3%A9enne\">Union europ\u00e9enne<\/a><\/span> et du si\u00e8ge du <a href=\"https:\/\/fr.wikipedia.org\/wiki\/Conseil_de_l%27Europe\"><span style=\"color: #0000ff;\">Conseil de l&rsquo;Europe<\/span><\/a><span style=\"color: #0000ff;\">.<\/span><br \/>\n<\/span><\/p>\n<p><span style=\"color: #777777; font-family: Arial;\">Mais il faut rappeler que lors de la p\u00e9riode r\u00e9volutionnaire, la population strasbourgeoise se soul\u00e8ve. Le 21 juillet 1789, l&rsquo;h\u00f4tel de ville est saccag\u00e9. Et c&rsquo;est le 26 avril 1792 que Rouget de l&rsquo;Isle compose \u00e0 la demande du maire de Strasbourg, <strong>un chant pour l&rsquo;arm\u00e9e du Rhin <\/strong>sans se douter qu&rsquo;il deviendra un symbole de la R\u00e9volution fran\u00e7aise en devenant La Marseillaise. <\/span><br \/>\n<span style=\"color: #777777; font-family: Arial;\"><strong>La Marseillaise fut cr\u00e9\u00e9e \u00e0 Strasbourg<\/strong>.<\/span><\/p>\n<p><span style=\"color: #777777; font-family: Arial;\">Apr\u00e8s avoir accueilli le serment de Strasbourg qui est historiquement le premier document officiel en langue fran\u00e7aise, avoir \u00e9t\u00e9 le lieu de la cr\u00e9ation de l&rsquo;hymne national montre combien la ville de Strasbourg est importante pour la France, elle qui fut si longuement disput\u00e9e par les deux entit\u00e9s issues de la dislocation de l&#8217;empire de Charlemagne.<br \/>\n<\/span><\/p>\n<p><span style=\"color: #777777; font-family: Arial;\">Beaucoup des pr\u00e9cisions historiques de ce mot du jour sont issues de Wikipedia.<br \/>\n<\/span><\/p>\n<p><span style=\"color: #777777; font-family: Arial;\">Les photos qui agr\u00e9mentent ce mot du jour ont toutes \u00e9t\u00e9 r\u00e9alis\u00e9es par mes soins lors de notre visite \u00e0 Strasbourg en avril 2018.<br \/>\n<\/span><\/p>\n<p><img decoding=\"async\" src=\"https:\/\/lemotdujour.fr\/wp-content\/uploads\/2018\/12\/121618_2228_Lundi17dcem7.jpg\" alt=\"\"><span style=\"color: #777777; font-family: Arial;\"><br \/>\n<\/span><\/p>\n<p><span style=\"color: maroon; font-family: Arial;\">&lt;1169&gt;<\/span><\/p>\n","protected":false},"excerpt":{"rendered":"<p>\u00ab&nbsp;Strasbourg&nbsp;\u00bb Une ville ch\u00e8re \u00e0 mon c\u0153ur et \u00e0 celui d&rsquo;Annie, une ville aujourd&rsquo;hui meurtrie Strasbourg est une de ces villes qui a une \u00e2me. Je l&rsquo;ai rencontr\u00e9e au sortir du bac pour commencer mes \u00e9tudes sup\u00e9rieures dans cette grande<\/p>\n","protected":false},"author":1,"featured_media":0,"comment_status":"open","ping_status":"closed","sticky":false,"template":"","format":"standard","meta":{"footnotes":""},"categories":[1],"tags":[50,17,19],"class_list":["post-5945","post","type-post","status-publish","format-standard","hentry","category-motdujour","tag-europe","tag-histoire","tag-personnel"],"_links":{"self":[{"href":"https:\/\/lemotdujour.fr\/index.php?rest_route=\/wp\/v2\/posts\/5945","targetHints":{"allow":["GET"]}}],"collection":[{"href":"https:\/\/lemotdujour.fr\/index.php?rest_route=\/wp\/v2\/posts"}],"about":[{"href":"https:\/\/lemotdujour.fr\/index.php?rest_route=\/wp\/v2\/types\/post"}],"author":[{"embeddable":true,"href":"https:\/\/lemotdujour.fr\/index.php?rest_route=\/wp\/v2\/users\/1"}],"replies":[{"embeddable":true,"href":"https:\/\/lemotdujour.fr\/index.php?rest_route=%2Fwp%2Fv2%2Fcomments&post=5945"}],"version-history":[{"count":14,"href":"https:\/\/lemotdujour.fr\/index.php?rest_route=\/wp\/v2\/posts\/5945\/revisions"}],"predecessor-version":[{"id":12096,"href":"https:\/\/lemotdujour.fr\/index.php?rest_route=\/wp\/v2\/posts\/5945\/revisions\/12096"}],"wp:attachment":[{"href":"https:\/\/lemotdujour.fr\/index.php?rest_route=%2Fwp%2Fv2%2Fmedia&parent=5945"}],"wp:term":[{"taxonomy":"category","embeddable":true,"href":"https:\/\/lemotdujour.fr\/index.php?rest_route=%2Fwp%2Fv2%2Fcategories&post=5945"},{"taxonomy":"post_tag","embeddable":true,"href":"https:\/\/lemotdujour.fr\/index.php?rest_route=%2Fwp%2Fv2%2Ftags&post=5945"}],"curies":[{"name":"wp","href":"https:\/\/api.w.org\/{rel}","templated":true}]}}