{"id":5927,"date":"2018-12-14T04:02:53","date_gmt":"2018-12-14T03:02:53","guid":{"rendered":"http:\/\/lemotdujour.fr\/?p=5927"},"modified":"2021-09-07T15:00:40","modified_gmt":"2021-09-07T13:00:40","slug":"vendredi-14-decembre-2018","status":"publish","type":"post","link":"https:\/\/lemotdujour.fr\/?p=5927","title":{"rendered":"Vendredi 14 d\u00e9cembre 2018"},"content":{"rendered":"<div class=\"mdjTexte\">\u00ab&nbsp;Etant jeunes, ils ignorent ce qu\u2019ils ignorent&nbsp;\u00bb<\/div>\n<div class=\"mdjAuteur\">Gaspard Gantzer \u00e0 propos de l&rsquo;entourage proche d&rsquo;Emmanuel Macron et peut \u00eatre de Macron lui-m\u00eame<\/div>\n<p><span style=\"color: #777777; font-family: Arial;\"><br \/>\nDans le<span style=\"color: #0000ff;\"> <a style=\"color: #0000ff;\" href=\"https:\/\/www.franceinter.fr\/emissions\/l-invite-de-7h50\/l-invite-de-7h50-13-decembre-2018\">tr\u00e8s bel entretien<\/a><\/span> que Jean-Louis Trintignant a accord\u00e9 \u00e0 L\u00e9a Salam\u00e9, sur France Inter le 13 d\u00e9cembre 2018, il a un peu parl\u00e9 des \u00e9v\u00e8nements actuels de la France&nbsp;:<\/span><\/p>\n<p style=\"margin-left: 28pt;\"><span style=\"color: #c00000; font-family: Arial;\">\u00ab&nbsp;Entre les gens qui nous gouvernent et les gens qui souffrent, il y a un foss\u00e9. . Macron je pense que c\u2019est un homme honn\u00eate mais il n\u2019a jamais eu faim. Il n\u2019est pas assez proche du peuple&nbsp;\u00bb<\/span><\/p>\n<p><span style=\"color: #777777; font-family: Arial;\">Au-del\u00e0 du fait d\u2019avoir faim, il est probable que la distance, la diff\u00e9rence de v\u00e9cu est si grande entre celles et ceux qui gouvernent et une grande part de celles et ceux qui sont gouvern\u00e9s qu\u2019il est difficile pour les premiers de comprendre les seconds.<\/span><\/p>\n<p><span style=\"color: #777777; font-family: Arial;\">L\u2019\u00e9mission du Grain \u00e0 Moudre du 11 d\u00e9cembre 2018 posait cette question&nbsp;: \u00ab<span style=\"color: #0000ff;\"><a style=\"color: #0000ff;\" href=\"https:\/\/www.franceculture.fr\/emissions\/du-grain-a-moudre\/du-grain-a-moudre-du-mardi-11-decembre-2018\">&nbsp;Col\u00e8re Jaune : Les circuits de l&rsquo;information de l&rsquo;\u00c9tat sont-ils grill\u00e9s ?<\/a><\/span>&nbsp;\u00bb<\/span><\/p>\n<p><span style=\"color: #777777; font-family: Arial;\">Herv\u00e9 Gardette, le producteur de l\u2019\u00e9mission avait invit\u00e9 3 personnes : <\/span><\/p>\n<ul>\n<li><span style=\"color: #777777; font-family: Arial;\">Jacques Barth\u00e9l\u00e9my, Ancien pr\u00e9fet ; <\/span><\/li>\n<li><span style=\"color: #777777; font-family: Arial;\">Aurore Gorius, Journaliste d&rsquo;investigation pour Les Jours ; <\/span><\/li>\n<li><span style=\"color: #777777; font-family: Arial;\">Et Gaspard Gantzer, ancien conseiller de Fran\u00e7ois Hollande et avant conseiller de Bertrand Delano\u00eb.<\/span><\/li>\n<\/ul>\n<p><span style=\"color: #777777; font-family: Arial;\">L\u2019ancien pr\u00e9fet Jacques Barth\u00e9l\u00e9my racontait combien il \u00e9tait difficile d\u2019\u00eatre entendu et compris par la technocratie gouvernementale quand on tentait de leur expliquer ce qui pouvait remonter du terrain, chez les gens des provinces et de la France profonde. Et l\u2019\u00e9mission renvoie vers un article du Monde qui donne justement la parole \u00e0 des pr\u00e9fets qui, bien sur, restent anonymes.<\/span><\/p>\n<p><span style=\"color: #777777; font-family: Arial;\">\u00ab<a href=\"https:\/\/www.lemonde.fr\/politique\/article\/2018\/12\/03\/face-a-la-crise-du-mouvement-des-gilets-jaunes-les-prefets-sonnent-l-alerte-politique_5391904_823448.html\"><span style=\"color: #0000ff;\">Face \u00e0 la crise du mouvement des \u00ab gilets jaunes \u00bb, les pr\u00e9fets sonnent l\u2019alerte politique<\/span><\/a>&nbsp;\u00bb<\/span><\/p>\n<p style=\"margin-left: 28pt;\"><span style=\"color: #c00000; font-family: Arial;\">\u00abQu\u2019ils soient le bras arm\u00e9 de l\u2019Etat dans un territoire ou charg\u00e9s d\u2019une mission d\u2019int\u00e9r\u00eat g\u00e9n\u00e9ral sp\u00e9cifique, les pr\u00e9fets manifestent rarement leurs \u00e9tats d\u2019\u00e2me. Aujourd\u2019hui, plusieurs d\u2019entre eux, devant la crise engendr\u00e9e par le mouvement des \u00ab gilets jaunes \u00bb, font part, sous le sceau de l\u2019anonymat, d\u2019une certaine appr\u00e9hension. Appr\u00e9hension d\u2019autant plus vive que les autorit\u00e9s centrales leur donnent parfois l\u2019impression de ne pas avoir pris la mesure du probl\u00e8me et de les laisser sans consigne pr\u00e9cise. <\/span><\/p>\n<p style=\"margin-left: 28pt;\"><span style=\"color: #c00000; font-family: Arial;\">\u00ab Ce qui se passe est le fruit d\u2019ann\u00e9es de fragmentation de la soci\u00e9t\u00e9 fran\u00e7aise, juge l\u2019un d\u2019eux. Pour l\u2019heure, la r\u00e9ponse de l\u2019ex\u00e9cutif est \u00e0 c\u00f4t\u00e9 de la plaque. \u00bb \u00ab Je suis tr\u00e8s inquiet car le pouvoir est dans une bulle technocratique, rench\u00e9rit un autre. Ils sont coup\u00e9s de la France des braves gens qui n\u2019arrivent pas \u00e0 boucler leurs fins de mois. Ils n\u2019ont aucun code et aucun capteur. Nous, les pr\u00e9fets, pourrions leur donner des \u00e9l\u00e9ments mais ils ne nous demandent rien. Quand ils viennent sur le terrain, c\u2019est par\u00e9s de leur arrogance parisienne. \u00bb[&#8230;]<\/span><\/p>\n<p style=\"margin-left: 28pt;\"><span style=\"color: #c00000; font-family: Arial;\">Alors que la pr\u00e9fecture de Haute-Loire, au Puy-en-Velay, a \u00e9t\u00e9 incendi\u00e9e, samedi 1er d\u00e9cembre, plusieurs repr\u00e9sentants de ce corps de hauts fonctionnaires parlent de situation \u00ab explosive et quasi insurrectionnelle \u00bb, voire \u00ab pr\u00e9-r\u00e9volutionnaire \u00bb. [\u2026] Dans le mien, le mouvement agr\u00e8ge des travailleurs pauvres, des retrait\u00e9s avec de petites pensions qui s\u2019estiment touch\u00e9s dans leur dignit\u00e9, des dirigeants d\u2019entreprise de travaux publics confront\u00e9s \u00e0 des hausses de prix des carburants et des patrons de soci\u00e9t\u00e9s de petite taille, qui affirment ne pas s\u2019en sortir. \u00bb<\/span><\/p>\n<p><span style=\"color: #777777; font-family: Arial;\">Et Gaspard Gantzer raconte que lorsqu\u2019il \u00e9tait conseiller de Bertrand Delano\u00eb, ce dernier l\u2019engueulait lorsqu\u2019il le trouvait dans son bureau et lui disait, tu ne m\u2019es pas utile dans ton bureau, il faut que tu ailles vers les citoyens dans les taxis, les bistrots et les lieux o\u00f9 tu peux rencontrer les gens et \u00e9couter ce qu\u2019ils ont \u00e0 dire.<\/span><\/p>\n<p><span style=\"color: #777777; font-family: Arial;\">La journaliste Aurore Gorius exlique :<\/span><\/p>\n<p style=\"margin-left: 28pt;\"><span style=\"color: #c00000; font-family: Arial;\">\u00ab&nbsp;Il y a une administration, Bercy, dont est issue Emmanuel Macron et dont est issue son secr\u00e9taire g\u00e9n\u00e9ral Alexis Kohler. C&rsquo;est une administration qui porte des r\u00e9formes et essaye de les promouvoir. Elle a une approche plus technocratique que d&rsquo;autres. On retrouve \u00e7a dans la fa\u00e7on d&rsquo;exercer le pouvoir d&rsquo;Emmanuel Macron.&nbsp;\u00bb<\/span><\/p>\n<p><span style=\"color: #777777; font-family: Arial;\">Gaspard Gantzer explique que Macron pour gouverner ne s\u2019est entour\u00e9 que de jeunes esprits brillants, convaincus de leur savoir et il a ajout\u00e9 cette phrase terrible&nbsp;:<\/span><\/p>\n<p style=\"margin-left: 28pt;\"><span style=\"color: #c00000; font-family: Arial;\">\u00ab&nbsp;Et \u00e9tant jeunes, ils ignorent ce qu\u2019ils ignorent&nbsp;\u00bb<\/span><\/p>\n<p><span style=\"color: #777777; font-family: Arial;\">Dans ma vie quotidienne, il m\u2019arrive aussi de rencontrer des jeunes pleins de certitudes. Surtout s\u2019ils ont pu poursuivre des \u00e9tudes brillantes pendant lesquelles on leur a dit qu\u2019ils \u00e9taient les meilleurs. En outre, indiscutablement ils ont beaucoup travaill\u00e9 intellectuellement et peut \u00eatre m\u00eame beaucoup lu des ouvrages souvent techniques. <\/span><\/p>\n<p><span style=\"color: #777777; font-family: Arial;\">Alors ils peuvent croire qu\u2019ils savent. Ils savent des choses. Mais s\u2019il est important de savoir ce que l\u2019on sait il est encore plus important de savoir ce que l\u2019on ignore. Au minimum de savoir qu\u2019il y a des choses que l\u2019on ignore. Cette mani\u00e8re de penser et de se comporter s\u2019appelle l\u2019humilit\u00e9.<\/span><\/p>\n<p><span style=\"color: #777777; font-family: Arial;\">J\u2019en avait fait un mot du jour je l\u2019ai rappel\u00e9 r\u00e9cemment, ce propos de David Axelrod, ancien conseiller de Barack Obama, \u00e0 propos d&rsquo;Emmanuel Macron&nbsp;:<\/span><\/p>\n<p style=\"margin-left: 28pt;\"><span style=\"color: #c00000; font-family: Arial;\">\u00ab&nbsp;C\u2019est quelqu\u2019un qui a beaucoup de confiance en lui-m\u00eame. Mais ce poste n\u00e9cessite de l\u2019humilit\u00e9.&nbsp;\u00bb<\/span><\/p>\n<p><span style=\"color: #777777; font-family: Arial;\">J\u2019avais aussi cit\u00e9 et rappel\u00e9, un jour de la Saint Valentin, la chanson de Gabin&nbsp;:<\/span><\/p>\n<p style=\"margin-left: 28pt;\"><span style=\"color: #c00000; font-family: Arial;\">\u00ab Quand j\u2019\u00e9tais gosse, haut comme trois pommes,<br \/>\nJ\u2019parlais bien fort pour \u00eatre un homme<br \/>\nJ\u2019disais, JE SAIS, JE SAIS, JE SAIS, JE SAIS<br \/>\nC\u2019\u00e9tait l\u2019d\u00e9but, c\u2019\u00e9tait l\u2019printemps<br \/>\nMais quand j\u2019ai eu mes 18 ans<br \/>\nJ\u2019ai dit, JE SAIS, \u00e7a y est, cette fois JE SAIS<br \/>\nEt aujourd\u2019hui, les jours o\u00f9 je m\u2019retourne<br \/>\nJ\u2019regarde la terre o\u00f9 j\u2019ai quand m\u00eame fait les 100 pas<br \/>\nEt je n\u2019sais toujours pas comment elle tourne !&nbsp;\u00bb<\/span><\/p>\n<p><span style=\"color: #777777; font-family: Arial;\">Savoir ce que l\u2019on sait, mais aussi savoir ce l\u2019on ignore.<\/span><\/p>\n<p><span style=\"color: #777777; font-family: Arial;\">Douter souvent, mais ne pas douter que l\u2019on ignore beaucoup.<\/span><\/p>\n<p><span style=\"color: #800000;\">&lt;1168&gt;<\/span><\/p>\n","protected":false},"excerpt":{"rendered":"<p>\u00ab&nbsp;Etant jeunes, ils ignorent ce qu\u2019ils ignorent&nbsp;\u00bb Gaspard Gantzer \u00e0 propos de l&rsquo;entourage proche d&rsquo;Emmanuel Macron et peut \u00eatre de Macron lui-m\u00eame Dans le tr\u00e8s bel entretien que Jean-Louis Trintignant a accord\u00e9 \u00e0 L\u00e9a Salam\u00e9, sur France Inter le 13<\/p>\n","protected":false},"author":1,"featured_media":0,"comment_status":"open","ping_status":"closed","sticky":false,"template":"","format":"standard","meta":{"footnotes":""},"categories":[1],"tags":[15,6,3],"class_list":["post-5927","post","type-post","status-publish","format-standard","hentry","category-motdujour","tag-france","tag-philosophie","tag-politique"],"_links":{"self":[{"href":"https:\/\/lemotdujour.fr\/index.php?rest_route=\/wp\/v2\/posts\/5927","targetHints":{"allow":["GET"]}}],"collection":[{"href":"https:\/\/lemotdujour.fr\/index.php?rest_route=\/wp\/v2\/posts"}],"about":[{"href":"https:\/\/lemotdujour.fr\/index.php?rest_route=\/wp\/v2\/types\/post"}],"author":[{"embeddable":true,"href":"https:\/\/lemotdujour.fr\/index.php?rest_route=\/wp\/v2\/users\/1"}],"replies":[{"embeddable":true,"href":"https:\/\/lemotdujour.fr\/index.php?rest_route=%2Fwp%2Fv2%2Fcomments&post=5927"}],"version-history":[{"count":10,"href":"https:\/\/lemotdujour.fr\/index.php?rest_route=\/wp\/v2\/posts\/5927\/revisions"}],"predecessor-version":[{"id":12098,"href":"https:\/\/lemotdujour.fr\/index.php?rest_route=\/wp\/v2\/posts\/5927\/revisions\/12098"}],"wp:attachment":[{"href":"https:\/\/lemotdujour.fr\/index.php?rest_route=%2Fwp%2Fv2%2Fmedia&parent=5927"}],"wp:term":[{"taxonomy":"category","embeddable":true,"href":"https:\/\/lemotdujour.fr\/index.php?rest_route=%2Fwp%2Fv2%2Fcategories&post=5927"},{"taxonomy":"post_tag","embeddable":true,"href":"https:\/\/lemotdujour.fr\/index.php?rest_route=%2Fwp%2Fv2%2Ftags&post=5927"}],"curies":[{"name":"wp","href":"https:\/\/api.w.org\/{rel}","templated":true}]}}