{"id":592,"date":"2014-02-06T01:00:00","date_gmt":"2014-02-05T22:00:00","guid":{"rendered":"http:\/\/lemotdujour.fr\/?p=592"},"modified":"2017-05-08T13:20:52","modified_gmt":"2017-05-08T11:20:52","slug":"jeudi-06022014","status":"publish","type":"post","link":"https:\/\/lemotdujour.fr\/?p=592","title":{"rendered":"Jeudi 06\/02\/2014"},"content":{"rendered":"<div class=\"mdjDate\">Jeudi 06\/02\/2014<\/div>\n<p>En r\u00e9ponse au mot du jour d&rsquo;hier consacr\u00e9 \u00e0 ces religieux que le doute n&rsquo;effleure pas.<\/p>\n<div class=\"mdjTexte\">\u00abJe vois planer un doute\u00bb<\/div>\n<div class=\"mdjAuteur\">Raymond Devos<\/div>\n<div class=\"mdjCiter\">Un ange passe<\/div>\n<div class=\"mdjCiter\">On dit parfois que j&rsquo;extravague&#8230;<\/div>\n<div class=\"mdjCiter\">que je d\u00e9lire&#8230;<\/div>\n<div class=\"mdjCiter\">Pourtant, il n&rsquo;y a pas plus raisonnable que moi !<\/div>\n<div class=\"mdjCiter\">Il n&rsquo;y a pas d&rsquo;esprit plus cart\u00e9sien que le mien !<\/div>\n<div class=\"mdjCiter\">Je ne fais que rapporter les faits tels que je les observe.<\/div>\n<div class=\"mdjCiter\">Il est \u00e9vident qu&rsquo;il y a observer et observer !<\/div>\n<div class=\"mdjCiter\">Cela d\u00e9pend du sens que l&rsquo;on donne au mot \u00ab\u00a0observer\u00a0\u00bb.<\/div>\n<div class=\"mdjCiter\">Exemple:<\/div>\n<div class=\"mdjCiter\">Quand on demande aux gens d&rsquo;observer le silence&#8230;<\/div>\n<div class=\"mdjCiter\">au lieu de l&rsquo;observer, comme on observe une \u00e9clipse de lune, ils l&rsquo;\u00e9coutent&#8230;<\/div>\n<div class=\"mdjCiter\">et t\u00eate baiss\u00e9e, encore !<\/div>\n<div class=\"mdjCiter\">Ils ne risquent pas de le voir le silence.<\/div>\n<div class=\"mdjCiter\">Ils le redoutent !<\/div>\n<div class=\"mdjCiter\">Alors, d\u00e8s que le silence se fait, les gens le meublent.<\/div>\n<div class=\"mdjCiter\">Quelqu&rsquo;un dit :<\/div>\n<div class=\"mdjCiter\">&#8211; Tiens ? Un ange passe !<\/div>\n<div class=\"mdjCiter\">alors que l&rsquo;ange, il ne l&rsquo;a pas vu passer !<\/div>\n<div class=\"mdjCiter\">S&rsquo;il avait le courage, comme moi, d&rsquo;observer le silence en face, l&rsquo;ange il le verrait !<\/div>\n<div class=\"mdjCiter\">Parce que, mesdames et messieurs, lorsqu&rsquo;un ange passe, je le vois !<\/div>\n<div class=\"mdjCiter\">Je suis le seul, mais je le vois !<\/div>\n<div class=\"mdjCiter\">\u00c9videmment que je ne dis pas que je vois passer un ange,<\/div>\n<div class=\"mdjCiter\">parce qu&rsquo;aussit\u00f4t, dans la salle, il y a un doute qui plane !<\/div>\n<div class=\"mdjCiter\">Je le vois planer, le doute !&#8230;<\/div>\n<div class=\"mdjCiter\">\u00c9videmment que je ne dis pas que je vois planer un doute parce qu&rsquo;aussit\u00f4t, les questions:<\/div>\n<div class=\"mdjCiter\">&#8211; Comment \u00e7a plane un doute ?<\/div>\n<div class=\"mdjCiter\">&#8211; Comme \u00e7a ! (geste de la main qui oscille)<\/div>\n<div class=\"mdjCiter\">&#8211; Comment pouvez-vous identifiez un doute avec certitude ?<\/div>\n<div class=\"mdjCiter\">A son ombre !<\/div>\n<div class=\"mdjCiter\">L&rsquo;ombre d&rsquo;un doute, c&rsquo;est bien connu&#8230;!<\/div>\n<div class=\"mdjCiter\">Si le doute fait de l&rsquo;ombre, c&rsquo;est que le doute existe&#8230;!<\/div>\n<div class=\"mdjCiter\">Il n&rsquo;y a pas l&rsquo;ombre d&rsquo;un doute !<\/div>\n<div class=\"mdjCiter\">Et l&rsquo;on sait le nombre de doutes au nombre d&rsquo;ombres !<\/div>\n<div class=\"mdjCiter\">S&rsquo;il y a cent ombres, il y a cent doutes.<\/div>\n<div class=\"mdjCiter\">Je ne sais pas comment vous convaincre ?!<\/div>\n<div class=\"mdjCiter\">Je vous donnerais bien ma parole, mais vous allez la mettre en doute !<\/div>\n<div class=\"mdjCiter\">Le doute&#8230; je vais le voir planer&#8230;<\/div>\n<div class=\"mdjCiter\">Je vais dire:<\/div>\n<div class=\"mdjCiter\">&#8211; Je vois planer un doute.<\/div>\n<div class=\"mdjCiter\">Aussit\u00f4t, le silence va se faire&#8230;<\/div>\n<div class=\"mdjCiter\">Quelqu&rsquo;un va dire :<\/div>\n<div class=\"mdjCiter\">&#8211; Tiens, un ange passe !<\/div>\n<div class=\"mdjCiter\">Et il faudra tout recommencer !<\/div>\n<div class=\"mdjCiter\">A propos de l&rsquo;ange, aussi, on m&rsquo;en pose des questions insidieuses:<\/div>\n<div class=\"mdjCiter\">&#8211; Dites-moi, votre ange l\u00e0, de quel sexe est-il ?<\/div>\n<div class=\"mdjCiter\">Alors l\u00e0&#8230; (geste de la main qui oscille)<\/div>\n<div class=\"mdjCiter\">je suis oblig\u00e9 de laisser planer un doute, parce que je n&rsquo;en sais rien !<\/div>\n<div class=\"mdjCiter\">&#8211; D&rsquo;o\u00f9 vient-il ?<\/div>\n<div class=\"mdjCiter\">Il va vers sa chute !<\/div>\n<div class=\"mdjCiter\">Parce que l&rsquo;ange, attir\u00e9 par la lumi\u00e8re des projecteurs s&rsquo;y pr\u00e9cipite&#8230;<\/div>\n<div class=\"mdjCiter\">\u00c9bloui, l&rsquo;ange s&rsquo;y brule les ailes et l&rsquo;ange choit !<\/div>\n<div class=\"mdjCiter\">Et un ange qui a chu est d\u00e9chu !<\/div>\n<div class=\"mdjCiter\">Mesdames et Messieurs&#8230; \u00e0 la m\u00e9moire de tous les anges qui sont tomb\u00e9s dans cette salle, nous allons observer une minute de silence&#8230;<\/div>\n<div class=\"mdjCiter\">(L&rsquo;artiste voyant \u00ab\u00a0passer\u00a0\u00bb un ange, les gens rient)<\/div>\n<div class=\"mdjCiter\">(L&rsquo;artiste avec un geste de la main qui oscille)<\/div>\n<div class=\"mdjCiter\">Il n&rsquo;y a que les doutes qui planent.<\/div>\n<div class=\"mdjCiter\">Raymond Devos.<\/div>\n","protected":false},"excerpt":{"rendered":"<p>Jeudi 06\/02\/2014 En r\u00e9ponse au mot du jour d&rsquo;hier consacr\u00e9 \u00e0 ces religieux que le doute n&rsquo;effleure pas. \u00abJe vois planer un doute\u00bb Raymond Devos Un ange passe On dit parfois que j&rsquo;extravague&#8230; que je d\u00e9lire&#8230; Pourtant, il n&rsquo;y a<\/p>\n","protected":false},"author":1,"featured_media":0,"comment_status":"closed","ping_status":"closed","sticky":false,"template":"","format":"standard","meta":{"footnotes":""},"categories":[1],"tags":[],"class_list":["post-592","post","type-post","status-publish","format-standard","hentry","category-motdujour"],"_links":{"self":[{"href":"https:\/\/lemotdujour.fr\/index.php?rest_route=\/wp\/v2\/posts\/592","targetHints":{"allow":["GET"]}}],"collection":[{"href":"https:\/\/lemotdujour.fr\/index.php?rest_route=\/wp\/v2\/posts"}],"about":[{"href":"https:\/\/lemotdujour.fr\/index.php?rest_route=\/wp\/v2\/types\/post"}],"author":[{"embeddable":true,"href":"https:\/\/lemotdujour.fr\/index.php?rest_route=\/wp\/v2\/users\/1"}],"replies":[{"embeddable":true,"href":"https:\/\/lemotdujour.fr\/index.php?rest_route=%2Fwp%2Fv2%2Fcomments&post=592"}],"version-history":[{"count":1,"href":"https:\/\/lemotdujour.fr\/index.php?rest_route=\/wp\/v2\/posts\/592\/revisions"}],"predecessor-version":[{"id":593,"href":"https:\/\/lemotdujour.fr\/index.php?rest_route=\/wp\/v2\/posts\/592\/revisions\/593"}],"wp:attachment":[{"href":"https:\/\/lemotdujour.fr\/index.php?rest_route=%2Fwp%2Fv2%2Fmedia&parent=592"}],"wp:term":[{"taxonomy":"category","embeddable":true,"href":"https:\/\/lemotdujour.fr\/index.php?rest_route=%2Fwp%2Fv2%2Fcategories&post=592"},{"taxonomy":"post_tag","embeddable":true,"href":"https:\/\/lemotdujour.fr\/index.php?rest_route=%2Fwp%2Fv2%2Ftags&post=592"}],"curies":[{"name":"wp","href":"https:\/\/api.w.org\/{rel}","templated":true}]}}