{"id":5907,"date":"2018-12-12T02:17:34","date_gmt":"2018-12-12T01:17:34","guid":{"rendered":"http:\/\/lemotdujour.fr\/?p=5907"},"modified":"2021-09-07T15:02:53","modified_gmt":"2021-09-07T13:02:53","slug":"mercredi-12-decembre-2018","status":"publish","type":"post","link":"https:\/\/lemotdujour.fr\/?p=5907","title":{"rendered":"Mercredi 12 d\u00e9cembre 2018"},"content":{"rendered":"<div class=\"mdjTexte\">\u00abGiletjaunologue&nbsp;!\u00bb<\/div>\n<div class=\"mdjAuteur\">Julien Damon<\/div>\n<p><strong><span style=\"color: #777777; font-family: Arial;\"><strong>\u00ab&nbsp;Logue<\/strong>&nbsp;\u00bb vient Du grec ancien <span style=\"color: #7030a0;\">\u03bb\u03cc\u03b3\u03bf\u03c2<span style=\"color: #777777;\">, logos (\u00ab \u00e9tude \u00bb).<br \/>\n<\/span><\/span><\/span><\/strong><\/p>\n<p><strong><span style=\"color: #777777; font-family: Arial;\">D\u00e8s lors, quand on ajoute \u00ab&nbsp;logue&nbsp;\u00bb \u00e0 un mot on comprend qu&rsquo;il s&rsquo;agit de quelqu&rsquo;un qui \u00e9tudie ce que le mot d\u00e9signe.<br \/>\n<\/span><\/p>\n<p><span style=\"color: #777777; font-family: Arial;\">Toutefois, l&rsquo;\u00e9tude des mots, proprement dits, n&rsquo;est pas faite par un \u00ab&nbsp;motologue&nbsp;\u00bb. Etudier les mots c&rsquo;est la \u00ab&nbsp;s\u00e9mantique&nbsp;\u00bb. En g\u00e9n\u00e9ral c&rsquo;est un \u00ab&nbsp;linguiste&nbsp;\u00bb qui \u00e9tudie la s\u00e9mantique.<br \/>\n<\/span><\/p>\n<p><span style=\"color: #777777; font-family: Arial;\">En revanche&nbsp;:<br \/>\n<\/span><\/p>\n<ul>\n<li><span style=\"color: #777777; font-family: Arial;\">Le m\u00e9t\u00e9orologue \u00e9tudie la m\u00e9t\u00e9o<br \/>\n<\/span><\/li>\n<li><span style=\"color: #777777; font-family: Arial;\">Le criminologue \u00e9tudie le crime et les criminels<br \/>\n<\/span><\/li>\n<li><span style=\"color: #777777; font-family: Arial;\">Le vulcanologue \u00e9tudie les volcans<br \/>\n<\/span><\/li>\n<li><span style=\"color: #777777; font-family: Arial;\">Le politologue \u00e9tudie la politique.<br \/>\n<\/span><\/li>\n<\/ul>\n<p><span style=\"color: #777777; font-family: Arial;\">Quelquefois c&rsquo;est un peu plus compliqu\u00e9. Ainsi on ne dit pas \u00ab&nbsp;vinologue&nbsp;\u00bb pour sp\u00e9cialiste du vin mais \u00ab&nbsp;\u0153nologue&nbsp;\u00bb du grec ancien <span style=\"color: #7030a0;\">\u03bf\u1f36\u03bd\u03bf\u03c2, o\u00eenos <span style=\"color: #777777;\">(\u00ab vin \u00bb).<br \/>\n<\/span><\/span><\/span><\/p>\n<p><span style=\"color: #777777; font-family: Arial;\">C&rsquo;est qu&rsquo;il faut faire savant.<br \/>\n<\/span><\/p>\n<p><span style=\"color: #777777; font-family: Arial;\">Dans le m\u00eame esprit, tout le monde comprend que le canc\u00e9rologue est un sp\u00e9cialiste du cancer. Mais on pr\u00e9f\u00e8re aujourd&rsquo;hui le terme d&rsquo;oncologue, De \u00ab&nbsp;<strong>onco<\/strong>&nbsp;\u00bb- (\u00ab tumeur \u00bb, lui-m\u00eame du grec <span style=\"color: #7030a0;\">\u1f44\u03b3\u03ba\u03bf\u03c2, onkos<span style=\"color: #777777;\">, (\u00ab tas, masse \u00bb)<br \/>\n<\/span><\/span><\/span><\/p>\n<p><span style=\"color: #777777; font-family: Arial;\">Toutes ces pr\u00e9cisions ont \u00e9t\u00e9 abondamment copi\u00e9es dans Wikipedia.<br \/>\n<\/span><\/p>\n<p><span style=\"color: #777777; font-family: Arial;\">Revenons au <strong>politologue<\/strong>, parmi eux, lorsque j&rsquo;\u00e9tais jeune il existait une cat\u00e9gorie \u00e0 part qui s&rsquo;appelaient les <strong>\u00ab&nbsp;kremlinologues&nbsp;\u00bb<\/strong>.<br \/>\n<\/span><\/p>\n<p><span style=\"color: #777777; font-family: Arial;\">C&rsquo;est \u00e0 dire c&rsquo;\u00e9tait des sp\u00e9cialistes du Kremlin qui \u00e9tait le palais qui abritait le gouvernement sovi\u00e9tique. C&rsquo;\u00e9tait donc des sp\u00e9cialistes de la politique sovi\u00e9tique.<br \/>\n<\/span><\/p>\n<p><span style=\"color: #777777; font-family: Arial;\">Alexandre Adler fut l&rsquo;un d&rsquo;eux&nbsp;:<br \/>\n<\/span><\/p>\n<p style=\"margin-left: 28pt;\"><span style=\"color: #c00000; font-family: Arial;\">\u00ab&nbsp;Je l&rsquo;utilisai d&rsquo;abord pour r\u00e9soudre les \u00e9nigmes polici\u00e8res de l&rsquo;histoire sovi\u00e9tique qui m&rsquo;avait obs\u00e9d\u00e9, non sans quelques succ\u00e8s qui jalonn\u00e8rent ma premi\u00e8re carri\u00e8re kremlinologique \u00e0 Lib\u00e9ration.&nbsp;\u00bb<br \/>\n\u2014 <em>(Alexandre Adler, Au fil des jours cruels, 1992-2002, 2003, p.1984)<\/em><br \/>\n<\/span><\/p>\n<p><span style=\"color: #777777; font-family: Arial;\">Je l&rsquo;ai un jour entendu expliquer ce qu&rsquo;il faisait en tant que kremlinologue.<br \/>\n<\/span><\/p>\n<p><span style=\"color: #777777; font-family: Arial;\">Il ne savait rien, les luttes de pouvoir et d&rsquo;influence chez les responsables sovi\u00e9tiques \u00e9taient totalement secr\u00e8tes et personne ne savait ce qui se passait.<br \/>\n<\/span><\/p>\n<p><span style=\"color: #777777; font-family: Arial;\">Alors le plus infime d\u00e9tail \u00e9tait analys\u00e9 : l&rsquo;absence de tel responsable \u00e0 telle c\u00e9r\u00e9monie, la place respective des uns et des autres sur une tribune, lorsque tel responsable parlait \u00e0 l&rsquo;oreille d&rsquo;un autre responsable lors d&rsquo;une c\u00e9r\u00e9monie \u00e0laquelle le kremlinologue pouvait assister.<br \/>\n<\/span><\/p>\n<p><span style=\"color: #777777; font-family: Arial;\">A partir de ces d\u00e9tails, le kremlinologue tissait des hypoth\u00e8ses, \u00e9laborait des th\u00e9ories, osait des pr\u00e9visions.<br \/>\n<\/span><\/p>\n<p><span style=\"color: #777777; font-family: Arial;\">Pr\u00e9visions le plus souvent d\u00e9menties par les faits<br \/>\n<\/span><\/p>\n<p><span style=\"color: #777777; font-family: Arial;\">Tout ceci a occup\u00e9 un grand nombre de gens et leurs analyses \u00e9taient abondamment relay\u00e9es par les journaux occidentaux.<br \/>\n<\/span><\/p>\n<p><span style=\"color: #777777; font-family: Arial;\">C&rsquo;est probablement \u00e0 cette pseudo science de kremlinologie que <strong>Julien Damon<\/strong> a pens\u00e9 pour inventer le concept de cette nouvelle sp\u00e9cialit\u00e9<strong><br \/>\n<\/strong>le<strong>&nbsp;: \u00ab&nbsp;Giletjaunologue<\/strong>&nbsp;\u00bb<br \/>\n<\/span><\/p>\n<p><span style=\"color: #777777; font-family: Arial;\">Julien Damon est professeur associ\u00e9 \u00e0 Sciences Po et conseiller scientifique de l&rsquo;Ecole Nationale Sup\u00e9rieure de S\u00e9curit\u00e9 Sociale. Il est pr\u00e9sent\u00e9 comme un <strong>sociologue des in\u00e9galit\u00e9s<\/strong>.<br \/>\n<\/span><\/p>\n<p><span style=\"color: #777777; font-family: Arial;\">Il a \u00e9crit plusieurs ouvrages&nbsp;:<br \/>\n<\/span><\/p>\n<ul>\n<li><a href=\"https:\/\/www.cairn.info\/l-exclusion--9782130630166.htm\"><span style=\"font-family: Arial;\"><span style=\"color: #0000ff;\">L&rsquo;exclusion<\/span><\/span><\/a><span style=\"color: #777777; font-family: Arial;\"> (coll. Que sais-je, PUF, 2018)<br \/>\n<\/span><\/li>\n<li><a href=\"https:\/\/www.puf.com\/content\/Les_politiques_familiales\"><span style=\"font-family: Arial;\"><span style=\"color: #0000ff;\">Les politiques familiales<\/span><\/span><\/a><span style=\"color: #777777; font-family: Arial;\"> (coll. Que sais-je?, PUF, 2018)<br \/>\n<\/span><\/li>\n<li><a href=\"https:\/\/www.puf.com\/content\/Quelle_bonne_id%C3%A9e_100_propositions_plus_ou_moins_saugrenues_dans_lespoir_fou_de_refaire_le\"><span style=\"font-family: Arial;\"><span style=\"color: #0000ff;\">Quelle bonne id\u00e9e ! 100 propositions plus ou moins saugrenues dans l&rsquo;espoir fou de refaire le mond<\/span>e<\/span><\/a><span style=\"color: #777777; font-family: Arial;\"> (PUF, 2018).<br \/>\n<\/span><\/li>\n<\/ul>\n<p><img decoding=\"async\" class=\"alignleft\" src=\"https:\/\/lemotdujour.fr\/wp-content\/uploads\/2018\/12\/121118_2217_Mardi12dcem1.jpg\" alt=\"\" align=\"left\"><span style=\"color: #777777; font-family: Arial;\">Et il a \u00e9t\u00e9 invit\u00e9 \u00e0 l&rsquo;\u00e9mission la Grande Table du 3 d\u00e9cembre 2018&nbsp;: \u00ab<span style=\"color: #0000ff;\">&nbsp;\u00ab\u00a0<a style=\"color: #0000ff;\" href=\"https:\/\/www.franceculture.fr\/emissions\/la-grande-table-2eme-partie\/litterature-jeunesse-tout-sauf-un-jeu-denfants\">Gilets jaunes\u00a0\u00bb : quelles r\u00e9ponses \u00e0 quelles questions ?<\/a>&nbsp;<\/span>\u00bb<br \/>\n<\/span><\/p>\n<p><span style=\"color: #777777; font-family: Arial;\">Et c&rsquo;est lors de cette \u00e9mission, qu&rsquo;il a, en l&rsquo;appliquant d&rsquo;abord \u00e0 lui-m\u00eame puis \u00e0 Emmanuel Todd et \u00e0 d&rsquo;autres experts auto-d\u00e9sign\u00e9s, cr\u00e9\u00e9 cette sp\u00e9cialit\u00e9 de \u00ab&nbsp;<strong>Giletjaunologue<\/strong>&nbsp;\u00bb.<br \/>\n<\/span><\/p>\n<p><span style=\"color: #777777; font-family: Arial;\">Donc des experts \u00e0 qui on demande d&rsquo;expliquer qui sont les gilets jaunes, quelles sont leurs exactes revendications et quels sont leurs objectifs.<br \/>\n<\/span><\/p>\n<p><span style=\"color: #777777; font-family: Arial;\">Ils n&rsquo;en savent rien mais ils parlent quand m\u00eame comme les kremlinologues d&rsquo;antan.<br \/>\n<\/span><\/p>\n<p><span style=\"color: #777777; font-family: Arial;\">Car, on ne sait pas tr\u00e8s bien qui ils sont, \u00e0 part une collection d&rsquo;individus m\u00e9contents.<br \/>\n<\/span><\/p>\n<p><span style=\"color: #777777; font-family: Arial;\"> On ne sait pas ce qu&rsquo;ils pensent puisqu&rsquo;ils expriment des revendications multiples, diverses, parfois irr\u00e9alistes et surtout contradictoires.<br \/>\n<\/span><\/p>\n<p><span style=\"color: #777777; font-family: Arial;\">On ne peut pas leur parler, sauf \u00e0 des individus qui se repr\u00e9sentent eux m\u00eame. Les gilets jaunes&nbsp;? Quel num\u00e9ro de t\u00e9l\u00e9phone&nbsp;? aurait dit <a href=\"http:\/\/www.lecourrierduparlement.fr\/leurope-quel-numero-de-telephone\/\"><span style=\"color: #0000ff;\">Henry Kissinger<\/span><\/a><span style=\"color: #0000ff;\">,<\/span> puisqu&rsquo;ils refusent de se d\u00e9signer des repr\u00e9sentants.<br \/>\n<\/span><\/p>\n<p><span style=\"color: #777777; font-family: Arial;\">Mais nous avons des sp\u00e9cialistes, des experts qui savent d\u00e9crypter et nous expliquer ce que veulent les gilets jaunes et comment les contenter : ce sont des \u00ab&nbsp;<strong>Giletjaunologues<\/strong>&nbsp;\u00bb.<br \/>\n<\/span><\/p>\n<p><span style=\"color: maroon; font-family: Arial;\">&lt;1166&gt;<\/span><\/p>\n<p><\/strong><strong><\/strong><\/p>\n","protected":false},"excerpt":{"rendered":"<p>\u00abGiletjaunologue&nbsp;!\u00bb Julien Damon \u00ab&nbsp;Logue&nbsp;\u00bb vient Du grec ancien \u03bb\u03cc\u03b3\u03bf\u03c2, logos (\u00ab \u00e9tude \u00bb). D\u00e8s lors, quand on ajoute \u00ab&nbsp;logue&nbsp;\u00bb \u00e0 un mot on comprend qu&rsquo;il s&rsquo;agit de quelqu&rsquo;un qui \u00e9tudie ce que le mot d\u00e9signe. Toutefois, l&rsquo;\u00e9tude des mots, proprement<\/p>\n","protected":false},"author":1,"featured_media":0,"comment_status":"open","ping_status":"closed","sticky":false,"template":"","format":"standard","meta":{"footnotes":""},"categories":[1],"tags":[24,3,11],"class_list":["post-5907","post","type-post","status-publish","format-standard","hentry","category-motdujour","tag-actualite","tag-politique","tag-sociologie"],"_links":{"self":[{"href":"https:\/\/lemotdujour.fr\/index.php?rest_route=\/wp\/v2\/posts\/5907","targetHints":{"allow":["GET"]}}],"collection":[{"href":"https:\/\/lemotdujour.fr\/index.php?rest_route=\/wp\/v2\/posts"}],"about":[{"href":"https:\/\/lemotdujour.fr\/index.php?rest_route=\/wp\/v2\/types\/post"}],"author":[{"embeddable":true,"href":"https:\/\/lemotdujour.fr\/index.php?rest_route=\/wp\/v2\/users\/1"}],"replies":[{"embeddable":true,"href":"https:\/\/lemotdujour.fr\/index.php?rest_route=%2Fwp%2Fv2%2Fcomments&post=5907"}],"version-history":[{"count":6,"href":"https:\/\/lemotdujour.fr\/index.php?rest_route=\/wp\/v2\/posts\/5907\/revisions"}],"predecessor-version":[{"id":12100,"href":"https:\/\/lemotdujour.fr\/index.php?rest_route=\/wp\/v2\/posts\/5907\/revisions\/12100"}],"wp:attachment":[{"href":"https:\/\/lemotdujour.fr\/index.php?rest_route=%2Fwp%2Fv2%2Fmedia&parent=5907"}],"wp:term":[{"taxonomy":"category","embeddable":true,"href":"https:\/\/lemotdujour.fr\/index.php?rest_route=%2Fwp%2Fv2%2Fcategories&post=5907"},{"taxonomy":"post_tag","embeddable":true,"href":"https:\/\/lemotdujour.fr\/index.php?rest_route=%2Fwp%2Fv2%2Ftags&post=5907"}],"curies":[{"name":"wp","href":"https:\/\/api.w.org\/{rel}","templated":true}]}}