{"id":590,"date":"2014-02-05T01:00:00","date_gmt":"2014-02-04T22:00:00","guid":{"rendered":"http:\/\/lemotdujour.fr\/?p=590"},"modified":"2017-05-08T13:20:51","modified_gmt":"2017-05-08T11:20:51","slug":"mercredi-05022014","status":"publish","type":"post","link":"https:\/\/lemotdujour.fr\/?p=590","title":{"rendered":"Mercredi 05\/02\/2014"},"content":{"rendered":"<div class=\"mdjDate\">Mercredi 05\/02\/2014<\/div>\n<div class=\"mdjTexte\">\u00ab La soumission au religieux est un d\u00e9sastre \u00bb<\/div>\n<div class=\"mdjAuteur\">\u00c9lisabeth Badinter<\/div>\n<div class=\"mdjComplements\">Les religions monoth\u00e9istes ont g\u00e9n\u00e9r\u00e9 4 types d&rsquo;humains :<\/div>\n<p>Les mystiques<\/p>\n<p>Les saints<\/p>\n<p>Les fascistes<\/p>\n<p>Les soumis<\/p>\n<div class=\"mdjComplements\">Dans nos pays s\u00e9cularis\u00e9s il y a une 5\u00e8me cat\u00e9gorie : celle des indiff\u00e9rents.<\/div>\n<div class=\"mdjComplements\">Mais dans les pays pour lesquels, dans le pass\u00e9 comme aujourd&rsquo;hui, la religion dominait ou domine la soci\u00e9t\u00e9, voire que l&rsquo;Etat \u00e9tait ou est th\u00e9ocratique, il y avait ces 4 cat\u00e9gories \u00e9num\u00e9r\u00e9es.<\/div>\n<div class=\"mdjComplements\">Les deux premi\u00e8res, les mystiques et les saints, dans lesquels je mets \u00e9galement les rebelles constituent une infime minorit\u00e9.<\/div>\n<div class=\"mdjComplements\">On trouve beaucoup plus de fascistes ou de totalitaires si on pr\u00e9f\u00e8re cette appellation. Ce sont eux qui dirigent, qui sont aux manettes.<\/div>\n<div class=\"mdjComplements\">Et puis il y a l&rsquo;immense majorit\u00e9 des soumis.<\/div>\n<div class=\"mdjComplements\">Ceux-l\u00e0, Brel aurait dit : \u00ab\u00a0ils ne pensent pas, ils prient\u00a0\u00bb.<\/div>\n<div class=\"mdjComplements\">Les 3 religions du Livre sont \u00e9quivalentes \u00e0 l&rsquo;aune de ces consid\u00e9rations.<\/div>\n<div class=\"mdjComplements\">L&rsquo;\u00e8re chr\u00e9tienne est remplie de ces crimes, de cette oppression on se souvient, par exemple, du film sur les Couvents de la Madeleine qui \u00e9taient des foyers pour femmes \u00ab perdues \u00bb en Grande-Bretagne et en Irlande.<\/div>\n<div class=\"mdjComplements\">On trouve ce film sur Youtube\u00a0: <a href=\"http:\/\/www.youtube.com\/watch?v=2FNDjoiaETM\">&lt;http:\/\/www.youtube.com\/watch?v=2FNDjoiaETM&gt;<\/a>.<\/div>\n<div class=\"mdjComplements\">Dans un autre domaine, un sondage CBS de novembre 2004 estime que 55% des am\u00e9ricains croient que \u00ab\u00a0Dieu a cr\u00e9\u00e9 les humains dans leur forme actuelle\u00a0\u00bb<\/div>\n<div class=\"mdjComplements\">Actuellement, des manifestations en France montrent la d\u00e9rive de certains catholiques int\u00e9gristes<\/div>\n<div class=\"mdjComplements\">Et puis il y a d&rsquo;autres actualit\u00e9s : Des ultra-orthodoxe juifs exigent que Netanyahou ordonne \u00e0 son fils de quitter sa copine norv\u00e9gienne qui est coupable de ne pas \u00eatre juive\u00a0: <a href=\"http:\/\/www.lesoir.be\/414340\/article\/actualite\/monde\/2014-01-29\/scandale-en-israel-copine-du-fils-netanyahou-n-est-pas-juive\">http:\/\/www.lesoir.be\/414340\/article\/actualite\/monde\/2014-01-29\/scandale-en-israel-copine-du-fils-netanyahou-n-est-pas-juive<\/a><\/div>\n<div class=\"mdjComplements\">Et pour l&rsquo;Islam, La France a install\u00e9 un lyc\u00e9e \u00e0 Doha, chez nos amis du Qatar. Et \u00ab\u00a0nos amis\u00a0\u00bb sont arriv\u00e9s \u00e0 nous convaincre de laisser dans ce lyc\u00e9e, s&rsquo;ouvrir des cours de \u00ab\u00a0Charia\u00a0\u00bb<\/div>\n<div class=\"mdjComplements\">La soumission au religieux&#8230;<\/div>\n<div class=\"mdjComplements\">Et vous savez comment s&rsquo;appelle ce lyc\u00e9e ?<\/div>\n<div class=\"mdjComplements\">Voltaire ! Oui Voltaire ! C&rsquo;est un outrage \u00e0 Voltaire. <a href=\"http:\/\/www.marianne.net\/martinegozlan\/Qatar-Un-lycee-Voltaire-version-Charia-Actualise_a104.html\">&lt;http:\/\/www.marianne.net\/martinegozlan\/Qatar-Un-lycee-Voltaire-version-Charia-Actualise_a104.html&gt;<\/a><\/div>\n<div class=\"mdjComplements\">Philippe Meyer s&rsquo;\u00e9tonnait d&rsquo;ailleurs lors de sa chronique du 31\/01\/2014 que l&rsquo;Emir du Qatar ait accept\u00e9 qu&rsquo;on donne le nom de Voltaire \u00e0 un \u00e9tablissement sur son territoire. Il a \u00e9mis une hypoth\u00e8se : peut-\u00eatre lui a t&rsquo;on fait croire que Voltaire \u00e9tait un ancien footballeur.<\/div>\n<div class=\"mdjComplements\"><a href=\"https:\/\/docs.google.com\/file\/d\/0Bx89ZJ2-0BtLV3h1N2V1Z1NlaVE\/edit\">&lt;L&rsquo;interview d&rsquo;Elisabeth Badinter se trouve ici&gt;<\/a><\/div>\n<div class=\"mdjComplements\">Le totalitarisme et la b\u00eatise doivent \u00eatre combattus, la religion n&rsquo;excuse rien.<\/div>\n","protected":false},"excerpt":{"rendered":"<p>Mercredi 05\/02\/2014 \u00ab La soumission au religieux est un d\u00e9sastre \u00bb \u00c9lisabeth Badinter Les religions monoth\u00e9istes ont g\u00e9n\u00e9r\u00e9 4 types d&rsquo;humains : Les mystiques Les saints Les fascistes Les soumis Dans nos pays s\u00e9cularis\u00e9s il y a une 5\u00e8me cat\u00e9gorie<\/p>\n","protected":false},"author":1,"featured_media":0,"comment_status":"closed","ping_status":"closed","sticky":false,"template":"","format":"standard","meta":{"footnotes":""},"categories":[1],"tags":[],"class_list":["post-590","post","type-post","status-publish","format-standard","hentry","category-motdujour"],"_links":{"self":[{"href":"https:\/\/lemotdujour.fr\/index.php?rest_route=\/wp\/v2\/posts\/590","targetHints":{"allow":["GET"]}}],"collection":[{"href":"https:\/\/lemotdujour.fr\/index.php?rest_route=\/wp\/v2\/posts"}],"about":[{"href":"https:\/\/lemotdujour.fr\/index.php?rest_route=\/wp\/v2\/types\/post"}],"author":[{"embeddable":true,"href":"https:\/\/lemotdujour.fr\/index.php?rest_route=\/wp\/v2\/users\/1"}],"replies":[{"embeddable":true,"href":"https:\/\/lemotdujour.fr\/index.php?rest_route=%2Fwp%2Fv2%2Fcomments&post=590"}],"version-history":[{"count":1,"href":"https:\/\/lemotdujour.fr\/index.php?rest_route=\/wp\/v2\/posts\/590\/revisions"}],"predecessor-version":[{"id":591,"href":"https:\/\/lemotdujour.fr\/index.php?rest_route=\/wp\/v2\/posts\/590\/revisions\/591"}],"wp:attachment":[{"href":"https:\/\/lemotdujour.fr\/index.php?rest_route=%2Fwp%2Fv2%2Fmedia&parent=590"}],"wp:term":[{"taxonomy":"category","embeddable":true,"href":"https:\/\/lemotdujour.fr\/index.php?rest_route=%2Fwp%2Fv2%2Fcategories&post=590"},{"taxonomy":"post_tag","embeddable":true,"href":"https:\/\/lemotdujour.fr\/index.php?rest_route=%2Fwp%2Fv2%2Ftags&post=590"}],"curies":[{"name":"wp","href":"https:\/\/api.w.org\/{rel}","templated":true}]}}