{"id":5894,"date":"2018-12-11T02:50:45","date_gmt":"2018-12-11T01:50:45","guid":{"rendered":"http:\/\/lemotdujour.fr\/?p=5894"},"modified":"2021-09-07T15:07:17","modified_gmt":"2021-09-07T13:07:17","slug":"mardi-11-decembre-2018","status":"publish","type":"post","link":"https:\/\/lemotdujour.fr\/?p=5894","title":{"rendered":"Mardi 11 d\u00e9cembre 2018"},"content":{"rendered":"<div class=\"mdjTexte\">\u00ab&nbsp;Ce n&rsquo;est pas seulement une question de fiscalit\u00e9 et d&rsquo;\u00e9conomie qui se pose, c&rsquo;est de notre syst\u00e8me d\u00e9mocratique dont il est question. De la d\u00e9fense de notre mod\u00e8le social, de la pr\u00e9servation de l&rsquo;ensemble de notre tissu industriel.&nbsp;\u00bb<\/div>\n<div class=\"mdjAuteur\">Bernard Benhamou<\/div>\n<p><span style=\"color: #777777; font-family: Arial;\">J&rsquo;ai \u00e9cout\u00e9 notre jeune pr\u00e9sident\u2026<br \/>\n<\/span><\/p>\n<p><img decoding=\"async\" class=\"alignleft\" src=\"https:\/\/lemotdujour.fr\/wp-content\/uploads\/2018\/12\/121018_2250_Mardi11dcem1.jpg\" alt=\"\" align=\"left\"><span style=\"color: #777777; font-family: Arial;\">Et il me semble qu&rsquo;apr\u00e8s l&rsquo;avoir entendu, il n&rsquo;y a que ce chat qui a une attitude raisonnable.<br \/>\n<\/span><\/p>\n<p><span style=\"color: #777777; font-family: Arial;\">Il faudrait quand m\u00eame savoir combien cela coute&nbsp;?<br \/>\n<\/span><\/p>\n<p><span style=\"color: #777777; font-family: Arial;\">Et o\u00f9 il va trouver l&rsquo;argent&nbsp;?<br \/>\n<\/span><\/p>\n<p><span style=\"color: #777777; font-family: Arial;\">Nos amis allemands qui d\u00e9crivent les fran\u00e7ais comme ces personnes qui veulent toujours voyager en premi\u00e8re classe avec un billet de seconde classe ne se trompent pas.<br \/>\n<\/span><\/p>\n<p><span style=\"color: #777777; font-family: Arial;\">Moins d&rsquo;une heure apr\u00e8s l&rsquo;allocution pr\u00e9sidentielle le grand journal<span style=\"color: #0000ff;\"> <a style=\"color: #0000ff;\" href=\"https:\/\/www.faz.net\/aktuell\/politik\/ausland\/protest-der-gelbwesten-macrons-kehrtwende-15935078.html\">&lt;die Frankfurter Allgemeine Zeitung&gt;<\/a><\/span> titrait sur son site en page d&rsquo;accueil&nbsp;:<br \/>\n<\/span><\/p>\n<p style=\"margin-left: 28pt;\"><span style=\"color: #c00000; font-family: Arial;\">Macrons Kehrtwende<br \/>\n<\/span><span style=\"color: #777777; font-family: Arial;\">La volte-face (<em>ou le demi-tour<\/em>) de Macron.<br \/>\n<\/span><\/p>\n<p style=\"margin-left: 28pt;\"><span style=\"color: #c00000; font-family: Arial;\">Er sei kein Weihnachtsmann, hatte der franz\u00f6sische Pr\u00e4sident Emmanuel Macron zuvor gesagt.<br \/>\n<\/span><span style=\"color: #777777; font-family: Arial;\">Il n&rsquo;\u00e9tait pas le p\u00e8re No\u00ebl, avait d\u00e9clar\u00e9 auparavant le pr\u00e9sident fran\u00e7ais Emmanuel Macron<br \/>\n<\/span><\/p>\n<p style=\"margin-left: 28pt;\"><span style=\"color: #c00000; font-family: Arial;\">Doch fast ein Monat mit teils gewaltt\u00e4tigen Protesten zeigt jetzt Wirkung: Zum 1. Januar gibt es in Frankreich Geldgeschenke.<br \/>\n<\/span><span style=\"color: #777777; font-family: Arial;\">Mais presque un mois de manifestations, en partie violentes, montre d\u00e9sormais son effet : le 1er janvier, il y aura des cadeaux mon\u00e9taires en France.<br \/>\n<\/span><\/p>\n<p><span style=\"color: #777777; font-family: Arial;\">Les allemands ne sont pas tr\u00e8s gentils. Il est vrai que notre Pr\u00e9sident leur avait promis qu&rsquo;avec lui la France serait gouvern\u00e9e de mani\u00e8re rigoureuse et arr\u00eaterait de creuser la dette.<br \/>\n<\/span><\/p>\n<p><span style=\"color: #777777; font-family: Arial;\">Je suis un peu dubitatif sur ce qui est annonc\u00e9.<br \/>\n<\/span><\/p>\n<p><span style=\"color: #777777; font-family: Arial;\">A court terme, cela pourra, peut-\u00eatre, calmer certains, les plus raisonnables des gilets jaunes.<br \/>\n<\/span><\/p>\n<p><span style=\"color: #777777; font-family: Arial;\">Mais \u00e0 long terme, qu&rsquo;en est-il de la transition \u00e9cologique&nbsp;? Qu&rsquo;en est-il des investissements&nbsp;? Comment faire cela sans creuser davantage la dette.<br \/>\n<\/span><\/p>\n<p><span style=\"color: #777777; font-family: Arial;\">Toutefois mon intention est de parler d&rsquo;une autre d\u00e9cision essentielle qui a \u00e9t\u00e9 prise dans l&rsquo;Union Europ\u00e9enne et dans laquelle nos amis allemands ne jouent pas le r\u00f4le vertueux qu&rsquo;ils aiment incarner. Ils ont plut\u00f4t jouer les peureux et les \u00ab&nbsp;courtermistes&nbsp;\u00bb.<br \/>\n<\/span><\/p>\n<p><span style=\"color: #777777; font-family: Arial;\">Ils ont, en effet, l\u00e2ch\u00e9 la France dans sa volont\u00e9 de taxer les GAFA.<br \/>\n<\/span><\/p>\n<p><span style=\"color: #777777; font-family: Arial;\">Parce si les \u00c9tats veulent r\u00e9cup\u00e9rer de l&rsquo;argent, il est certain qu&rsquo;il faut d&rsquo;abord aller le chercher dans les entreprises tr\u00e8s riches, qui gagnent beaucoup d&rsquo;argents en Europe et paient des imp\u00f4ts ridicules.<br \/>\n<\/span><\/p>\n<p><span style=\"color: #777777; font-family: Arial;\">Mais l&rsquo;Allemagne a peur. Peur que Trump taxe en retour les voitures allemandes. Et cela c&rsquo;est au-dessus de la rigueur et de l&rsquo;esprit de justice de nos amis issus de la r\u00e9volution Luth\u00e9rienne.<br \/>\n<\/span><\/p>\n<p><span style=\"color: #777777; font-family: Arial;\">Pour illustrer cette situation j&rsquo;ai trouv\u00e9 trois articles qui m&rsquo;ont paru instructifs&nbsp;:<br \/>\n<\/span><\/p>\n<ul>\n<li><span style=\"color: #777777; font-family: Arial;\">Sur le site des Inrocks : <a href=\"https:\/\/www.lesinrocks.com\/2018\/12\/08\/actualite\/taxe-sur-les-gafa-ce-nest-pas-seulement-une-question-de-fiscalite-cest-notre-modele-de-societe-qui-est-en-jeu-111150425\/\"><span style=\"color: #0000ff;\">&lt;Taxe sur les GAFA : \u00ab&nbsp;Ce n&rsquo;est pas seulement une question de fiscalit\u00e9, c&rsquo;est notre mod\u00e8le de soci\u00e9t\u00e9 qui est en jeu&nbsp;\u00bb&gt;<\/span><\/a><br \/>\n<\/span><\/li>\n<li><span style=\"color: #777777; font-family: Arial;\">Sur site de Capital&nbsp;: <span style=\"color: #0000ff;\"><a style=\"color: #0000ff;\" href=\"https:\/\/www.capital.fr\/entreprises-marches\/taxe-des-gafa-pourquoi-cest-lenfer-a-mettre-en-place-1319248\">&lt;Taxe GAFA : pourquoi c&rsquo;est l&rsquo;enfer \u00e0 mettre en place&gt;<\/a><\/span><br \/>\n<\/span><\/li>\n<li><span style=\"color: #777777; font-family: Arial;\">Et enfin sur le site du Monde <a href=\"https:\/\/www.lemonde.fr\/idees\/article\/2018\/12\/06\/taxe-gafa-une-nouvelle-occasion-manquee_5393487_3232.html\">: <span style=\"color: #0000ff;\">&lt;Taxe GAFA : une nouvelle occasion manqu\u00e9e pour l&rsquo;Union europ\u00e9enne&gt;<\/span><\/a><br \/>\n<\/span><\/li>\n<\/ul>\n<p><span style=\"color: #777777; font-family: Arial;\">Les Inrocks nous apprennent que selon une estimation de la Commission europ\u00e9enne, les GAFA ne seraient impos\u00e9s qu&rsquo;\u00e0 hauteur de 8,5 % \u00e0 10,1 % de leurs profits dans l&rsquo;Union europ\u00e9enne contre une fourchette de 20,9 % et 23,2 % pour les autres entreprises, dites \u00ab\u00a0classiques\u00a0\u00bb. A titre d&rsquo;exemple, pour l&rsquo;ann\u00e9e 2017, Amazon aurait ainsi g\u00e9n\u00e9r\u00e9 25 milliards d&rsquo;euros de chiffre d&rsquo;affaires en Europe pour un imp\u00f4t quasi nul.<br \/>\n<\/span><\/p>\n<p><span style=\"color: #777777; font-family: Arial;\">Et les Inrocks de continuer&nbsp;:<br \/>\n<\/span><\/p>\n<p style=\"margin-left: 28pt;\"><span style=\"color: #c00000; font-family: Arial;\">\u00ab&nbsp;Alors que les gilets jaunes battent le pav\u00e9 et r\u00e9clament plus de justice fiscale, le signe aurait \u00e9t\u00e9 le bienvenu. Loup\u00e9. Le projet de taxe europ\u00e9enne sur les GAFA (Google, Amazon, Facebook, Apple), et plus largement sur les \u00ab\u00a0services num\u00e9riques\u00a0\u00bb dont le chiffre d&rsquo;affaire mondial d\u00e9passe 750 millions d&rsquo;euros (et 50 millions en Europe), a \u00e9t\u00e9 repouss\u00e9 aux calendes grecques ce mardi 4 d\u00e9cembre.&nbsp;\u00bb<br \/>\n<\/span><\/p>\n<p><span style=\"color: #777777; font-family: Arial;\">Et le Monde d&rsquo;\u00e9crire&nbsp;:<br \/>\n<\/span><\/p>\n<p style=\"margin-left: 28pt;\"><span style=\"color: #c00000; font-family: Arial;\">\u00ab&nbsp;Mais cette mesure, qui apparaissait comme un signal important pour l&rsquo;Union europ\u00e9enne (UE) en instaurant un peu plus de justice fiscale, est d\u00e9j\u00e0 largement vid\u00e9e de sa substance et ne sera soumise \u00e0 l&rsquo;approbation des Vingt-Sept qu&rsquo;en mars 2019. Quant \u00e0 sa mise en \u0153uvre, en cas d&rsquo;accord, elle n&rsquo;interviendra pas avant janvier 2021. Une fois de plus, les \u00e9go\u00efsmes nationaux et les r\u00e8gles institutionnelles europ\u00e9ennes sont en train de conduire \u00e0 un immobilisme mortif\u00e8re.&nbsp;\u00bb<br \/>\n<\/span><\/p>\n<p><span style=\"color: #777777; font-family: Arial;\">C&rsquo;est le site de Capital qui est le plus didactique&nbsp;:<br \/>\n<\/span><\/p>\n<p style=\"margin-left: 28pt;\"><span style=\"color: #c00000; font-family: Arial;\">\u00ab&nbsp;Pendant longtemps, le point d&rsquo;achoppement s&rsquo;est r\u00e9sum\u00e9 \u00e0 une confrontation entre Paris et Berlin. Le gouvernement allemand craint des mesures de r\u00e9torsion de la part des \u00c9tats-Unis, qui pourraient augmenter les taxes sur l&rsquo;importation des voitures allemandes. Finalement, un accord a bien eu lieu le 4 d\u00e9cembre, gr\u00e2ce \u00e0 une concession cl\u00e9 de la part de la France : la taxe de 3% sur le chiffre d&rsquo;affaires concernera seulement la vente d&rsquo;espaces publicitaires alors que l&rsquo;activit\u00e9 globale \u00e9tait initialement concern\u00e9e. Au terme d&rsquo;une haute lutte, Berlin a \u00e9galement obtenu du dispositif qu&rsquo;il ne s&rsquo;applique pas avant 2021. [\u2026]<br \/>\n<\/span><\/p>\n<p style=\"margin-left: 28pt;\"><span style=\"color: #c00000; font-family: Arial;\">Cette concession majeure de la part de Paris r\u00e9duit consid\u00e9rablement la port\u00e9e de la taxe. Alors qu&rsquo;une taxation globale aurait d\u00fb rapporter autour de cinq milliards d&rsquo;euros par an \u00e0 l&rsquo;Union europ\u00e9enne, la limitation \u00e0 l&rsquo;imposition de la publicit\u00e9 ne remplirait les caisses que de 1,3 milliard, selon les estimations de Bercy. La taxe ne concernerait plus que quasi-exclusivement Google et Facebook, excluant de facto Amazon, Netflix, Microsoft, Uber, etc. qui ne vendent pas d&rsquo;espaces publicitaires. \u00bb<br \/>\n<\/span><\/p>\n<p><span style=\"color: #777777; font-family: Arial;\">Bien s\u00fbr, cette id\u00e9e de taxation \u00e9tait nouvelle, puisqu&rsquo;il s&rsquo;agissait de taxer le chiffre d&rsquo;affaires. Cette mesure disruptive ne va pas sans cr\u00e9er des probl\u00e8mes juridiques qui pourraient conduire \u00e0 une impasse.<br \/>\n<\/span><\/p>\n<p style=\"margin-left: 28pt;\"><span style=\"color: #c00000; font-family: Arial;\">\u00ab&nbsp;Traditionnellement, il est d&rsquo;usage de taxer les seuls b\u00e9n\u00e9fices des entreprises. Dans le cadre de la taxation des GAFA, les Europ\u00e9ens ont quant \u00e0 eux d\u00e9cid\u00e9 de s&rsquo;attaquer au chiffre d&rsquo;affaires, afin d&rsquo;\u00e9viter au maximum les techniques d&rsquo;optimisation fiscale. Cette mesure d&rsquo;efficacit\u00e9 revient n\u00e9anmoins \u00e0 traiter les entreprises du num\u00e9rique diff\u00e9remment des autres, de mani\u00e8re discriminatoire, sans que cela soit justifi\u00e9. De quoi fournir des arguments aux g\u00e9ants du Net en vue d&rsquo;une contestation devant la Cour de justice de l&rsquo;UE.&nbsp;\u00bb<br \/>\n<\/span><\/p>\n<p><span style=\"color: #777777; font-family: Arial;\">Je passe sur la r\u00e8gle de l&rsquo;unanimit\u00e9 et les Etats qui comme l&rsquo;Irlande sont tous d\u00e9vou\u00e9s au GAFA pour en venir \u00e0 un lobbying d&rsquo;entreprises europ\u00e9ennes se sentent solidaires des GAFA.<br \/>\n<\/span><\/p>\n<p style=\"margin-left: 28pt;\"><span style=\"color: #c00000; font-family: Arial;\">\u00ab&nbsp;On imagine que les g\u00e9ants du Net sont tous am\u00e9ricains, mais l&rsquo;Europe compte \u00e9galement quelques p\u00e9pites. Les patrons de 16 grandes entreprises num\u00e9riques europ\u00e9ennes (Spotify, Zalando, Booking, Rovio, etc.) ont d&rsquo;ailleurs \u00e9crit fin octobre aux 28 ministres des Finances de l&rsquo;Union Europ\u00e9enne pour le leur rappeler. \u00ab&nbsp;Cette taxe a \u00e9t\u00e9 con\u00e7ue pour toucher des soci\u00e9t\u00e9s immenses et tr\u00e8s profitables, mais il faut r\u00e9aliser qu&rsquo;elle aurait un impact bien plus important sur les soci\u00e9t\u00e9s europ\u00e9ennes, et renforcerait la distorsion de concurrence&nbsp;\u00bb, ont-ils r\u00e9dig\u00e9 dans une lettre que le Financial Times s&rsquo;est procur\u00e9e. Ils continuent : \u00ab&nbsp;Nous avons encore besoin de la totalit\u00e9 de nos ressources pour continuer \u00e0 cro\u00eetre, et nos profits sont int\u00e9gralement r\u00e9investis. Cette taxe priverait nos entreprises d&rsquo;une source indispensable de capital pour mener la comp\u00e9tition \u00e0 l&rsquo;\u00e9chelle mondiale&nbsp;\u00bb Cet appel a visiblement \u00e9t\u00e9 entendu car seule la publicit\u00e9 est d\u00e9sormais concern\u00e9e par la taxe.\u00bb<br \/>\n<\/span><\/p>\n<p><span style=\"color: #777777; font-family: Arial;\">Le site des Inrocks nous apprennent que les \u00ab&nbsp;Empires&nbsp;\u00bb sont \u00e0 l&rsquo;\u0153uvre pour emp\u00eacher l&rsquo;Union Europ\u00e9enne d&rsquo;agir&nbsp;:<br \/>\n<\/span><\/p>\n<p style=\"margin-left: 28pt;\"><span style=\"color: #c00000; font-family: Arial;\">\u00ab&nbsp;Les Etats-Unis n&rsquo;ont pas \u00e9t\u00e9 en reste et ont \u00e9galement pes\u00e9 de tout leur poids pour qu&rsquo;une telle taxe n&rsquo;aboutisse pas. De nombreuses sources diplomatiques attestent ainsi de \u00ab&nbsp;pressions directes de l&rsquo;administration am\u00e9ricaine&nbsp;\u00bb. \u00ab&nbsp;N&rsquo;oublions pas que l&rsquo;ambassadeur am\u00e9ricain en Allemagne a clairement d\u00e9clar\u00e9 que son job \u00e9tait de faire monter l&rsquo;ensemble des droites dures et eurosceptiques en Europe, compl\u00e8te Bernard Benhamou. On se retrouve dans une situation in\u00e9dite o\u00f9 les trois grandes puissances mondiales, Etats-Unis, Chine et Russie, se retrouvent quant \u00e0 l&rsquo;id\u00e9e de nuire \u00e0 l&rsquo;Europe. Ils ont un int\u00e9r\u00eat commun \u00e0 la destruction de l&rsquo;UE ou du moins, \u00e0 son affaiblissement&nbsp;\u00bb&nbsp;\u00bb.<br \/>\n<\/span><\/p>\n<p><span style=\"color: #777777; font-family: Arial;\">Et il donne la conclusion \u00e0 Bernard Benhamou, secr\u00e9taire g\u00e9n\u00e9ral de l&rsquo;Institut de la souverainet\u00e9 num\u00e9rique (ISN) et ancien diplomate.<br \/>\n<\/span><\/p>\n<p style=\"margin-left: 28pt;\"><span style=\"color: #c00000; font-family: Arial;\">\u00ab&nbsp;Les GAFA sont aujourd&rsquo;hui des soci\u00e9t\u00e9s qui interviennent tous secteurs confondus, ce ne sont plus seulement des soci\u00e9t\u00e9s technologiques. [\u2026]<br \/>\n<\/span><\/p>\n<p style=\"margin-left: 28pt;\"><span style=\"color: #c00000; font-family: Arial;\">Si on n&rsquo;est pas capable de montrer les dents face \u00e0 ces entreprises, ce n&rsquo;est pas seulement une question de fiscalit\u00e9 et d&rsquo;\u00e9conomie qui se pose, c&rsquo;est de notre syst\u00e8me d\u00e9mocratique dont il est question. De la d\u00e9fense de notre mod\u00e8le social, de la pr\u00e9servation de l&rsquo;ensemble de notre tissu industriel.<br \/>\n<\/span><\/p>\n<p style=\"margin-left: 28pt;\"><img decoding=\"async\" class=\"alignright\" src=\"https:\/\/lemotdujour.fr\/wp-content\/uploads\/2018\/12\/121018_2250_Mardi11dcem2.jpg\" alt=\"\" align=\"left\"><span style=\"color: #c00000; font-family: Arial;\">Vous savez ce que disent les diplomates am\u00e9ricains au sujet de l&rsquo;Union Europ\u00e9enne ? Ils disent qu&rsquo;on a cr\u00e9\u00e9 un animal sans dents. Un animal qui n&rsquo;a pas les moyens d&rsquo;\u00eatre tranchant, qui ne sait pas mordre. Il faut imp\u00e9rativement cr\u00e9er un rapport de force avec ces entreprises. Et cela passe n\u00e9cessairement par la constitution d&rsquo;un axe franco-allemand fort. D&rsquo;une vision commune\u00a0\u00bb. Nul doute que pour y parvenir, la route reste longue.&nbsp;\u00bb<br \/>\n<\/span><\/p>\n<p><span style=\"color: #777777; font-family: Arial;\"><strong>\u00ab&nbsp;Un animal sans dents&nbsp;!&nbsp;\u00bb<br \/>\n<\/strong><\/span><\/p>\n<p><span style=\"color: #777777; font-family: Arial;\">Voil\u00e0 ce que disent les am\u00e9ricains de l&rsquo;Union Europ\u00e9enne.<br \/>\n<\/span><\/p>\n<p><span style=\"color: #777777; font-family: Arial;\">Et pour finir, le Monde reparle de notre jeune Pr\u00e9sident.<br \/>\n<\/span><\/p>\n<p style=\"margin-left: 28pt;\"><span style=\"color: #c00000; font-family: Arial;\">\u00ab&nbsp; Le volontarisme tricolore motiv\u00e9 par l&rsquo;obsession de permettre \u00e0 Emmanuel Macron de brandir un troph\u00e9e avant les \u00e9lections europ\u00e9ennes de 2019 a conduit \u00e0 braquer certains partenaires, qui ont fini par se lasser du ton professoral adopt\u00e9 par Paris.&nbsp;\u00bb<br \/>\n<\/span><\/p>\n<p><span style=\"color: #777777; font-family: Arial;\">Il n&rsquo;y a pas que les \u00ab&nbsp;gilets jaunes&nbsp;\u00bb qui sont agac\u00e9s par une certaine attitude\u2026<br \/>\n<\/span><\/p>\n<p><span style=\"color: maroon; font-family: Arial;\">&lt;1165&gt;<\/span><\/p>\n","protected":false},"excerpt":{"rendered":"<p>\u00ab&nbsp;Ce n&rsquo;est pas seulement une question de fiscalit\u00e9 et d&rsquo;\u00e9conomie qui se pose, c&rsquo;est de notre syst\u00e8me d\u00e9mocratique dont il est question. De la d\u00e9fense de notre mod\u00e8le social, de la pr\u00e9servation de l&rsquo;ensemble de notre tissu industriel.&nbsp;\u00bb Bernard Benhamou<\/p>\n","protected":false},"author":1,"featured_media":0,"comment_status":"open","ping_status":"closed","sticky":false,"template":"","format":"standard","meta":{"footnotes":""},"categories":[1],"tags":[50,15,3],"class_list":["post-5894","post","type-post","status-publish","format-standard","hentry","category-motdujour","tag-europe","tag-france","tag-politique"],"_links":{"self":[{"href":"https:\/\/lemotdujour.fr\/index.php?rest_route=\/wp\/v2\/posts\/5894","targetHints":{"allow":["GET"]}}],"collection":[{"href":"https:\/\/lemotdujour.fr\/index.php?rest_route=\/wp\/v2\/posts"}],"about":[{"href":"https:\/\/lemotdujour.fr\/index.php?rest_route=\/wp\/v2\/types\/post"}],"author":[{"embeddable":true,"href":"https:\/\/lemotdujour.fr\/index.php?rest_route=\/wp\/v2\/users\/1"}],"replies":[{"embeddable":true,"href":"https:\/\/lemotdujour.fr\/index.php?rest_route=%2Fwp%2Fv2%2Fcomments&post=5894"}],"version-history":[{"count":7,"href":"https:\/\/lemotdujour.fr\/index.php?rest_route=\/wp\/v2\/posts\/5894\/revisions"}],"predecessor-version":[{"id":12103,"href":"https:\/\/lemotdujour.fr\/index.php?rest_route=\/wp\/v2\/posts\/5894\/revisions\/12103"}],"wp:attachment":[{"href":"https:\/\/lemotdujour.fr\/index.php?rest_route=%2Fwp%2Fv2%2Fmedia&parent=5894"}],"wp:term":[{"taxonomy":"category","embeddable":true,"href":"https:\/\/lemotdujour.fr\/index.php?rest_route=%2Fwp%2Fv2%2Fcategories&post=5894"},{"taxonomy":"post_tag","embeddable":true,"href":"https:\/\/lemotdujour.fr\/index.php?rest_route=%2Fwp%2Fv2%2Ftags&post=5894"}],"curies":[{"name":"wp","href":"https:\/\/api.w.org\/{rel}","templated":true}]}}