{"id":5884,"date":"2018-12-10T02:18:45","date_gmt":"2018-12-10T01:18:45","guid":{"rendered":"http:\/\/lemotdujour.fr\/?p=5884"},"modified":"2021-09-07T15:04:34","modified_gmt":"2021-09-07T13:04:34","slug":"lundi-10-decembre-2018","status":"publish","type":"post","link":"https:\/\/lemotdujour.fr\/?p=5884","title":{"rendered":"Lundi 10 d\u00e9cembre 2018"},"content":{"rendered":"<div class=\"mdjTexte\">\u00ab&nbsp;C&rsquo;\u00e9tait de l&rsquo;ultraviolence. Ils avaient des envies de meurtre. Nous, notre but c&rsquo;est juste de rentrer en vie chez nous, pour retrouver nos familles. \u00bb<\/div>\n<div class=\"mdjAuteur\">Une CRS pr\u00e9sente \u00e0 Paris lors de la journ\u00e9e de violences du 1<sup>er<\/sup> d\u00e9cembre<\/div>\n<p><span style=\"color: #777777; font-family: Arial;\">Des images ont circul\u00e9 en boucle montrant des exc\u00e8s des forces de l&rsquo;ordre fran\u00e7aises contre des lyc\u00e9ens et puis contre les manifestants \u00ab&nbsp;gilets jaunes&nbsp;\u00bb.<br \/>\n<\/span><\/p>\n<p><span style=\"color: #777777; font-family: Arial;\">Le pr\u00e9sident turc Recep Tayyip Erdogan a critiqu\u00e9 la \u00ab&nbsp;<span style=\"color: #0000ff;\"><a style=\"color: #0000ff;\" href=\"http:\/\/www.lefigaro.fr\/flash-actu\/2018\/12\/08\/97001-20181208FILWWW00094-gilets-jaunes-erdogan-denonce-la-violence-des-autorites-francaises.php\">violence disproportionn\u00e9e&nbsp;<\/a><\/span>\u00bb des autorit\u00e9s fran\u00e7aises face aux manifestations de \u00ab&nbsp;gilets jaunes&nbsp;\u00bb, ajoutant qu&rsquo;il suivait la situation \u00ab&nbsp;avec pr\u00e9occupation&nbsp;\u00bb&nbsp;:<br \/>\n<\/span><\/p>\n<p style=\"margin-left: 28pt;\"><span style=\"color: #c00000; font-family: Arial;\">\u00ab&nbsp;Le d\u00e9sordre r\u00e8gne dans les rues de nombreux pays europ\u00e9ens, \u00e0 commencer par Paris. Les t\u00e9l\u00e9visions, les journaux regorgent d&rsquo;images de voitures qui br\u00fblent, de commerces pill\u00e9s, de la riposte des plus violentes de la police contre les manifestants [\u2026] Ah ! Voyez un peu ce que font les policiers de ceux qui critiquaient nos policiers. [\u2026] l&rsquo;Europe a \u00e9chou\u00e9 sur les plans de la d\u00e9mocratie, des droits de l&rsquo;homme et des libert\u00e9s&nbsp;\u00bb.<br \/>\n<\/span><\/p>\n<p><span style=\"color: #777777; font-family: Arial;\">Quand on lit les propos de cet autocrate qui r\u00e9prime la libert\u00e9 dans son pays avec une hargne et cruaut\u00e9 inacceptable, on h\u00e9site entre le rire et la col\u00e8re.<br \/>\n<\/span><\/p>\n<p><span style=\"color: #777777; font-family: Arial;\">&nbsp;M\u00eame des iraniens, comme le rapporte <span style=\"color: #0000ff;\"><a style=\"color: #0000ff;\" href=\"https:\/\/www.liberation.fr\/planete\/2018\/12\/07\/les-gilets-jaunes-vus-de-l-etranger-dites-donc-c-est-la-revolution-en-france_1696678\">Lib\u00e9ration<\/a><\/span>, critiquent les forces de s\u00e9curit\u00e9 fran\u00e7aise&nbsp;:<br \/>\n<\/span><\/p>\n<p style=\"margin-left: 28pt;\"><span style=\"color: #c00000; font-family: Arial;\">\u00ab&nbsp;La sc\u00e8ne se d\u00e9roule mercredi dans la capitale iranienne devant l&rsquo;ambassade de France. Les manifestants d\u00e9noncent la r\u00e9pression du mouvement des gilets jaunes. Rebelote vendredi\u200a: une poign\u00e9e d&rsquo;hommes, gilets jaunes sur le dos, brandissent des pancartes \u00e9voquant les \u00abvictimes\u00bb faites par Macron \u00e0 Paris et au Y\u00e9men\u2026 Ces \u00e9tudiants reprennent le mantra des conservateurs, prompts \u00e0 \u00e9pingler les atteintes aux droits humains d\u00e8s lors qu&rsquo;elles ont lieu dans les pays occidentaux. \u00abMonsieur Rohani, c&rsquo;est le bon moment pour t\u00e9l\u00e9phoner \u00e0 votre homologue fran\u00e7ais et l&rsquo;exhorter \u00e0\u2026 la mod\u00e9ration\u00bb, s&rsquo;amuse sur Twitter une supportrice du r\u00e9gime, dans une allusion \u00e0 l&rsquo;appel de Macron au pr\u00e9sident iranien, en janvier, alors que des manifestations violentes \u00e9clataient un peu partout en Iran&nbsp;\u00bb<br \/>\n<\/span><\/p>\n<p><span style=\"color: #777777; font-family: Arial;\">Il y a certes des exc\u00e8s, mais <strong>ce que l&rsquo;on demande aux CRS, aux policiers et aux gendarmes est quasi inhumain<\/strong>.<br \/>\n<\/span><\/p>\n<p><span style=\"color: #777777; font-family: Arial;\">Comme dans tout groupe humain, il existe des individus qui sortent du cadre. Par faiblesse, par peur ou par manque de ma\u00eetrise, ils peuvent d\u00e9raper. D&rsquo;ailleurs l&rsquo;IGPN enqu\u00eate dans ces cas.<br \/>\n<\/span><\/p>\n<p><span style=\"color: #777777; font-family: Arial;\">Mais dans leur plus grand nombre, nous disposons de forces de maintien de l&rsquo;ordre tout \u00e0 fait remarquables et qui notamment \u00e0 Paris sont parvenues \u00e0 ma\u00eetriser la violence qui se d\u00e9cha\u00eenait contre eux et contre les biens.<br \/>\n<\/span><\/p>\n<p><span style=\"color: #777777; font-family: Arial;\">Ce sont des hommes et des femmes qui souvent sur certains points peuvent partager les indignations des gilets jaunes mais qui pour la sauvegarde de l&rsquo;ordre r\u00e9publicain, dans la discipline et le courage font face aux d\u00e9bordements, la violence et m\u00eame la haine et mette en danger leur propre int\u00e9grit\u00e9 physique.<br \/>\n<\/span><\/p>\n<p><span style=\"color: #777777; font-family: Arial;\">Je partage ce que Dominique Reyni\u00e9 a d\u00e9clar\u00e9 lors de l&rsquo;\u00e9mission <a href=\"https:\/\/www.franceculture.fr\/emissions\/lesprit-public\/gilets-jaunes-une-crise-de-regime-comment-le-monde-regarde-la-france\"><span style=\"color: #0000ff;\">Esprit Public de ce dimanche<\/span><\/a><br \/>\n<\/span><\/p>\n<p style=\"margin-left: 28pt;\"><span style=\"color: #c00000; font-family: Arial;\">\u00ab&nbsp;C&rsquo;est absolument admirable, ce qui s&rsquo;est pass\u00e9 hier [<em>le 8 d\u00e9cembre<\/em>] dans le maintien de l&rsquo;ordre. Nous avons vraiment des forces de l&rsquo;ordre qui sont exceptionnelles. Sur le plan technique, chaque minute chaque interaction, chaque confrontation avec le risque d&rsquo;un incident majeur, c&rsquo;est manifestement ce qui est recherch\u00e9 par certains groupuscules qui souhaiteraient ardemment qu&rsquo;il y ait un ou des morts pour enfin passer \u00e0 la crise in\u00e9vitable. Cela tient \u00e0 la gestion du maintien de l&rsquo;ordre, en ce moment avant m\u00eame que les mesures soient annonc\u00e9es par le chef de l&rsquo;Etat qui convaincront ou non. Tout peut basculer dans une journ\u00e9e comme hier, nous sommes dans une grande fragilit\u00e9. Un fonctionnaire fatigu\u00e9 ou isol\u00e9 aurait pu faire basculer la France dans une situation dramatique que certains radicaux souhaitent.&nbsp;\u00bb<br \/>\n<\/span><\/p>\n<p><span style=\"color: #777777; font-family: Arial;\">Et dans ce cas il faut en revenir \u00e0 notre humanit\u00e9, regarder ces choses \u00e0 niveau d&rsquo;homme ou de femme. Car il y a aussi des femmes dans les rangs des CRS qui sont d\u00e9ploy\u00e9s. Et le Monde consacre un article \u00e0 une CRS auquel il a donn\u00e9 un <img loading=\"lazy\" decoding=\"async\" class=\"alignleft\" src=\"https:\/\/lemotdujour.fr\/wp-content\/uploads\/2018\/12\/120918_2218_Lundi10dcem1.jpg\" alt=\"\" width=\"607\" height=\"404\" align=\"left\">pseudo&nbsp;: \u00ab&nbsp;Audrey&nbsp;\u00bb qui a \u00e9t\u00e9 bless\u00e9e lors des violences qui ont lieu \u00e0 Paris la semaine derni\u00e8re le 1<sup>er<\/sup> d\u00e9cembre&nbsp;: \u00ab <a href=\"https:\/\/www.lemonde.fr\/societe\/article\/2018\/12\/08\/audrey-crs-blessee-on-sait-que-la-violence-va-monter-d-un-cran-et-on-est-epuises-physiquement_5394364_3224.html\"><span style=\"color: #0000ff;\">On sait que la violence va monter d&rsquo;un cran et on est \u00e9puis\u00e9s physiquement<\/span><\/a> \u00bb<br \/>\n<\/span><\/p>\n<p><span style=\"color: #777777; font-family: Arial;\"><em>La photo que je joins pour illustrer cet article n&rsquo;est pas li\u00e9e \u00e0 l&rsquo;article du Monde, elle a \u00e9t\u00e9 publi\u00e9e par le <a href=\"http:\/\/www.lefigaro.fr\/actualite-france\/2018\/12\/03\/01016-20181203ARTFIG00242-gilets-jaunes-les-photos-qui-resteront-de-ce-1er-decembre-2018-a-paris.php\"><span style=\"color: #0000ff;\">&lt;Figaro&gt;<\/span><\/a> et raconte aussi des choses qui sont d\u00e9crites ci-apr\u00e8s&nbsp;:<\/em><br \/>\n<\/span><\/p>\n<p style=\"margin-left: 28pt;\"><span style=\"color: #c00000; font-family: Arial;\">\u00ab&nbsp;Elle fait partie de ces anonymes casqu\u00e9s, dont les images ont tourn\u00e9 en boucle sur les t\u00e9l\u00e9viseurs. Audrey, gardienne de la paix au sein d&rsquo;une compagnie r\u00e9publicaine de s\u00e9curit\u00e9 (CRS) pr\u00e9sente \u00e0 l&rsquo;Arc de triomphe samedi 1er d\u00e9cembre, a \u00e9t\u00e9 bless\u00e9e \u00e0 la cuisse par un jet de pav\u00e9. Sa chute a \u00e9t\u00e9 film\u00e9e et comment\u00e9e \u00e0 foison sur les cha\u00eenes d&rsquo;information en continu les jours suivants.<br \/>\n<\/span><\/p>\n<p style=\"margin-left: 28pt;\"><span style=\"color: #c00000; font-family: Arial;\">\u00ab Des experts, tranquillement install\u00e9s dans leur canap\u00e9, expliquaient que \u00e7a se voyait qu&rsquo;on \u00e9tait d\u00e9sorganis\u00e9s. \u00c7a m&rsquo;a rendue folle ! \u00bb, raconte-t-elle.&nbsp;\u00bb<br \/>\n<\/span><\/p>\n<p style=\"margin-left: 28pt;\"><span style=\"color: #c00000; font-family: Arial;\">Il \u00e9tait environ 17 heures quand cette jeune polici\u00e8re, quatre ans et demi de service en tant que CRS au compteur, a chut\u00e9 sous l&rsquo;impact du bloc de pierre, qui est pass\u00e9 sous son bouclier. A cet instant, Audrey est sur le pont depuis quinze heures, sans interruption. \u00ab Je me suis lev\u00e9e \u00e0 0 h 30 pour prendre mon service \u00e0 2 heures \u00bb, se souvient-elle. Sa compagnie, stationn\u00e9e temporairement \u00e0 Paris, est affect\u00e9e \u00e0 la s\u00e9curisation des abords de la place de l&rsquo;Etoile. A partir de dix heures, elle doit se positionner dans une rue adjacente \u00e0 l&rsquo;Arc de triomphe, avec sa section.<br \/>\n<\/span><\/p>\n<p style=\"margin-left: 28pt;\"><span style=\"color: #c00000; font-family: Arial;\">Pr\u00e8s d&rsquo;une trentaine de femmes et d&rsquo;hommes. Casques, jambi\u00e8res, boucliers, l&rsquo;attirail habituel du maintien de l&rsquo;ordre.<br \/>\n<\/span><\/p>\n<p style=\"margin-left: 28pt;\"><span style=\"color: #c00000; font-family: Arial;\">Pourtant, la journ\u00e9e ne se pr\u00e9sente pas comme les autres. \u00ab Ma premi\u00e8re pens\u00e9e \u00e9tait : \u00e7a pue la r\u00e9volution. Il y avait une atmosph\u00e8re de pr\u00e9-chaos, j&rsquo;ai senti que c&rsquo;\u00e9tait apocalyptique d\u00e8s que j&rsquo;ai pos\u00e9 le pied sur le pav\u00e9 parisien \u00bb. [&#8230;]<br \/>\n<\/span><\/p>\n<p style=\"margin-left: 28pt;\"><span style=\"color: #c00000; font-family: Arial;\">Des voix gr\u00e9sillent sur les ondes. Des manifestants sont en mouvement. Sa section re\u00e7oit l&rsquo;ordre de les suivre. \u00ab On gravitait autour de la place, on rentrait dans les fourgons, puis on ressortait\u2026 \u00bb Vers 11 h 30, c&rsquo;est l&rsquo;heure de la pause sandwich. Les CRS se doutent que l&rsquo;apr\u00e8s-midi risque d&rsquo;\u00eatre autrement plus muscl\u00e9e. \u00ab On savait que \u00e7a allait \u00eatre violent, avec toutes les conneries \u00e9crites sur les r\u00e9seaux sociaux, les gens se montent le bourrichon. On avait lu que certains voulaient tuer du flic ! \u00bb<br \/>\n<\/span><\/p>\n<p style=\"margin-left: 28pt;\"><span style=\"color: #c00000; font-family: Arial;\">Soudain, des manifestants commencent \u00e0 caillasser les v\u00e9hicules. Les policiers forment un barrage de boucliers autour de leurs fourgons. Ils s&rsquo;en sortent avec de la t\u00f4le froiss\u00e9e. Mais ce n&rsquo;est que le d\u00e9but. \u00ab \u00c7a a d\u00e9g\u00e9n\u00e9r\u00e9, on aurait dit une gu\u00e9rilla \u00bb, raconte Audrey. Sa section est appel\u00e9e pour s\u00e9curiser les abords de l&rsquo;avenue Kl\u00e9ber, o\u00f9 l&rsquo;int\u00e9rieur d&rsquo;un h\u00f4tel particulier est en train de flamber. Les grilles ont \u00e9t\u00e9 arrach\u00e9es. \u00ab On est tomb\u00e9 dans un guet-apens, ils nous attendaient. J&rsquo;ai d\u00e9j\u00e0 fait des manifestations qui d\u00e9g\u00e9n\u00e8rent, mais l\u00e0, <strong>c&rsquo;\u00e9tait de l&rsquo;ultraviolence. Ils avaient des envies de meurtre. Nous, notre but c&rsquo;est juste de rentrer en vie chez nous, pour retrouver nos familles<\/strong>. \u00bb<br \/>\n<\/span><\/p>\n<p style=\"margin-left: 28pt;\"><span style=\"color: #c00000; font-family: Arial;\">Elle raconte les insultes des manifestants et le m\u00e9pris dans leurs yeux. \u00ab Quand on \u00e9tait en barrage, les gens passaient devant nous et crachaient \u00e0 nos pieds. J&rsquo;ai vu un mec nous expliquer qu&rsquo;il \u00e9tait p\u00e8re de famille et pacifique. Deux minutes apr\u00e8s, il nous jetait un pav\u00e9. Les gens deviennent fous. \u00bb L&rsquo;effet de meute ? \u00ab L&rsquo;effet mouton plut\u00f4t \u00bb, corrige-t-elle.<br \/>\n<\/span><\/p>\n<p style=\"margin-left: 28pt;\"><span style=\"color: #c00000; font-family: Arial;\">Impossible de savoir l&rsquo;heure exacte, la jeune CRS est \u00ab totalement d\u00e9connect\u00e9e \u00bb, dans une ambiance satur\u00e9e de gaz lacrymog\u00e8ne. Mettre ou ne pas mettre le masque ? Un vrai dilemme. \u00ab Certains pr\u00e9f\u00e8rent faire sans, moi je ne supporte pas le gaz. Mais avec le masque, votre respiration est limit\u00e9e, et la bu\u00e9e emp\u00eache de voir. \u00bb Deux de ses coll\u00e8gues, qui ont op\u00e9r\u00e9 sans, pour manier les lanceurs de balles de d\u00e9fense 40, ont eu la corn\u00e9e br\u00fbl\u00e9e.<br \/>\n<\/span><\/p>\n<p style=\"margin-left: 28pt;\"><span style=\"color: #c00000; font-family: Arial;\">La nuit commence \u00e0 tomber quand l&rsquo;endroit o\u00f9 sont stationn\u00e9s les fourgons est menac\u00e9 par les flammes. \u00ab Un groupe s&rsquo;est rendu compte que notre fourgon n&rsquo;\u00e9tait pas prot\u00e9g\u00e9 par les CRS, ils ont commenc\u00e9 un \u00e9norme caillassage. A ce moment-l\u00e0, je me suis dit : \u00ab\u00a0Il va falloir que tu t&rsquo;en sortes.\u00a0\u00bb On a pris une pluie de projectiles, il n&rsquo;y avait pas de moment d&rsquo;accalmie. Ils \u00e9taient super bien organis\u00e9s. \u00bb Un projectile se fraie un chemin entre le bouclier et la jambi\u00e8re. Elle s&rsquo;effondre. \u00ab J&rsquo;ai dit \u00e0 mon bin\u00f4me que j&rsquo;\u00e9tais touch\u00e9e, il m&rsquo;entendait mal. Quand il a compris que je n&rsquo;\u00e9tais pas bien, ils m&rsquo;ont extraite de la fum\u00e9e. J&rsquo;\u00e9tais perdue, je respirais le gaz. \u00bb<br \/>\n<\/span><\/p>\n<p style=\"margin-left: 28pt;\"><span style=\"color: #c00000; font-family: Arial;\">Audrey refuse cependant que le soigneur d\u00e9coupe son pantalon pour jeter un \u0153il \u00e0 la blessure. Cela aurait signifi\u00e9 pour elle la fin de la journ\u00e9e. Pas question d&rsquo;abandonner ses coll\u00e8gues. Tout juste passe-t-elle une bombe de froid sous son pantalon. Le spray, actionn\u00e9 trop pr\u00e8s, corrode la peau. Qu&rsquo;importe, elle retourne aux c\u00f4t\u00e9s de son bin\u00f4me, \u00e0 qui elle c\u00e8de la gestion du bouclier, incapable de l&rsquo;appuyer contre sa cuisse.<br \/>\n<\/span><\/p>\n<p style=\"margin-left: 28pt;\"><span style=\"color: #c00000; font-family: Arial;\">Les manifestants commencent heureusement \u00e0 se disperser. Sa compagnie est d\u00e9mobilis\u00e9e vers 21 heures. Le lendemain, l&rsquo;aspect de la plaie l&rsquo;oblige \u00e0 la signaler. \u00ab Ma blessure commen\u00e7ait \u00e0 faire des cloques. \u00bb \u00c9crasement du quadriceps et br\u00fblure au deuxi\u00e8me degr\u00e9, cinq jours d&rsquo;arr\u00eat.<br \/>\n<\/span><\/p>\n<p style=\"margin-left: 28pt;\"><span style=\"color: #c00000; font-family: Arial;\">Mais c&rsquo;est moins pour elle que pour ses coll\u00e8gues qu&rsquo;Audrey semble s&rsquo;en faire. La compagnie, qui aurait d\u00fb \u00eatre \u00ab gel\u00e9e \u00bb, selon le jargon policier, apr\u00e8s un d\u00e9tachement de deux semaines, a \u00e9t\u00e9 rappel\u00e9e pour la journ\u00e9e du 8 d\u00e9cembre. \u00ab On sait que la violence va monter d&rsquo;un cran, et on est \u00e9puis\u00e9s physiquement. \u00bb<br \/>\n<\/span><\/p>\n<p style=\"margin-left: 28pt;\"><span style=\"color: #c00000; font-family: Arial;\">Le moral n&rsquo;est pas non plus au beau fixe, notamment avec les accusations de violences polici\u00e8res. \u00ab Il faut arr\u00eater de pointer les flics du doigt. Les gens voient une vid\u00e9o sur Facebook, sans le contexte, et ils croient qu&rsquo;ils sont experts du maintien de l&rsquo;ordre. \u00bb Et de cibler les casseurs. \u00ab Ils nous visent avec des pav\u00e9s, des mortiers, des cocktails Molotov\u2026 J&rsquo;en ai vu un prendre les d\u00e9bris de la grille pour en faire un javelot et nous le jeter \u00e0 la t\u00eate. Ils veulent nous tuer. Et nous, on r\u00e9pond avec quoi ? Du gaz qui pique les yeux et des balles en caoutchouc. \u00bb<br \/>\n<\/span><\/p>\n<p><span style=\"color: #777777; font-family: Arial;\">J&rsquo;ai pratiquement cit\u00e9 tout l&rsquo;article.<br \/>\n<\/span><\/p>\n<p><span style=\"color: #777777; font-family: Arial;\">Ces personnes sont des fonctionnaires comme moi. Ils ont fait le choix de se mettre au service de L\u2019\u00c9tat et de la R\u00e9publique. Mais quand ils sont appel\u00e9s \u00e0 assurer leur mission, sur un th\u00e9\u00e2tre d&rsquo;op\u00e9ration, ils ne sont pas certains de rentrer en bonne forme le soir, en retournant dans leur famille retrouver leurs enfants, leur compagne ou compagnon.<br \/>\n<\/span><\/p>\n<p><span style=\"color: #777777; font-family: Arial;\">Que se passerait-il, s&rsquo;ils n&rsquo;\u00e9taient pas l\u00e0&nbsp;?<br \/>\n<\/span><\/p>\n<p><span style=\"color: #777777; font-family: Arial;\">Le d\u00e9sordre et le chaos&nbsp;!<br \/>\n<\/span><\/p>\n<p><span style=\"color: #777777; font-family: Arial;\">Oui que se passerait-il si on laissait faire les violents qui ont infiltr\u00e9s les gilets jaunes et qui ont aussi visiblement sut en entra\u00eener certains&nbsp;?<br \/>\n<\/span><\/p>\n<p><span style=\"color: #777777; font-family: Arial;\">Ils prendraient le pouvoir&nbsp;? Et instaureraient une belle d\u00e9mocratie participative&nbsp;?<br \/>\n<\/span><\/p>\n<p><span style=\"color: #777777; font-family: Arial;\">Toute personne qui a une toute petite culture historique sait comment finissent ces \u00e9meutes non ma\u00eetris\u00e9es&nbsp;: un r\u00e9gime autoritaire remplace la R\u00e9publique dans ces cas.<br \/>\n<\/span><\/p>\n<p><span style=\"color: #777777; font-family: Arial;\">C&rsquo;est gr\u00e2ce \u00e0 nos forces de maintien de l&rsquo;ordre que l&rsquo;Ordre r\u00e9publicain peut se maintenir.<br \/>\n<\/span><\/p>\n<p><span style=\"color: #777777; font-family: Arial;\">Vouloir en faire des boucs \u00e9missaires est ind\u00e9cent.<br \/>\n<\/span><\/p>\n<p><span style=\"color: #777777; font-family: Arial;\">Les fautes doivent \u00eatre sanctionn\u00e9es. Mais quelqu&rsquo;un de raisonnable peut-il vraiment pr\u00e9tendre que si la quasi-totalit\u00e9 de ces hommes et femmes de devoir et d&rsquo;abn\u00e9gation ne ma\u00eetrisaient pas leurs actions, il n&rsquo;y aurait pas un bilan tr\u00e8s diff\u00e9rent de celui qui est \u00e0 d\u00e9plorer.<br \/>\n<\/span><\/p>\n<p><span style=\"color: #777777; font-family: Arial;\">Leur but est de remplir aussi bien que possible leur mission et comme le dit Audrey&nbsp;: \u00ab&nbsp;<span style=\"color: #c00000;\">juste de rentrer en vie chez nous, pour retrouver nos familles<span style=\"color: #777777;\">&nbsp;\u00bb.<br \/>\n<\/span><\/span><\/span><\/p>\n<p><span style=\"color: maroon; font-family: Arial;\">&lt;1164&gt;<\/span><\/p>\n","protected":false},"excerpt":{"rendered":"<p>\u00ab&nbsp;C&rsquo;\u00e9tait de l&rsquo;ultraviolence. Ils avaient des envies de meurtre. Nous, notre but c&rsquo;est juste de rentrer en vie chez nous, pour retrouver nos familles. \u00bb Une CRS pr\u00e9sente \u00e0 Paris lors de la journ\u00e9e de violences du 1er d\u00e9cembre Des<\/p>\n","protected":false},"author":1,"featured_media":0,"comment_status":"open","ping_status":"closed","sticky":false,"template":"","format":"standard","meta":{"footnotes":""},"categories":[1],"tags":[24,15,170],"class_list":["post-5884","post","type-post","status-publish","format-standard","hentry","category-motdujour","tag-actualite","tag-france","tag-maintien-de-lordre"],"_links":{"self":[{"href":"https:\/\/lemotdujour.fr\/index.php?rest_route=\/wp\/v2\/posts\/5884","targetHints":{"allow":["GET"]}}],"collection":[{"href":"https:\/\/lemotdujour.fr\/index.php?rest_route=\/wp\/v2\/posts"}],"about":[{"href":"https:\/\/lemotdujour.fr\/index.php?rest_route=\/wp\/v2\/types\/post"}],"author":[{"embeddable":true,"href":"https:\/\/lemotdujour.fr\/index.php?rest_route=\/wp\/v2\/users\/1"}],"replies":[{"embeddable":true,"href":"https:\/\/lemotdujour.fr\/index.php?rest_route=%2Fwp%2Fv2%2Fcomments&post=5884"}],"version-history":[{"count":8,"href":"https:\/\/lemotdujour.fr\/index.php?rest_route=\/wp\/v2\/posts\/5884\/revisions"}],"predecessor-version":[{"id":12102,"href":"https:\/\/lemotdujour.fr\/index.php?rest_route=\/wp\/v2\/posts\/5884\/revisions\/12102"}],"wp:attachment":[{"href":"https:\/\/lemotdujour.fr\/index.php?rest_route=%2Fwp%2Fv2%2Fmedia&parent=5884"}],"wp:term":[{"taxonomy":"category","embeddable":true,"href":"https:\/\/lemotdujour.fr\/index.php?rest_route=%2Fwp%2Fv2%2Fcategories&post=5884"},{"taxonomy":"post_tag","embeddable":true,"href":"https:\/\/lemotdujour.fr\/index.php?rest_route=%2Fwp%2Fv2%2Ftags&post=5884"}],"curies":[{"name":"wp","href":"https:\/\/api.w.org\/{rel}","templated":true}]}}