{"id":588,"date":"2014-02-04T01:00:00","date_gmt":"2014-02-03T22:00:00","guid":{"rendered":"http:\/\/lemotdujour.fr\/?p=588"},"modified":"2017-05-08T13:20:49","modified_gmt":"2017-05-08T11:20:49","slug":"mardi-04022014","status":"publish","type":"post","link":"https:\/\/lemotdujour.fr\/?p=588","title":{"rendered":"Mardi 04\/02\/2014"},"content":{"rendered":"<div class=\"mdjDate\">Mardi 04\/02\/2014<\/div>\n<div class=\"mdjTexte\">\u00ab\u00a0Il y a moins d\u2019humanit\u00e9 dans notre soci\u00e9t\u00e9, <br \/>tout est fait pour que plus personne ne voit l\u2019autre.\u00a0\u00bb<\/div>\n<div class=\"mdjAuteur\">Mohamed Zghonda<\/div>\n<div class=\"mdjComplements\">Mohamed Zghonda est chauffeur livreur. Il est un de ces ouvriers qui a \u00e9t\u00e9 interrog\u00e9 et suivi par Eve Charrin qui a \u00e9crit le livre \u00ab La course ou la ville \u00bb au Seuil, dans la collection \u00ab\u00a0Raconter la vie\u00a0\u00bb dirig\u00e9e par Pierre Rosanvallon<\/div>\n<div class=\"mdjComplements\">J&rsquo;ai entendu le t\u00e9moignage de Mohamed Zghonda, lors de l&rsquo;\u00e9mission \u00ab\u00a0l&rsquo;invit\u00e9 d&rsquo;Inter du 9 janvier 2014\u00a0\u00bb o\u00f9 l&rsquo;invit\u00e9 \u00e9tait Pierre Rosanvallon, le c\u00e9l\u00e8bre Historien.<\/div>\n<div class=\"mdjComplements\">Mohamed Zghonda expliquait :<\/div>\n<div class=\"mdjCiter\">\u00ab\u00a0Avant je faisais mes livraisons avec une feuille et un stylo<\/div>\n<div class=\"mdjCiter\">Maintenant j\u2019ai un scan connect\u00e9 \u00e0 Internet<\/div>\n<div class=\"mdjCiter\">Au moment o\u00f9 je livre un colis, le centre \u00ab de livraison \u00bb, le client savent l\u2019heure exacte o\u00f9 j\u2019ai livr\u00e9 le colis.<\/div>\n<div class=\"mdjCiter\">Si je reviens avec des colis que je n\u2019ai pas pu livrer ou que j\u2019ai livr\u00e9s avec retard, on me demande de m\u2019expliquer !<\/div>\n<div class=\"mdjCiter\">On est calibr\u00e9 pour livrer de 50 \u00e0 60 clients. Le temps de travail sur un secteur est de 5 heures. Cela signifie que je dois mettre moins de huit minutes pour livrer un client.<\/div>\n<div class=\"mdjCiter\">En r\u00e9alit\u00e9, on cavale du matin jusqu\u2019au soir avec cette boule au ventre : est-ce que je vais pouvoir tout livrer ?<\/div>\n<div class=\"mdjCiter\">A l\u2019heure actuelle on n\u2019est que sur un mot : Productivit\u00e9, r\u00e9duction des co\u00fbts.<\/div>\n<div class=\"mdjCiter\">Nous sommes devenus des machines, nos clients sont devenus des inconnus.<\/div>\n<div class=\"mdjCiter\">Cela devient dur, mais comme tout dans la vie, il n\u2019y a pas que notre m\u00e9tier.<\/div>\n<div class=\"mdjCiter\">Il y a moins d\u2019humanit\u00e9 dans notre soci\u00e9t\u00e9, tout est fait pour que plus personne ne voit l\u2019autre.<\/div>\n<div class=\"mdjCiter\">C\u2019est cela qui est un peu triste.\u00a0\u00bb<\/div>\n<div class=\"mdjComplements\">Pierre Rosanvallon a pr\u00e9cis\u00e9 les consignes qu\u2019on donne aux chauffeurs livreurs : \u00ab Surtout quand vous livrez, ne regardez jamais les gens dans les yeux, baisser la t\u00eate \u00bb.<\/div>\n<div class=\"mdjComplements\">De cette mani\u00e8re, il y a moins de risque d&rsquo;\u00e9tablir une communication avec l&rsquo;autre sortant du cadre et ayant pour cons\u00e9quence d&rsquo;allonger \u00ab\u00a0inutilement\u00a0\u00bb le temps de livraison.<\/div>\n<div class=\"mdjComplements\">Pierre Rosanvallon a cr\u00e9\u00e9 une collection \u00ab\u00a0Raconter la vie\u00a0\u00bb qu&rsquo;il explique ainsi :<\/div>\n<div class=\"mdjCiter\">\u00ab\u00a0 De nombreux Fran\u00e7ais se trouvent aujourd\u2019hui oubli\u00e9s, incompris, pas \u00e9cout\u00e9s. Ils se sentent exclus du monde des gouvernants, des institutions et des m\u00e9dias. Le pays, en un mot, ne se sent pas repr\u00e9sent\u00e9, comme si ce qu\u2019il vivait ne comptait pas.<\/div>\n<div class=\"mdjCiter\">Raconter la vie veut rompre avec cette situation, qui mine la d\u00e9mocratie et d\u00e9courage les individus. Ce projet a l\u2019ambition de r\u00e9pondre au besoin de voir les vies ordinaires racont\u00e9es, les voix de faible ampleur \u00e9cout\u00e9es, la r\u00e9alit\u00e9 quotidienne mieux prise en compte.<\/div>\n<div class=\"mdjCiter\">Donner la parole, rendre visible, c\u2019est aider les personnes \u00e0 retrouver leur dignit\u00e9, \u00e0 r\u00e9sister. C\u2019est leur permettre de rassembler leur vie dans un r\u00e9cit qui fait sens, de l\u2019ins\u00e9rer dans une histoire collective.<\/div>\n<div class=\"mdjCiter\">\u00a0Donner la parole contribue aussi \u00e0 encourager l\u2019int\u00e9r\u00eat pour autrui, n\u00e9cessaire pour mieux faire soci\u00e9t\u00e9, combattre les pr\u00e9jug\u00e9s et les st\u00e9r\u00e9otypes, construire un monde vraiment commun.<\/div>\n<div class=\"mdjCiter\">Pour cela, Raconter la vie se propose d\u2019\u00e9crire le roman vrai de la soci\u00e9t\u00e9 et invite tous ceux qui le souhaitent \u00e0 en \u00eatre les personnages et les auteurs.\u00a0\u00bb<\/div>\n<div class=\"mdjComplements\">Pour d\u00e9crire cette initiative Rosanvallon a \u00e9crit un livre \u00ab\u00a0Le parlement des invisibles\u00a0\u00bb<\/div>\n<div class=\"mdjComplements\">Et puis il y a un site qui pr\u00e9sente la d\u00e9marche et les livres qui sont \u00e9crits dans cette collection <a href=\"http:\/\/raconterlavie.fr\/\">http:\/\/raconterlavie.fr\/<\/a><\/div>\n","protected":false},"excerpt":{"rendered":"<p>Mardi 04\/02\/2014 \u00ab\u00a0Il y a moins d\u2019humanit\u00e9 dans notre soci\u00e9t\u00e9, tout est fait pour que plus personne ne voit l\u2019autre.\u00a0\u00bb Mohamed Zghonda Mohamed Zghonda est chauffeur livreur. Il est un de ces ouvriers qui a \u00e9t\u00e9 interrog\u00e9 et suivi par<\/p>\n","protected":false},"author":1,"featured_media":0,"comment_status":"closed","ping_status":"closed","sticky":false,"template":"","format":"standard","meta":{"footnotes":""},"categories":[1],"tags":[],"class_list":["post-588","post","type-post","status-publish","format-standard","hentry","category-motdujour"],"_links":{"self":[{"href":"https:\/\/lemotdujour.fr\/index.php?rest_route=\/wp\/v2\/posts\/588","targetHints":{"allow":["GET"]}}],"collection":[{"href":"https:\/\/lemotdujour.fr\/index.php?rest_route=\/wp\/v2\/posts"}],"about":[{"href":"https:\/\/lemotdujour.fr\/index.php?rest_route=\/wp\/v2\/types\/post"}],"author":[{"embeddable":true,"href":"https:\/\/lemotdujour.fr\/index.php?rest_route=\/wp\/v2\/users\/1"}],"replies":[{"embeddable":true,"href":"https:\/\/lemotdujour.fr\/index.php?rest_route=%2Fwp%2Fv2%2Fcomments&post=588"}],"version-history":[{"count":1,"href":"https:\/\/lemotdujour.fr\/index.php?rest_route=\/wp\/v2\/posts\/588\/revisions"}],"predecessor-version":[{"id":589,"href":"https:\/\/lemotdujour.fr\/index.php?rest_route=\/wp\/v2\/posts\/588\/revisions\/589"}],"wp:attachment":[{"href":"https:\/\/lemotdujour.fr\/index.php?rest_route=%2Fwp%2Fv2%2Fmedia&parent=588"}],"wp:term":[{"taxonomy":"category","embeddable":true,"href":"https:\/\/lemotdujour.fr\/index.php?rest_route=%2Fwp%2Fv2%2Fcategories&post=588"},{"taxonomy":"post_tag","embeddable":true,"href":"https:\/\/lemotdujour.fr\/index.php?rest_route=%2Fwp%2Fv2%2Ftags&post=588"}],"curies":[{"name":"wp","href":"https:\/\/api.w.org\/{rel}","templated":true}]}}