{"id":5875,"date":"2018-12-07T02:22:30","date_gmt":"2018-12-07T01:22:30","guid":{"rendered":"http:\/\/lemotdujour.fr\/?p=5875"},"modified":"2021-09-07T15:19:51","modified_gmt":"2021-09-07T13:19:51","slug":"vendredi-7-decembre-2018","status":"publish","type":"post","link":"https:\/\/lemotdujour.fr\/?p=5875","title":{"rendered":"Vendredi 7 d\u00e9cembre 2018"},"content":{"rendered":"<div class=\"mdjTexte\">\u00ab&nbsp;Et puis il y a des trucs tout cons, comme les imp\u00f4ts.<br \/>\nTu r\u00e2les toujours un peu quand il faut les payer, mais finalement, quand tu arrives \u00e0 l&rsquo;h\u00f4pital, tu es pris en main de la mani\u00e8re dont tu es pris en main par des mecs qui ont fait quinze ans d&rsquo;\u00e9tudes. Avec des \u00e9quipes de 30 personnes qui te sont d\u00e9di\u00e9es et du matos o\u00f9 chaque couveuse vaut un demi-million d&rsquo;euros. Tous les imp\u00f4ts que tu as pay\u00e9s de 0 \u00e0 40 ans, tu peux dire que tu les as mis l\u00e0.&nbsp;\u00bb<\/div>\n<div class=\"mdjAuteur\">Ga\u00ebl Leiblang<\/div>\n<p><span style=\"color: #777777; font-family: Arial;\">Je suppose qu&rsquo;il serait normal de continuer \u00e0 parler des gilets jaunes.<br \/>\n<\/span><\/p>\n<p><span style=\"color: #777777; font-family: Arial;\">De s&rsquo;indigner contre cette pr\u00e9tention d&rsquo;un des gilets jaunes, <a href=\"https:\/\/www.europe1.fr\/societe\/qui-est-eric-drouet-ce-gilet-jaune-qui-appelle-a-entrer-dans-lelysee-3815003\"><span style=\"color: #0000ff;\">Eric Drouet \u00e0 marcher sur l&rsquo;Elys\u00e9e samedi prochain et \u00e0 entrer d&rsquo;autorit\u00e9 dans le palais pr\u00e9sidentiel<\/span><\/a><span style=\"color: #0000ff;\">.<\/span><br \/>\n<\/span><\/p>\n<p><span style=\"color: #777777; font-family: Arial;\">Vouloir aller \u00e0 l&rsquo;Elys\u00e9e pourquoi faire ?<br \/>\n<\/span><\/p>\n<p><span style=\"color: #777777; font-family: Arial;\">Et alors ? Qu&rsquo;est-ce qu&rsquo;on fait apr\u00e8s, \u00e0 part cr\u00e9er le chaos&nbsp;?<br \/>\n<\/span><\/p>\n<p><span style=\"color: #777777; font-family: Arial;\">C&rsquo;est stupide, provoquant et inutile.<br \/>\n<\/span><\/p>\n<p><span style=\"color: #777777; font-family: Arial;\">Mais apr\u00e8s avoir pos\u00e9 cette condamnation, il est possible de se souvenir qu&rsquo;en pleine affaire Benalla, <span style=\"color: #0000ff;\"><a style=\"color: #0000ff;\" href=\"https:\/\/www.lci.fr\/politique\/video-qu-ils-viennent-me-chercher-la-phrase-d-emmanuel-macron-en-pleine-affaire-benalla-ne-passe-pas-aupres-de-l-opposition-2094123.html\">le jeune pr\u00e9sident devant les cam\u00e9ras de t\u00e9l\u00e9vision et un public de partisan<\/a> <\/span>a os\u00e9 cette formule&nbsp;:<br \/>\n<\/span><\/p>\n<p style=\"margin-left: 28pt;\"><span style=\"color: #c00000; font-family: Arial;\">\u00ab&nbsp;Qu&rsquo;ils viennent me chercher&nbsp;\u00bb<br \/>\n<\/span><\/p>\n<p><span style=\"color: #777777; font-family: Arial;\">Du point de vue juridique et du droit constitutionnel, cette phrase constituait une ineptie.<br \/>\n<\/span><\/p>\n<p><span style=\"color: #777777; font-family: Arial;\">Du point de vue de la rh\u00e9torique, il me parait juste de reprendre les qualificatifs que j&rsquo;ai utilis\u00e9 pour le gilet jaune excit\u00e9. Mais le fait que celui qui a prononc\u00e9 ces mots soit Pr\u00e9sident de la R\u00e9publique, ne constitue t&rsquo;il pas une circonstance aggravante ?<br \/>\n<\/span><\/p>\n<p><span style=\"color: #777777; font-family: Arial;\">Et je me souviens que <span style=\"color: #0000ff;\"><a style=\"color: #0000ff;\" href=\"https:\/\/lemotdujour.fr\/?p=3448\">lors du mot du jour du 10 novembre 2017<\/a><\/span> , je citai le principal conseiller du Pr\u00e9sident Obama qui apr\u00e8s quelques mots aimables sur notre Pr\u00e9sident, qui n&rsquo;\u00e9tait au pouvoir que depuis 6 mois, finissait son propos par ce jugement&nbsp;:<br \/>\n<\/span><\/p>\n<p style=\"margin-left: 28pt;\"><span style=\"color: #c00000; font-family: Arial;\">\u00ab&nbsp;La question qui se pose est : comment va-t-il faire arriver le changement ?<br \/>\nComment est-ce que cela sera re\u00e7u.<br \/>\nC&rsquo;est quelqu&rsquo;un qui a beaucoup de confiance en lui-m\u00eame.<br \/>\nMais ce poste n\u00e9cessite de l&rsquo;humilit\u00e9.&nbsp;\u00bb<br \/>\n<\/span><\/p>\n<p><span style=\"color: #777777; font-family: Arial;\">Bien s\u00fbr, je pourrais aussi parler du climat, de la COP24 qui se passe \u00e0 Katowice en Pologne et de ce nouveau bilan annuel de l&rsquo;ONU&nbsp;: <span style=\"color: #0000ff;\"><a style=\"color: #0000ff;\" href=\"https:\/\/www.levif.be\/actualite\/international\/emissions-de-co2-nous-avons-completement-derape\/article-normal-1063417.html.amp?cookie_check=1544128204\">&lt; Nous avons compl\u00e8tement d\u00e9rap\u00e9&gt;<\/a><\/span>&nbsp;:<br \/>\n<\/span><\/p>\n<p><span style=\"color: #777777; font-family: Arial;\">Globalement, les terriens \u00e9taient parvenus a stabilis\u00e9 les \u00e9missions de CO2. C&rsquo;\u00e9tait un premier pas. Nous savons que nous devons r\u00e9duire ces \u00e9missions.<br \/>\n<\/span><\/p>\n<p><span style=\"color: #777777; font-family: Arial;\">Mais nous avons globalement recommenc\u00e9 \u00e0 faire progresser le taux de CO2 dans l&rsquo;atmosph\u00e8re&nbsp;:<br \/>\n<\/span><\/p>\n<p style=\"margin-left: 28pt;\"><span style=\"color: #c00000; font-family: Arial;\">\u00ab&nbsp;Selon un bilan annuel publi\u00e9 mercredi en marge de la 24e conf\u00e9rence climat de l&rsquo;ONU, les \u00e9missions de CO2 li\u00e9es \u00e0 l&rsquo;industrie et \u00e0 la combustion du charbon, du p\u00e9trole et du gaz devraient cro\u00eetre de 2,7% par rapport \u00e0 2017, apr\u00e8s une hausse de 1,6% l&rsquo;an dernier ayant suivi trois ann\u00e9es quasiment stables. Il faut remonter \u00e0 2011 et la sortie de la crise financi\u00e8re de 2008 pour trouver pire taux, explique Glen Peters, climatologue au centre de recherche Cicero (Oslo) et co-auteur de l&rsquo;\u00e9tude, parue dans la revue Open Access Earth System Science Data.<br \/>\n<\/span><\/p>\n<p style=\"margin-left: 28pt;\"><span style=\"color: #c00000; font-family: Arial;\">Les politiques se font distancer par la croissance de l&rsquo;\u00e9conomie et de l&rsquo;\u00e9nergie\u00a0\u00bb, souligne-t-il. \u00ab\u00a0On est loin de la trajectoire qui nous permettrait de rester \u00e0 1,5\u00b0C ou m\u00eame 2\u00b0C\u00a0\u00bb de r\u00e9chauffement, objectifs de l&rsquo;accord de Paris.<br \/>\n<\/span><\/p>\n<p style=\"margin-left: 28pt;\"><span style=\"color: #c00000; font-family: Arial;\">\u00ab\u00a0La rh\u00e9torique enfle mais l&rsquo;ambition non, nous avons compl\u00e8tement d\u00e9rap\u00e9\u00a0\u00bb&nbsp;\u00bb<br \/>\n<\/span><\/p>\n<p><span style=\"color: #777777; font-family: Arial;\">Mais dans mon butinage je suis tomb\u00e9 sur un article parlant d&rsquo;un spectacle jou\u00e9 au Lucernaire \u00e0 Paris ou plus pr\u00e9cis\u00e9ment interviewant l&rsquo;auteur et l&rsquo;acteur de ce spectacle&nbsp;: <strong>Ga\u00ebl Leiblang.<\/strong><br \/>\n<\/span><\/p>\n<p><span style=\"color: #777777; font-family: Arial;\">Et un paragraphe m&rsquo;a tout de suite accroch\u00e9 et j&rsquo;en ai fait l&rsquo;exergue de ce mot du jour.<br \/>\n<\/span><\/p>\n<p><span style=\"color: #777777; font-family: Arial;\">Parce qu&rsquo;il y a une r\u00e9volte fiscale. Celle que l&rsquo;on voit, aujourd&rsquo;hui de gens qui disent qu&rsquo;ils ne peuvent plus payer les taxes qu&rsquo;on leur r\u00e9clame.<br \/>\n<\/span><\/p>\n<p><span style=\"color: #777777; font-family: Arial;\">Mais il y a une autre r\u00e9volte fiscale celle des tr\u00e8s riches qui ne veulent plus payer leur part.<br \/>\n<\/span><\/p>\n<p><span style=\"color: #777777; font-family: Arial;\">Et des multinationales qui savent mettre en \u0153uvre des strat\u00e9gies qui leur permettent de ne presque pas contribuer \u00e0 l&rsquo;effort commun.<br \/>\n<\/span><\/p>\n<p><span style=\"color: #777777; font-family: Arial;\">L&rsquo;affaire Carlos Ghosn m&rsquo;a appris des tas de choses, d&rsquo;abord sur le Japon qui n&rsquo;est vraiment pas le pays merveilleux que certains touristes vantent. Mais aussi sur le fait que la Holding qui g\u00e8re l&rsquo;alliance Renault Nissan est une soci\u00e9t\u00e9 de droit n\u00e9erlandais. Un pays qui est un paradis fiscal. Et c&rsquo;est Lionel Jospin et Laurent Fabius qui ont permis cette \u00e9vasion fiscale.<br \/>\n<\/span><\/p>\n<p><span style=\"color: #777777; font-family: Arial;\">On peut toujours revenir aux propos de Henry Morgenthau, secr\u00e9taire au Tr\u00e9sor am\u00e9ricain sous la pr\u00e9sidence de Roosevelt et qui disait en 1937&nbsp;:<br \/>\n<\/span><\/p>\n<p style=\"margin-left: 28pt;\"><span style=\"color: #c00000; font-family: Arial;\">\u00abLes imp\u00f4ts sont le prix \u00e0 payer pour une soci\u00e9t\u00e9 civilis\u00e9e, trop de citoyens veulent la civilisation au rabais\u00bb<br \/>\n<\/span><\/p>\n<p><span style=\"color: #777777; font-family: Arial;\">J&rsquo;en avais fait <span style=\"color: #0000ff;\"><a style=\"color: #0000ff;\" href=\"https:\/\/lemotdujour.fr\/?p=2037\">le mot du jour du 21 mars 2013<\/a><\/span><br \/>\n<\/span><\/p>\n<p><span style=\"color: #777777; font-family: Arial;\">Mais j&rsquo;ai aim\u00e9 ce cri du c\u0153ur de cet homme qui au bout de l&rsquo;\u00e9preuve a redonn\u00e9 le sens de la contribution \u00e0 la civilisation.<br \/>\n<\/span><\/p>\n<p><span style=\"color: #777777; font-family: Arial;\"><strong>Ga\u00ebl Leiblang<\/strong> est un journaliste devenu com\u00e9dien. Il est aussi p\u00e8re de famille. Sa compagne a donn\u00e9 naissance \u00e0 leur fils <strong>Roman<\/strong>. Roman a v\u00e9cu 13 jours.<br \/>\n<\/span><\/p>\n<p><span style=\"color: #777777; font-family: Arial;\">Ces 13 jours, le couple les a pass\u00e9s \u00e0 l&rsquo;h\u00f4pital pour accompagner leur enfant.<br \/>\n<\/span><\/p>\n<p><span style=\"color: #777777; font-family: Arial;\">Ils n&rsquo;\u00e9taient pas seuls, ils \u00e9taient avec des m\u00e9decins et des infirmi\u00e8res.<br \/>\n<\/span><\/p>\n<p><span style=\"color: #777777; font-family: Arial;\">Suite \u00e0 la d\u00e9cision coll\u00e9giale des m\u00e9decins d&rsquo;arr\u00eater les traitements et de laisser mourir le b\u00e9b\u00e9, il a \u00e9t\u00e9 d\u00e9cid\u00e9 que les parents puissent donner un bain \u00e0 leur enfant pour lui dire au revoir et cr\u00e9er le <img decoding=\"async\" class=\"alignleft\" src=\"https:\/\/lemotdujour.fr\/wp-content\/uploads\/2018\/12\/120618_2122_Vendredi7dc1.png\" alt=\"\" align=\"left\">souvenir le plus charnel qui soit.<br \/>\n<\/span><\/p>\n<p><span style=\"color: #777777; font-family: Arial;\">Il en a fait un spectacle&nbsp;: \u00ab<span style=\"color: #0000ff;\">&nbsp;<\/span><a href=\"http:\/\/www.lucernaire.fr\/theatre\/2601-tu-seras-un-homme-papa.html\"><span style=\"color: #0000ff;\"><strong>Tu seras un homme papa<\/strong><\/span>&nbsp;<\/a>\u00bb<br \/>\n<\/span><\/p>\n<p style=\"margin-left: 28pt;\"><span style=\"color: #c00000; font-family: Arial;\">\u00abJ&rsquo;ai dit au metteur en sc\u00e8ne : \u00ab\u00a0\u00c9coute, s&rsquo;il n&rsquo;y a pas le bain, il n&rsquo;y a pas de pi\u00e8ce, parce que tout am\u00e8ne \u00e0 ce moment de gr\u00e2ce absolu, de spiritualit\u00e9, de mysticisme, de ce que tu veux.\u00a0\u00bb On raconte quelque chose que personne ne peut voir, qui est compl\u00e8tement secret et qui est sacr\u00e9.<br \/>\n<\/span><\/p>\n<p style=\"margin-left: 28pt;\"><span style=\"color: #c00000; font-family: Arial;\">Ce moment est toujours magique. [\u2026]<br \/>\n<\/span><\/p>\n<p style=\"margin-left: 28pt;\"><span style=\"color: #c00000; font-family: Arial;\">La premi\u00e8re fois qu&rsquo;on a fait une lecture \u00e0 la maison, j&rsquo;ai lu le texte pendant une heure. Et c&rsquo;\u00e9tait tellement fort et violent que personne ne pouvait plus relever la t\u00eate. [\u2026]<br \/>\n<\/span><\/p>\n<p style=\"margin-left: 28pt;\"><span style=\"color: #c00000; font-family: Arial;\">On pourrait dire qu&rsquo;il y a plut\u00f4t un silence assourdissant autour de ces b\u00e9b\u00e9s \u00e9ph\u00e9m\u00e8res.<br \/>\n<\/span><\/p>\n<p style=\"margin-left: 28pt;\"><span style=\"color: #c00000; font-family: Arial;\">Parce que leur vie est tellement courte qu&rsquo;il n&rsquo;y a pas de souvenirs, et comme il n&rsquo;y a pas de souvenirs, tu ne peux pas dire\u2026<br \/>\n<\/span><\/p>\n<p style=\"margin-left: 28pt;\"><span style=\"color: #c00000; font-family: Arial;\">Moi, je vois bien, si je n&rsquo;avais pas fait cette pi\u00e8ce, on ne parlerait pas de <strong>Roman<\/strong>. Pas parce que c&rsquo;est tabou. On est une famille tout \u00e0 fait sympa, on parle tr\u00e8s librement et tout, mais parce qu&rsquo;\u00e0 un moment tu n&rsquo;as rien \u00e0 raconter. C&rsquo;\u00e9tait treize jours. Tu peux dire \u00ab\u00a0ah, tu te souviens quand il \u00e9tait dans la couveuse ?\u00a0\u00bb une fois, deux fois, cent fois, mais au bout de trois, quatre ans, tu ne vas plus le dire.&nbsp;\u00bb<br \/>\n<\/span><\/p>\n<p><span style=\"color: #777777; font-family: Arial;\">Et quand la journaliste lui pose la question&nbsp;: \u00ab&nbsp;<em><strong>Donc tu es devenu un homme avec Roman et avec cette pi\u00e8ce ?&nbsp;<\/strong><\/em>\u00bb<br \/>\n<\/span><\/p>\n<p><span style=\"color: #777777; font-family: Arial;\">Il r\u00e9pond&nbsp;:<br \/>\n<\/span><\/p>\n<p style=\"margin-left: 28pt;\"><span style=\"color: #c00000; font-family: Arial;\">\u00ab&nbsp;Je suis fonci\u00e8rement la m\u00eame personne, avec les m\u00eames d\u00e9fauts. Je gueule pareil sur les trucs, mais il y a d&rsquo;autres choses qui sont r\u00e9gl\u00e9es.<br \/>\n<\/span><\/p>\n<p style=\"margin-left: 28pt;\"><span style=\"color: #c00000; font-family: Arial;\">La religion par exemple pour moi, c&rsquo;est tr\u00e8s clair maintenant. Il n&rsquo;y a pas de Dieu, pas de lumi\u00e8re, pas de r\u00e9v\u00e9lation.<br \/>\n<\/span><\/p>\n<p style=\"margin-left: 28pt;\"><span style=\"color: #c00000; font-family: Arial;\">Et puis il y a des trucs tout cons, comme les imp\u00f4ts. Tu r\u00e2les toujours un peu quand il faut les payer, mais finalement, quand tu arrives \u00e0 l&rsquo;h\u00f4pital, que tu es pris en main de la mani\u00e8re dont tu es pris en main par des mecs qui ont fait quinze ans d&rsquo;\u00e9tudes. Avec des \u00e9quipes de 30 personnes qui te sont d\u00e9di\u00e9es et du matos o\u00f9 chaque couveuse vaut un demi-million d&rsquo;euros. Tous les imp\u00f4ts que tu as pay\u00e9s de 0 \u00e0 40 ans, tu peux dire que tu les as mis l\u00e0 et que ce n&rsquo;est pas grave.&nbsp;\u00bb<br \/>\n<\/span><\/p>\n<p><span style=\"color: #777777; font-family: Arial;\">Cette interview est tr\u00e8s longue et vous pouvez la lire derri\u00e8re ce lien \u00ab&nbsp;<a href=\"https:\/\/www.nouvelobs.com\/rue89\/nos-vies-intimes\/20181206.OBS6680\/gael-leiblang-joue-sur-scene-les-13-jours-de-la-vie-ephemere-de-son-fils.html\"><span style=\"color: #0000ff;\">Article Rue 89 Obs publi\u00e9 le 6 d\u00e9cembre 2018<\/span>&nbsp;<\/a>\u00bb<br \/>\n<\/span><\/p>\n<p><span style=\"color: maroon; font-family: Arial;\">&lt;1163&gt;<\/span><\/p>\n","protected":false},"excerpt":{"rendered":"<p>\u00ab&nbsp;Et puis il y a des trucs tout cons, comme les imp\u00f4ts. Tu r\u00e2les toujours un peu quand il faut les payer, mais finalement, quand tu arrives \u00e0 l&rsquo;h\u00f4pital, tu es pris en main de la mani\u00e8re dont tu es<\/p>\n","protected":false},"author":1,"featured_media":0,"comment_status":"open","ping_status":"closed","sticky":false,"template":"","format":"standard","meta":{"footnotes":""},"categories":[1],"tags":[54,7,58],"class_list":["post-5875","post","type-post","status-publish","format-standard","hentry","category-motdujour","tag-humanisme","tag-societe","tag-theatre"],"_links":{"self":[{"href":"https:\/\/lemotdujour.fr\/index.php?rest_route=\/wp\/v2\/posts\/5875","targetHints":{"allow":["GET"]}}],"collection":[{"href":"https:\/\/lemotdujour.fr\/index.php?rest_route=\/wp\/v2\/posts"}],"about":[{"href":"https:\/\/lemotdujour.fr\/index.php?rest_route=\/wp\/v2\/types\/post"}],"author":[{"embeddable":true,"href":"https:\/\/lemotdujour.fr\/index.php?rest_route=\/wp\/v2\/users\/1"}],"replies":[{"embeddable":true,"href":"https:\/\/lemotdujour.fr\/index.php?rest_route=%2Fwp%2Fv2%2Fcomments&post=5875"}],"version-history":[{"count":7,"href":"https:\/\/lemotdujour.fr\/index.php?rest_route=\/wp\/v2\/posts\/5875\/revisions"}],"predecessor-version":[{"id":14532,"href":"https:\/\/lemotdujour.fr\/index.php?rest_route=\/wp\/v2\/posts\/5875\/revisions\/14532"}],"wp:attachment":[{"href":"https:\/\/lemotdujour.fr\/index.php?rest_route=%2Fwp%2Fv2%2Fmedia&parent=5875"}],"wp:term":[{"taxonomy":"category","embeddable":true,"href":"https:\/\/lemotdujour.fr\/index.php?rest_route=%2Fwp%2Fv2%2Fcategories&post=5875"},{"taxonomy":"post_tag","embeddable":true,"href":"https:\/\/lemotdujour.fr\/index.php?rest_route=%2Fwp%2Fv2%2Ftags&post=5875"}],"curies":[{"name":"wp","href":"https:\/\/api.w.org\/{rel}","templated":true}]}}