{"id":5867,"date":"2018-12-06T02:24:58","date_gmt":"2018-12-06T01:24:58","guid":{"rendered":"http:\/\/lemotdujour.fr\/?p=5867"},"modified":"2021-09-26T13:33:06","modified_gmt":"2021-09-26T11:33:06","slug":"jeudi-6-decembre-2018","status":"publish","type":"post","link":"https:\/\/lemotdujour.fr\/?p=5867","title":{"rendered":"Jeudi 6 d\u00e9cembre 2018"},"content":{"rendered":"<div class=\"mdjTexte\">\t\u00ab&nbsp;C\u2019est une crise de la repr\u00e9sentation d\u00e9mocratique dans toutes les d\u00e9mocraties occidentales&nbsp;\u00bb<\/div>\n<div class=\"mdjAuteur\">\tJean Garrigues, professeur d\u2019histoire contemporaine<\/div>\n<p><a href=\"https:\/\/www.franceculture.fr\/emissions\/linvite-des-matins\/gilets-jaunes-lechec-de-la-democratie-representative\"><span style=\"font-family: Arial;\"><span style=\"color: #0000ff;\">L&rsquo;invit\u00e9 des matins de France Culture du 4 d\u00e9cembre 2018<\/span><\/span><\/a><span style=\"color: #777777; font-family: Arial;\"> pour essayer expliquer la situation actuelle de la France \u00e9tait Jean Garrigues, professeur d&rsquo;histoire contemporaine. Et son propos le plus marquant fut celui-ci&nbsp;:<br \/>\n<\/span><\/p>\n<p style=\"margin-left: 28pt;\"><span style=\"color: #c00000; font-family: Arial;\">\u00ab&nbsp;C&rsquo;est une crise de la repr\u00e9sentation d\u00e9mocratique dans tous les pays occidentaux&nbsp;\u00bb<br \/>\n<\/span><\/p>\n<p><span style=\"color: #777777; font-family: Arial;\">Dans <a href=\"https:\/\/www.franceculture.fr\/emissions\/lesprit-public\/du-ras-le-bol-fiscal-a-la-guerilla-urbaine-comment-en-est-arrive-la\">&lt;<span style=\"color: #0000ff;\">L&rsquo;Esprit Public d&rsquo;Emily Aubry de ce dimanche&gt;,<\/span><\/a> un des invit\u00e9s, Fran\u00e7ois Xavier Bellamy a eu le m\u00eame constat&nbsp;:<br \/>\n<\/span><\/p>\n<p style=\"margin-left: 28pt;\"><span style=\"color: #c00000; font-family: Arial;\">\u00ab&nbsp;Une crise tr\u00e8s profonde de la repr\u00e9sentation politique&nbsp;\u00bb<br \/>\n<\/span><\/p>\n<p><a href=\"https:\/\/www.franceculture.fr\/emissions\/du-grain-a-moudre\/du-grain-a-moudre-du-mardi-04-decembre-2018\"><span style=\"font-family: Arial;\"><span style=\"color: #0000ff;\">&lt;L&rsquo;\u00e9mission Du grain \u00e0 moudre du 4 d\u00e9cembre&gt;<\/span><\/span><\/a><span style=\"color: #777777; font-family: Arial;\"> avait invit\u00e9 Dominique Rousseau, professeur de droit constitutionnel \u00e0 Paris 1 Panth\u00e9on-Sorbonne, ancien membre du Conseil Sup\u00e9rieur de la Magistrature de 2002 \u00e0 2006 et auteur du livre \u00ab&nbsp;<span style=\"color: #0000ff;\"><a style=\"color: #0000ff;\" href=\"http:\/\/www.seuil.com\/ouvrage\/radicaliser-la-democratie-dominique-rousseau\/9782021236972\">Radicaliser la d\u00e9mocratie : proposition pour une refondation&nbsp;<\/a><\/span>\u00bb paru aux Editions du Seuil en 2015<br \/>\n<\/span><\/p>\n<p><span style=\"color: #777777; font-family: Arial;\">Et Dominique Rousseau a encore soulign\u00e9 cette crise-l\u00e0&nbsp;: <strong>la crise de la repr\u00e9sentation d\u00e9mocratique<\/strong>. Et pour illustrer son propos il a m\u00eame fait appel au grand r\u00e9volutionnaire Siey\u00e8s&nbsp;:<br \/>\n<\/span><\/p>\n<p style=\"margin-left: 28pt;\"><span style=\"color: #c00000; font-family: Arial;\">\u00ab&nbsp;La crise que l&rsquo;on conna\u00eet c&rsquo;est l&rsquo;\u00e9puisement d&rsquo;une forme repr\u00e9sentative de la d\u00e9mocratie. Toutes les formes repr\u00e9sentatives de la d\u00e9mocratie. Siey\u00e8s disait \u00ab&nbsp; Le peuple ne peut vouloir, ne peut agir et ne peut parler que par ses repr\u00e9sentants&nbsp;\u00bb. On vivait l\u00e0-dessus depuis 1789. Ce n&rsquo;est plus le cas. Le Peuple dit, nous voulons parler par nous-m\u00eame, en dehors de la parole des repr\u00e9sentants.&nbsp;\u00bb<br \/>\n<\/span><\/p>\n<p><span style=\"color: #777777; font-family: Arial;\">Quand on cite un glorieux ancien, je m&rsquo;efforce toujours d&rsquo;aller v\u00e9rifier. Siey\u00e8s a tenu ces propos lors d&rsquo;un Discours tenu le 7 septembre 1789 devant l&rsquo;Assembl\u00e9e Nationale constituante. La question abord\u00e9e \u00e9tait celle du v\u00e9to du Roi. La citation de Dominique Rousseau est extraite du paragraphe suivant&nbsp;:<br \/>\n<\/span><\/p>\n<p style=\"margin-left: 28pt;\"><span style=\"color: #c00000; font-family: Arial;\">\u00ab&nbsp;Les citoyens qui se nomment des repr\u00e9sentants renoncent et doivent renoncer \u00e0 faire eux-m\u00eames la loi ; ils n&rsquo;ont pas de volont\u00e9 particuli\u00e8re \u00e0 imposer. S&rsquo;ils dictaient des volont\u00e9s, la France ne serait plus cet \u00c9tat repr\u00e9sentatif ; ce serait un \u00c9tat d\u00e9mocratique. Le peuple, je le r\u00e9p\u00e8te, dans un pays qui n&rsquo;est pas une d\u00e9mocratie (et la France ne saurait l&rsquo;\u00eatre), le peuple ne peut parler, ne peut agir que par ses repr\u00e9sentants. \u00bb<br \/>\n<\/span><\/p>\n<p><span style=\"color: #777777; font-family: Arial;\">Toujours se m\u00e9fier des citations. Bien s\u00fbr cette phrase est prononc\u00e9e au tout d\u00e9but de la r\u00e9volution. Le pouvoir est encore partag\u00e9 entre l&rsquo;Assembl\u00e9e et le Roi. Le Roi qui \u00e9tait entr\u00e9 sans sa royaut\u00e9 par la croyance d&rsquo;un Roi de droit divin&nbsp;!<br \/>\n<\/span><\/p>\n<p><span style=\"color: #777777; font-family: Arial;\">Toujours est-il que dans ce paragraphe Siey\u00e8s oppose clairement le principe repr\u00e9sentatif et la d\u00e9mocratie. Il ajoute aussi cette phrase \u00e9nigmatique&nbsp;: \u00ab&nbsp;La France ne saurait \u00eatre une d\u00e9mocratie.&nbsp;\u00bb Pourquoi&nbsp;? Peut-\u00eatre parce qu&rsquo;elle est trop vaste pour pratiquer la d\u00e9mocratie directe qui semble donc, si l&rsquo;on comprend bien l&rsquo;id\u00e9e de Siey\u00e8s, la seule vraie forme de la d\u00e9mocratie.<br \/>\n<\/span><\/p>\n<p><span style=\"color: #777777; font-family: Arial;\">Mais Siey\u00e8s est surtout connu pour une autre phrase beaucoup plus c\u00e9l\u00e8bre<br \/>\n<\/span><\/p>\n<p style=\"margin-left: 28pt;\"><span style=\"color: #c00000; font-family: Arial;\">\u00ab&nbsp;Qu&rsquo;est-ce que le Tiers-\u00c9tat ? Tout.<br \/>\nQu&rsquo;a-t-il \u00e9t\u00e9 jusqu&rsquo;\u00e0 pr\u00e9sent dans l&rsquo;ordre politique ? Rien.<br \/>\nQue demande-t-il ? \u00c0 y devenir quelque chose. \u00bb<br \/>\n<\/span><\/p>\n<p><span style=\"color: #777777; font-family: Arial;\">Cette phrase se situe dans l&rsquo;introduction de \u00ab&nbsp;<a href=\"https:\/\/fr.wikisource.org\/wiki\/Qu%E2%80%99est-ce_que_le_tiers_%C3%A9tat_%3F\"><span style=\"color: #0000ff;\">Qu&rsquo;est-ce que le Tiers-\u00c9tat ?&nbsp;<\/span><\/a>\u00bb, un pamphlet publi\u00e9 par l&rsquo;abb\u00e9 Siey\u00e8s en janvier 1789 en pr\u00e9lude \u00e0 la convocation des \u00c9tats g\u00e9n\u00e9raux. Sieyes y pr\u00e9sente et critique la situation du moment, et indique les r\u00e9formes souhaitables, notamment que le vote de chaque ordre se fasse proportionnellement \u00e0 sa repr\u00e9sentativit\u00e9 r\u00e9elle dans la nation (\u00e9videmment favorable au Tiers-\u00c9tat, qui repr\u00e9sente pr\u00e8s de 98 % des Fran\u00e7ais). Il donne les pr\u00e9mices de l&rsquo;av\u00e8nement d&rsquo;une assembl\u00e9e nationale constituante.<br \/>\n<\/span><\/p>\n<p><span style=\"color: #777777; font-family: Arial;\">Cela me semble assez proche de l&rsquo;esprit exprim\u00e9 par celles et ceux que nous appelons \u00ab&nbsp;les gilets jaunes&nbsp;\u00bb qui ne sont certainement pas 98% des fran\u00e7ais mais sont une part tr\u00e8s importante de la population et une part qui est devenu assez invisible dans les institutions et les m\u00e9dias selon l&rsquo;expression de Pierre Rosanvallon.<br \/>\n<\/span><\/p>\n<p><span style=\"color: #777777; font-family: Arial;\">D&rsquo;ailleurs Dominique Rousseau cite aussi Rosanvallon et cette explication de la r\u00e9volte&nbsp;:<br \/>\n<\/span><\/p>\n<p style=\"margin-left: 28pt;\"><span style=\"color: #c00000; font-family: Arial;\">\u00ab&nbsp;Les \u00ab\u00a0gilets jaunes\u00a0\u00bb sont les forces vives de la nation, pour reprendre les mots de De Gaulle. C&rsquo;est eux qui font vivre le pays. Et ils sont, comme disait Rosanvallon, invisible. Ou du moins ils l&rsquo;\u00e9taient jusqu&rsquo;\u00e0 pr\u00e9sent parce qu&rsquo;on parlait en leurs noms. Les \u00ab&nbsp;gilets jaunes&nbsp;\u00bb sont tout dans le pays car c&rsquo;est eux qui font le boulot. Ils ne sont rien dans les institutions.&nbsp;\u00bb<br \/>\n<\/span><\/p>\n<p><span style=\"color: #777777; font-family: Arial;\">Pierre Rosanvallon qui avait \u00e9crit en 1998 un livre \u00ab&nbsp;<a href=\"https:\/\/www.franceculture.fr\/oeuvre-le-peuple-introuvable-histoire-de-la-representation-democratique-en-france-de-pierre-rosanval\"><span style=\"color: #0000ff;\">Le peuple introuvable : histoire de la repr\u00e9sentation d\u00e9mocratique en France<\/span><\/a>\u00bb dans lequel il a soulign\u00e9 que si la d\u00e9mocratie a proclam\u00e9 la souverainet\u00e9 du peuple, mais que ce qui est advenu c&rsquo;est une soci\u00e9t\u00e9 d&rsquo;individus. Et ainsi s&rsquo;il peut \u00eatre envisageable de repr\u00e9senter un peuple, il est compliqu\u00e9 de vouloir repr\u00e9senter une collection d&rsquo;individus.<br \/>\n<\/span><\/p>\n<p><span style=\"color: #777777; font-family: Arial;\">Une collection d&rsquo;individus\u2026<br \/>\n<\/span><\/p>\n<p><span style=\"color: #777777; font-family: Arial;\">Lorsque Emmanuel Macron a \u00e9t\u00e9 \u00e9lu, nous \u00e9tions dans cette crise de la repr\u00e9sentation. Les partis politiques de gouvernement \u00e9taient rejet\u00e9s. A ce rejet s&rsquo;est ajout\u00e9 un concours de circonstance qui a permis \u00e0 ce jeune homme brillant et int\u00e9gr\u00e9 dans la mondialisation d&rsquo;\u00eatre \u00e9lu.<br \/>\n<\/span><\/p>\n<p><span style=\"color: #777777; font-family: Arial;\">Il n&rsquo;aura donc pas fallu longtemps pour que le mouvement que le jeune homme a cr\u00e9\u00e9 et qui devait incarner la nouveaut\u00e9, le nouveau monde, se trouve, \u00e0 son tour, dans la tourmente et le rejet.<br \/>\n<\/span><\/p>\n<p><span style=\"color: #777777; font-family: Arial;\">Mais la repr\u00e9sentation est aussi normalement incarn\u00e9 par les corps interm\u00e9diaires que sont les syndicats et les m\u00e9dias qui eux aussi font l&rsquo;objet de la plus grande m\u00e9fiance du grand nombre.<br \/>\n<\/span><\/p>\n<p><span style=\"color: #777777; font-family: Arial;\">En outre, cette crise des syndicats qui \u00e9taient d\u00e9j\u00e0 fragiles en raison du nombre tr\u00e8s restreint d&rsquo;adh\u00e9rents a encore \u00e9t\u00e9 accentu\u00e9e par le jeune Pr\u00e9sident qui n&rsquo;a pas souhait\u00e9 les int\u00e9grer dans le processus de d\u00e9cision, persuad\u00e9 qu&rsquo;il connaissait le chemin \u00e0 suivre par sa seule intelligence et son savoir.<br \/>\n<\/span><\/p>\n<p><span style=\"color: #777777; font-family: Arial;\">Le mouvement actuel ne tient aussi aucun compte de ces corps interm\u00e9diaires.<br \/>\n<\/span><\/p>\n<p><span style=\"color: #777777; font-family: Arial;\">La crise de la repr\u00e9sentation est r\u00e9v\u00e9l\u00e9e par les faiblesses m\u00eame du mouvement des gilets jaunes incapable de d\u00e9signer des repr\u00e9sentants ou apr\u00e8s les avoir d\u00e9sign\u00e9s, les r\u00e9cuse. Certains porte-paroles ont m\u00eame expliqu\u00e9 qu&rsquo;ils \u00e9taient menac\u00e9s physiquement s&rsquo;ils acceptaient de se rendre \u00e0 des r\u00e9unions de n\u00e9gociation avec les autorit\u00e9s politiques.<br \/>\n<\/span><\/p>\n<p><span style=\"color: #777777; font-family: Arial;\">Une collection d&rsquo;individus\u2026<br \/>\n<\/span><\/p>\n<p><span style=\"color: #777777; font-family: Arial;\">Mais, je crois surtout qu&rsquo;il ne faut pas se polariser sur la France et la personnalit\u00e9 de Macron qui joue certes un r\u00f4le dans ces \u00e9v\u00e8nements mais qui n&rsquo;est pas central.<br \/>\n<\/span><\/p>\n<p><span style=\"color: #777777; font-family: Arial;\">Car comme le dit Jean Garrigues&nbsp;: \u00ab&nbsp;<strong>C&rsquo;est une crise de la repr\u00e9sentation d\u00e9mocratique dans toutes les d\u00e9mocraties occidentales<\/strong>&nbsp;\u00bb.<br \/>\n<\/span><\/p>\n<p><span style=\"color: #777777; font-family: Arial;\">Toutes\u2026<br \/>\n<\/span><\/p>\n<p><a href=\"https:\/\/www.babelio.com\/livres\/Peze-Ils-ne-mouraient-pas-tous-mais-tous-etaient-frappe\/175070\"><span style=\"font-family: Arial;\"><span style=\"color: #0000ff;\">Ils ne mouraient pas tous, mais tous \u00e9taient frapp\u00e9s<\/span> <\/span><\/a><span style=\"color: #777777; font-family: Arial;\"><br \/>\n<\/span><\/p>\n<p><span style=\"color: #777777; font-family: Arial;\">Comment a \u00e9t\u00e9 \u00e9lu Donald Trump&nbsp;?<br \/>\n<\/span><\/p>\n<p><span style=\"color: #777777; font-family: Arial;\">Il s&rsquo;est empar\u00e9 du Parti R\u00e9publicain \u00e0 la hussarde contre la volont\u00e9 de tous les dirigeants du Parti. D&rsquo;ailleurs, lors des primaires il en vaincu plus de 10 qui \u00e9taient des repr\u00e9sentants \u00e9minents, anciens et exp\u00e9riment\u00e9s du Parti. Puis il a vaincu la repr\u00e9sentante du Parti D\u00e9mocrate.<br \/>\n<\/span><\/p>\n<p><span style=\"color: #777777; font-family: Arial;\">Plus r\u00e9cemment, un autre \u00e9nergum\u00e8ne a profit\u00e9 de la crise de la repr\u00e9sentation et du discr\u00e9dit des Partis Politiques et notamment du Parti des travailleurs de Lula pour s&#8217;emparer du pouvoir. Il s&rsquo;agit de Jair Bolsonaro.<br \/>\n<\/span><\/p>\n<p><span style=\"color: #777777; font-family: Arial;\">Et l&rsquo;Italie&nbsp;? Les \u00e9lites \u00e9conomiques et politiques avaient cru trouver leur champion en Matteo Renzi. Aujourd&rsquo;hui c&rsquo;est un leader d&rsquo;extr\u00eame droite qui est au pouvoir, du moins qui monopolise la parole du pouvoir&nbsp;: Matteo Salvini.<br \/>\n<\/span><\/p>\n<p><span style=\"color: #777777; font-family: Arial;\">C&rsquo;est tr\u00e8s inqui\u00e9tant parce que l&rsquo;Italie est un laboratoire qui fait office de pr\u00e9curseur et r\u00e9alise les choses avant les autres.<br \/>\n<\/span><\/p>\n<p><span style=\"color: #777777; font-family: Arial;\">Ils ont \u00e9t\u00e9 les premiers \u00e0 se d\u00e9barrasser des grands Partis&nbsp;: la D\u00e9mocratie chr\u00e9tienne, le Parti communiste italien, le Parti socialiste. Puis c&rsquo;est un milliardaire, sp\u00e9cialiste des m\u00e9dias bien avant Trump qui s&rsquo;est empar\u00e9 du pouvoir ex\u00e9cutif. Puis le \u00ab&nbsp;<span style=\"color: #0000ff;\"><a style=\"color: #0000ff;\" href=\"https:\/\/fr.wikipedia.org\/wiki\/Fondation_Saint-Simon\">cercle de la raison&nbsp;<\/a><\/span>\u00bb a vu \u00e9merger et soutenu Matteo Renzi, comme elle l&rsquo;a fait pour Macron. Et c&rsquo;est l&rsquo;extr\u00eame droite qui est venu et on ne voit pas bien ce qui va venir apr\u00e8s.<br \/>\n<\/span><\/p>\n<p><span style=\"color: #777777; font-family: Arial;\">Dans le monde, les partis qui continuent \u00e0 pouvoir pr\u00e9tendre \u00e0 un soutien relativement solide des \u00e9lecteurs qui votent (<em>je suis prudent et ne parle pas de peuple<\/em>) sont des partis qui se sont donn\u00e9s \u00e0 un homme fort et autoritaire&nbsp;: Erdogan en Turquie, Orban en Hongrie, Poutine en Russie.<br \/>\n<\/span><\/p>\n<p><span style=\"color: #777777; font-family: Arial;\">Des leaders qui font la part belle au nationalisme et \u00e0 la x\u00e9nophobie ou au moins insiste sur le danger ext\u00e9rieur pour renforcer leur pouvoir \u00e0 l&rsquo;int\u00e9rieur.<br \/>\n<\/span><\/p>\n<p><span style=\"color: #777777; font-family: Arial;\">La Grande Bretagne, le pays qui a invent\u00e9 la d\u00e9mocratie moderne est aussi dans la tourmente.<br \/>\n<\/span><\/p>\n<p><span style=\"color: #777777; font-family: Arial;\">L&rsquo;Allemagne qui n&rsquo;a pas invent\u00e9 la d\u00e9mocratie, malgr\u00e9 ses grands philosophes, est aussi en difficult\u00e9 du point de vue des partis de la repr\u00e9sentation politique.<br \/>\n<\/span><\/p>\n<p><span style=\"color: #777777; font-family: Arial;\">Alors il en est certain qui r\u00eave \u00e0 une d\u00e9mocratie directe plus active, notamment gr\u00e2ce aux outils num\u00e9riques et modernes.<br \/>\n<\/span><\/p>\n<p><span style=\"color: #777777; font-family: Arial;\">Peut-on vraiment croire \u00e0 cette \u00e9volution&nbsp;?<br \/>\n<\/span><\/p>\n<p><span style=\"color: #777777; font-family: Arial;\">Certainement pas si on continue \u00e0 rester des collections d&rsquo;individus, des collections de consommateurs.<br \/>\n<\/span><\/p>\n<p><span style=\"color: #777777; font-family: Arial;\">Seuls des citoyens, attach\u00e9s \u00e0 la chose publique peuvent faire fonctionner des institutions et une d\u00e9mocratie.<br \/>\n<\/span><\/p>\n<p><span style=\"color: #777777; font-family: Arial;\">Mais la d\u00e9mocratie porte en elle l&rsquo;aspiration \u00e0 l&rsquo;\u00e9galit\u00e9 des citoyens. \u00c9galit\u00e9 politique qui peut accepter une certaine dose d&rsquo;in\u00e9galit\u00e9 \u00e9conomique mais pas l&rsquo;in\u00e9galit\u00e9 qui aujourd&rsquo;hui se d\u00e9veloppe et fait diverger toujours davantage le destin des hommes, dans nos civilisations occidentales. Or le jeune Pr\u00e9sident avait pour ambition de faire entrer davantage la France dans la mondialisation et donc d&rsquo;augmenter encore les in\u00e9galit\u00e9s entre fran\u00e7ais alors que jusqu&rsquo;\u00e0 pr\u00e9sent notre syst\u00e8me social malade et fragile continuait \u00e0 nous pr\u00e9server des d\u00e9rives anglo-saxonnes.<br \/>\n<\/span><\/p>\n<p><span style=\"color: #777777; font-family: Arial;\">Alors bien s\u00fbr quand on veut taxer le carburant de gens qui n&rsquo;ont pas de marges de man\u0153uvres financi\u00e8res&#8230; Pour qui le carburant est n\u00e9cessaire pour aller travailler et bien plus que cela n\u00e9cessaire pour avoir encore des espaces de libert\u00e9<br \/>\n<\/span><\/p>\n<p><span style=\"color: #777777; font-family: Arial;\">Aur\u00e9lie Filipetti dans l&rsquo;\u00e9mission l&rsquo;Esprit Public cit\u00e9e en d\u00e9but d&rsquo;article a eu cette belle phrase&nbsp;: \u00ab&nbsp;Tous leurs d\u00e9sirs n\u00e9cessitent du carburant&nbsp;\u00bb, pour retrouver un ami, emmener les enfants au sport, pour aller consommer etc..<br \/>\n<\/span><\/p>\n<p><span style=\"color: #777777; font-family: Arial;\">Alors c&rsquo;est compliqu\u00e9, ind\u00e9cent serait plus juste, de leur demander de porter la charge de la transition \u00e9cologique quand ces gens entendent que l&rsquo;ex PDG de Nissan, Carlos Ghosn, faisait le tour du monde en avion plusieurs fois par semaine. On parle de l&rsquo;avion personnel de cet homme. A-t-il pay\u00e9 cet avion&nbsp;? Et m\u00eame le k\u00e9ros\u00e8ne, le carburant non tax\u00e9 des avions, cet homme riche le payait-il de ses deniers propres&nbsp;?<br \/>\n<\/span><\/p>\n<p><span style=\"color: #777777; font-family: Arial;\">Bien s\u00fbr que non.<br \/>\n<\/span><\/p>\n<p><span style=\"color: #777777; font-family: Arial;\">Vous savez bien que personne n&rsquo;a jamais serr\u00e9 la main d&rsquo;une personne morale, je veux dire d&rsquo;une entreprise, mais \u00e0 la fin c&rsquo;est toujours elle qui paie la note. Pour des gens comme Carlos Ghosn.<br \/>\n<\/span><\/p>\n<p><span style=\"color: #777777; font-family: Arial;\">Je suis persuad\u00e9 que le principal probl\u00e8me de la crise de la repr\u00e9sentation d\u00e9mocratique provient de la trahison et de la s\u00e9cession de la plus grande partie des \u00e9lites qui ne sentent plus de destin commun avec les gens simples. Ils veulent vivre dans un monde aseptis\u00e9 de luxe o\u00f9 ils ne rencontrent les gens modestes que lorsqu&rsquo;ils sont \u00e0 leur service.<br \/>\n<\/span><\/p>\n<p><span style=\"color: maroon; font-family: Arial;\">&lt;1162&gt;<span style=\"color: #777777;\"><br \/>\n<\/span><\/span><\/p>\n<p><span style=\"color: #777777; font-family: Arial;\"><br \/>\n<\/span><\/p>\n","protected":false},"excerpt":{"rendered":"<p>\u00ab&nbsp;C\u2019est une crise de la repr\u00e9sentation d\u00e9mocratique dans toutes les d\u00e9mocraties occidentales&nbsp;\u00bb Jean Garrigues, professeur d\u2019histoire contemporaine L&rsquo;invit\u00e9 des matins de France Culture du 4 d\u00e9cembre 2018 pour essayer expliquer la situation actuelle de la France \u00e9tait Jean Garrigues, professeur<\/p>\n","protected":false},"author":1,"featured_media":0,"comment_status":"open","ping_status":"closed","sticky":false,"template":"","format":"standard","meta":{"footnotes":""},"categories":[1],"tags":[43,3,76],"class_list":["post-5867","post","type-post","status-publish","format-standard","hentry","category-motdujour","tag-ecologie","tag-politique","tag-social"],"_links":{"self":[{"href":"https:\/\/lemotdujour.fr\/index.php?rest_route=\/wp\/v2\/posts\/5867","targetHints":{"allow":["GET"]}}],"collection":[{"href":"https:\/\/lemotdujour.fr\/index.php?rest_route=\/wp\/v2\/posts"}],"about":[{"href":"https:\/\/lemotdujour.fr\/index.php?rest_route=\/wp\/v2\/types\/post"}],"author":[{"embeddable":true,"href":"https:\/\/lemotdujour.fr\/index.php?rest_route=\/wp\/v2\/users\/1"}],"replies":[{"embeddable":true,"href":"https:\/\/lemotdujour.fr\/index.php?rest_route=%2Fwp%2Fv2%2Fcomments&post=5867"}],"version-history":[{"count":5,"href":"https:\/\/lemotdujour.fr\/index.php?rest_route=\/wp\/v2\/posts\/5867\/revisions"}],"predecessor-version":[{"id":12108,"href":"https:\/\/lemotdujour.fr\/index.php?rest_route=\/wp\/v2\/posts\/5867\/revisions\/12108"}],"wp:attachment":[{"href":"https:\/\/lemotdujour.fr\/index.php?rest_route=%2Fwp%2Fv2%2Fmedia&parent=5867"}],"wp:term":[{"taxonomy":"category","embeddable":true,"href":"https:\/\/lemotdujour.fr\/index.php?rest_route=%2Fwp%2Fv2%2Fcategories&post=5867"},{"taxonomy":"post_tag","embeddable":true,"href":"https:\/\/lemotdujour.fr\/index.php?rest_route=%2Fwp%2Fv2%2Ftags&post=5867"}],"curies":[{"name":"wp","href":"https:\/\/api.w.org\/{rel}","templated":true}]}}