{"id":5861,"date":"2018-12-05T02:18:10","date_gmt":"2018-12-05T01:18:10","guid":{"rendered":"http:\/\/lemotdujour.fr\/?p=5861"},"modified":"2021-09-26T13:34:58","modified_gmt":"2021-09-26T11:34:58","slug":"mercredi-5-decembre-2018","status":"publish","type":"post","link":"https:\/\/lemotdujour.fr\/?p=5861","title":{"rendered":"Mercredi 5 d\u00e9cembre 2018"},"content":{"rendered":"<div class=\"mdjTexte\">\t\u00ab&nbsp;On ne peut pas continuer comme cela, l\u2019in\u00e9galit\u00e9 est trop forte. On risque l\u2019insurrection&nbsp;\u00bb<\/div>\n<div class=\"mdjAuteur\">\tAlain Minc<\/div>\n<p><span style=\"color: #777777; font-family: Arial;\">Alain Minc, ne fait pas partie de mes auteurs pr\u00e9f\u00e9r\u00e9s.<br \/>\n<\/span><\/p>\n<p><span style=\"color: #777777; font-family: Arial;\">Je ne le cite que tr\u00e8s rarement.<br \/>\n<\/span><\/p>\n<p><span style=\"color: #777777; font-family: Arial;\">Mais en continuant mon libre butinage \u00e0 travers les m\u00e9dias et les r\u00e9seaux sociaux, je suis tomb\u00e9 sur cette interview d&rsquo;Alain Minc par <span style=\"color: #0000ff;\"><a style=\"color: #0000ff;\" href=\"https:\/\/www.liberation.fr\/france\/2018\/07\/08\/alain-minc-l-inegalite-est-trop-forte-nous-risquons-une-insurrection_1665074\">Lib\u00e9ration<\/a><\/span> et publi\u00e9 le 8 juillet 2018.<br \/>\n<\/span><\/p>\n<p><span style=\"color: #777777; font-family: Arial;\">Il d\u00e9fend la politique et les choix de Macron mais y met une nuance qui me semble lucide et pr\u00e9monitoire.<br \/>\n<\/span><\/p>\n<p><span style=\"color: #777777; font-family: Arial;\">Dans ce cas je veux bien le citer&nbsp;:<br \/>\n<\/span><\/p>\n<p style=\"margin-left: 28pt;\"><span style=\"color: #c00000; font-family: Arial;\">\u00ab&nbsp; Le capitalisme est le syst\u00e8me le plus efficace et le plus in\u00e9galitaire. Pendant cette p\u00e9riode, les 1 % plus riches aux Etats-Unis ont fini par capter 25 % du revenu national. C&rsquo;est un pourcentage hallucinant. En Europe, les \u00ab1 %\u00bb re\u00e7oivent 8 % du revenu, ce qui est plus raisonnable, mais toujours excessif. Je ne cesse de tirer la sonnette d&rsquo;alarme aupr\u00e8s de tous les dirigeants. Une telle in\u00e9galit\u00e9 est insoutenable. Mais si l&rsquo;on cherche \u00e0 y rem\u00e9dier par les m\u00e9canismes classiques de la redistribution \u00e9galitaire, on a besoin de sommes \u00e9normes, qui seront pr\u00e9lev\u00e9es sur la classe moyenne, ce qui n&rsquo;est gu\u00e8re plus satisfaisant. Il faut instaurer le principe de l&rsquo;\u00e9quit\u00e9 : r\u00e9server la redistribution \u00e0 ceux qui en ont le plus besoin en r\u00e9visant les m\u00e9thodes de l&rsquo;Etat-providence. Quant aux salari\u00e9s, ils doivent b\u00e9n\u00e9ficier d&rsquo;un partage du capital, sous la forme d&rsquo;une distribution d&rsquo;actions qui leur garantit un patrimoine. [&#8230;]<br \/>\n<\/span><\/p>\n<p style=\"margin-left: 28pt;\"><span style=\"color: #c00000; font-family: Arial;\">Il faut aller plus loin. En tout \u00e9tat de cause, on ne peut pas continuer comme cela, l&rsquo;in\u00e9galit\u00e9 est trop forte. On risque l&rsquo;insurrection. Elle a d\u00e9j\u00e0 commenc\u00e9 dans les urnes, avec la mont\u00e9e des partis populistes.&nbsp;\u00bb<br \/>\n<\/span><\/p>\n<p><span style=\"color: #777777; font-family: Arial;\">Les choses sont bien compliqu\u00e9es. Quand Emmanuel Macron regarde le monde, il constate que, quasi partout, les in\u00e9galit\u00e9s sont beaucoup plus fortes qu&rsquo;en France. Et il a m\u00eame commenc\u00e9 son quinquennat par des r\u00e9formes symboliques qui montrent de mani\u00e8re sous-jacente que le probl\u00e8me de la France, selon lui, est que les riches ne sont pas assez riches. Pour ma part je pense que le vrai probl\u00e8me du monde et aussi de la France c&rsquo;est l&rsquo;explosion des in\u00e9galit\u00e9s. Dans ce monde in\u00e9galitaire, il est tr\u00e8s difficile de vouloir r\u00e9aliser une r\u00e9volution \u00e9cologique. Probablement m\u00eame qu&rsquo;en d\u00e9mocratie c&rsquo;est impossible, je veux dire dans une d\u00e9mocratie avec ce niveau d&rsquo;in\u00e9galit\u00e9.<\/span><\/p>\n<p><span style=\"color: #777777; font-family: Arial;\"><span style=\"color: #800000;\">&lt;1161&gt;<\/span><br \/>\n<\/span><\/p>\n","protected":false},"excerpt":{"rendered":"<p>\u00ab&nbsp;On ne peut pas continuer comme cela, l\u2019in\u00e9galit\u00e9 est trop forte. On risque l\u2019insurrection&nbsp;\u00bb Alain Minc Alain Minc, ne fait pas partie de mes auteurs pr\u00e9f\u00e9r\u00e9s. Je ne le cite que tr\u00e8s rarement. Mais en continuant mon libre butinage \u00e0<\/p>\n","protected":false},"author":1,"featured_media":0,"comment_status":"open","ping_status":"closed","sticky":false,"template":"","format":"standard","meta":{"footnotes":""},"categories":[1],"tags":[10,129,76],"class_list":["post-5861","post","type-post","status-publish","format-standard","hentry","category-motdujour","tag-economie","tag-inegalite","tag-social"],"_links":{"self":[{"href":"https:\/\/lemotdujour.fr\/index.php?rest_route=\/wp\/v2\/posts\/5861","targetHints":{"allow":["GET"]}}],"collection":[{"href":"https:\/\/lemotdujour.fr\/index.php?rest_route=\/wp\/v2\/posts"}],"about":[{"href":"https:\/\/lemotdujour.fr\/index.php?rest_route=\/wp\/v2\/types\/post"}],"author":[{"embeddable":true,"href":"https:\/\/lemotdujour.fr\/index.php?rest_route=\/wp\/v2\/users\/1"}],"replies":[{"embeddable":true,"href":"https:\/\/lemotdujour.fr\/index.php?rest_route=%2Fwp%2Fv2%2Fcomments&post=5861"}],"version-history":[{"count":6,"href":"https:\/\/lemotdujour.fr\/index.php?rest_route=\/wp\/v2\/posts\/5861\/revisions"}],"predecessor-version":[{"id":12109,"href":"https:\/\/lemotdujour.fr\/index.php?rest_route=\/wp\/v2\/posts\/5861\/revisions\/12109"}],"wp:attachment":[{"href":"https:\/\/lemotdujour.fr\/index.php?rest_route=%2Fwp%2Fv2%2Fmedia&parent=5861"}],"wp:term":[{"taxonomy":"category","embeddable":true,"href":"https:\/\/lemotdujour.fr\/index.php?rest_route=%2Fwp%2Fv2%2Fcategories&post=5861"},{"taxonomy":"post_tag","embeddable":true,"href":"https:\/\/lemotdujour.fr\/index.php?rest_route=%2Fwp%2Fv2%2Ftags&post=5861"}],"curies":[{"name":"wp","href":"https:\/\/api.w.org\/{rel}","templated":true}]}}