{"id":5856,"date":"2018-12-04T02:43:27","date_gmt":"2018-12-04T01:43:27","guid":{"rendered":"http:\/\/lemotdujour.fr\/?p=5856"},"modified":"2020-06-12T19:43:21","modified_gmt":"2020-06-12T17:43:21","slug":"mardi-4-decembre-2018","status":"publish","type":"post","link":"https:\/\/lemotdujour.fr\/?p=5856","title":{"rendered":"Mardi 4 d\u00e9cembre 2018"},"content":{"rendered":"<div class=\"mdjTexte\">\u00abLe coco fesse des Seychelles est menac\u00e9 \u00e0 cause du braconnage\u00bb<\/div>\n<div class=\"mdjAuteur\">Divers articles dont celui de Sciences et Avenir mis en lien<\/div>\n<p><span style=\"color: #777777; font-family: Arial;\">Mon neveu Gr\u00e9gory qui est un lecteur du mot du jour et qui est aussi un esprit subtil et clairvoyant, m&rsquo;a dit un jour&nbsp;: \u00ab&nbsp;Finalement ce qui est bien pour toi, c&rsquo;est que tu \u00e9cris ton mot du jour sur le sujet que tu choisis sans demander de compte \u00e0 personne, dans une souveraine libert\u00e9&nbsp;\u00bb.<br \/>\n<\/span><\/p>\n<p><span style=\"color: #777777; font-family: Arial;\">Il n&rsquo;a pas exactement utilis\u00e9 ces mots, mais c&rsquo;\u00e9tait bien l&rsquo;esprit de son propos.<br \/>\n<\/span><\/p>\n<p><span style=\"color: #777777; font-family: Arial;\">En effet, personne ne me contraint \u00e0 traiter un sujet en particulier.<br \/>\n<\/span><\/p>\n<p><span style=\"color: #777777; font-family: Arial;\">Si on \u00e9coute la radio, regarde la t\u00e9l\u00e9vision, lit les journaux fran\u00e7ais et internationaux, il semblerait qu&rsquo;il y a un sujet en France qui semble \u00eatre au premier plan.<br \/>\n<\/span><\/p>\n<p><span style=\"color: #777777; font-family: Arial;\">Il me semble qu&rsquo;au d\u00e9part de ce trouble, il \u00e9tait question d&rsquo;un probl\u00e8me \u00e9cologique.<br \/>\n<\/span><\/p>\n<p><span style=\"color: #777777; font-family: Arial;\">Les questions \u00e9cologiques sont aujourd&rsquo;hui multiples sur notre plan\u00e8te.<br \/>\n<\/span><\/p>\n<p><span style=\"color: #777777; font-family: Arial;\">Et j&rsquo;ai donc, en toute libert\u00e9, d\u00e9cid\u00e9 d&rsquo;en traiter un qui concerne la biodiversit\u00e9.<br \/>\n<\/span><\/p>\n<p><span style=\"color: #777777; font-family: Arial;\">Le cocotier de mer (<strong>Lodoicea maldivica<\/strong>) est une esp\u00e8ce de palmier qui produit la plus grosse graine du r\u00e8gne v\u00e9g\u00e9tal et qui ne pousse qu&rsquo;aux Seychelles.<br \/>\n<\/span><\/p>\n<p><span style=\"color: #777777; font-family: Arial;\">Jusqu&rsquo;\u00e0 peu je ne connaissais pas son existence. Je ne suis pas all\u00e9 aux Seychelles. Oui je confesse que je tente de limiter mon impact carbone.<br \/>\n<\/span><\/p>\n<p><span style=\"color: #777777; font-family: Arial;\">Mais \u00e0 quoi ressemble cette graine&nbsp;?<br \/>\n<\/span><\/p>\n<p><img loading=\"lazy\" decoding=\"async\" class=\"alignleft\" src=\"https:\/\/lemotdujour.fr\/wp-content\/uploads\/2018\/12\/120318_2140_Mardi4dcemb1.jpg\" alt=\"\" width=\"397\" height=\"298\" align=\"left\"><span style=\"color: #777777; font-family: Arial;\">Voil\u00e0, c&rsquo;est cette graine ou ce fruit.<br \/>\n<\/span><\/p>\n<p><span style=\"color: #777777; font-family: Arial;\">Et des esprits orient\u00e9s, probablement du genre male ont appel\u00e9 ce fruit&nbsp;: \u00ab&nbsp;<strong>coco fesse&nbsp;\u00bb<\/strong>.<br \/>\n<\/span><\/p>\n<p><a href=\"https:\/\/fr.wikipedia.org\/wiki\/Cocotier_de_mer\"><span style=\"font-family: Arial;\"><span style=\"color: #0000ff;\">&lt;Wikipedia&gt;<\/span><\/span><\/a><span style=\"color: #777777; font-family: Arial;\"> nous apprend, qu&rsquo;aux Seychelles d&rsquo;autres<span style=\"color: #0000ff;\"> <a style=\"color: #0000ff;\" title=\"Nom vernaculaire\" href=\"https:\/\/fr.wikipedia.org\/wiki\/Nom_vernaculaire\">noms vernaculaires<\/a><\/span> sont utilis\u00e9s pour d\u00e9signer ce fruit&nbsp;: <strong>coco jumeau<\/strong>, <strong>coco ind\u00e9cent<\/strong> et <strong>cul de n\u00e9gresse<br \/>\n<\/strong><\/span><\/p>\n<p><span style=\"color: #777777; font-family: Arial;\">La premi\u00e8re fois qu&rsquo;un occidental a aper\u00e7u ce fruit \u00e9tonnant il l&rsquo;avait trouv\u00e9 en mer ou sur une plage. On ne savait pas sur quel arbre il poussait&nbsp;:<br \/>\n<\/span><\/p>\n<p style=\"margin-left: 28pt;\"><span style=\"color: #c00000; font-family: Arial;\">\u00ab&nbsp;La premi\u00e8re mention botanique de ce palmier vient d&rsquo;un m\u00e9decin botaniste portugais, Garcia de Orta, qui en 1563, le nomme coco das Maldivasn. \u00c0 cette \u00e9poque, ces grosses noix de coco pouvaient \u00eatre trouv\u00e9es en mer dans l&rsquo;Oc\u00e9an Indien et sur les plages des Maldives, de l&rsquo;Inde et du Sri Lanka.<br \/>\n<\/span><\/p>\n<p style=\"margin-left: 28pt;\"><span style=\"color: #c00000; font-family: Arial;\">Rares, de forme pour le moins suggestive et d&rsquo;origine inconnue, ces noix avaient tout pour susciter l&rsquo;imagination d\u00e9brid\u00e9e des hommes. On les nomma en cons\u00e9quence cocos de mer ou cocos de Salomon pour \u00e9voquer leur origine merveilleuse.<br \/>\n<\/span><\/p>\n<p style=\"margin-left: 28pt;\"><span style=\"color: #c00000; font-family: Arial;\">\u00ab Ne connaissant pas l&rsquo;arbre qui le produisait, ne le pouvant d\u00e9couvrir, on avait imagin\u00e9 que c&rsquo;\u00e9tait le fruit d&rsquo;une plante qui croissait au fond de la mer, qui se d\u00e9tachait quand il \u00e9tait m\u00fbr, &amp; que sa l\u00e9g\u00e8ret\u00e9 faisait surnager au-dessus des eaux \u00bb (Pierre Sonnerat, Voyage \u00e0 la Nouvelle Guin\u00e9e, 1776).<br \/>\n<\/span><\/p>\n<p style=\"margin-left: 28pt;\"><span style=\"color: #c00000; font-family: Arial;\">En Inde, on attribuait \u00e0 sa coque des propri\u00e9t\u00e9s de contrepoison (th\u00e9riaque), tr\u00e8s appr\u00e9ci\u00e9es des \u00ab grands seigneurs de l&rsquo;Indostan \u00bb qui l&rsquo;achetaient \u00e0 prix d&rsquo;or. Les souverains des Maldives firent un n\u00e9goce fructueux de sa noix avec des pays lointains comme l&rsquo;Indon\u00e9sie, le Japon et la Chine o\u00f9 elle \u00e9tait renomm\u00e9e comme plante m\u00e9dicinale.&nbsp;\u00bb<br \/>\n<\/span><\/p>\n<p><span style=\"color: #777777; font-family: Arial;\">C&rsquo;est une grosse noix verte, ovo\u00efde, pouvant faire jusqu&rsquo;\u00e0 50 cm de long. Le fruit fait en g\u00e9n\u00e9ral 20\u221225 kg mais peut atteindre 45 kg. Avec plus de 25 kg, c&rsquo;est la graine la plus lourde du r\u00e8gne v\u00e9g\u00e9tal<br \/>\n<\/span><\/p>\n<p><span style=\"color: #777777; font-family: Arial;\">Et c&rsquo;est donc un article de<span style=\"color: #0000ff;\"> <a style=\"color: #0000ff;\" href=\"https:\/\/www.sciencesetavenir.fr\/nature-environnement\/seychelles-le-coco-fesse-menace-a-cause-du-braconnage_15137\">&lt;Sciences et Avenir&gt;<\/a><\/span> qui nous enseigne sur la menace qui porte sur ce fruit qui est tr\u00e8s convoit\u00e9 pour des raisons peu convaincantes.<br \/>\n<\/span><\/p>\n<p><span style=\"color: #777777; font-family: Arial;\">L&rsquo;article nous donne d&rsquo;abord le proc\u00e9d\u00e9 de braconnage et le r\u00e9sultat&nbsp;:<br \/>\n<\/span><\/p>\n<p style=\"margin-left: 28pt;\"><span style=\"color: #c00000; font-family: Arial;\">\u00ab&nbsp;Le proc\u00e9d\u00e9 est toujours le m\u00eame : les braconniers se fraient un chemin dans la for\u00eat tropicale et montagneuse de l&rsquo;\u00eele seychelloise de Praslin :<br \/>\n<\/span><\/p>\n<p style=\"margin-left: 28pt;\"><span style=\"color: #c00000; font-family: Arial;\">Les braconniers coupent le coco de mer et repartent sans laisser de trace. \u00c0 part une cicatrice qui longtemps d\u00e9figure son arbre amput\u00e9.<br \/>\n<\/span><\/p>\n<p style=\"margin-left: 28pt;\"><span style=\"color: #c00000; font-family: Arial;\">Depuis le d\u00e9but de l&rsquo;ann\u00e9e, une quarantaine de cocos de mer, gigantesques noix de coco surnomm\u00e9es \u00ab\u00a0coco fesse\u00a0\u00bb pour leur forme suggestive, ont disparu dans la vall\u00e9e de Mai, class\u00e9e au patrimoine de l&rsquo;Unesco. La moiti\u00e9 a \u00e9t\u00e9 d\u00e9rob\u00e9e sur le seul mois d&rsquo;octobre 2014.&nbsp;\u00bb<br \/>\n<\/span><\/p>\n<p><span style=\"color: #777777; font-family: Arial;\">Nous apprenons qu&rsquo;il ne pr\u00e9sente pas d&rsquo;int\u00e9r\u00eat gastronomique&nbsp;:<br \/>\n<\/span><\/p>\n<p style=\"margin-left: 28pt;\"><span style=\"color: #c00000; font-family: Arial;\">\u00ab&nbsp;Moins sucr\u00e9 que la noix de coco classique, et difficile \u00e0 fendre une fois arriv\u00e9 \u00e0 maturit\u00e9, il [n&rsquo;est] pas utilis\u00e9 dans la gastronomie.&nbsp;\u00bb<br \/>\n<\/span><\/p>\n<p><span style=\"color: #777777; font-family: Arial;\">Sciences et Avenir rappelle l&rsquo;Histoire&nbsp;:<br \/>\n<\/span><\/p>\n<p style=\"margin-left: 28pt;\"><span style=\"color: #c00000; font-family: Arial;\">\u00ab&nbsp;Le coco de mer fait l&rsquo;objet de convoitises depuis des si\u00e8cles \u00e0 des milliers de kilom\u00e8tres de l&rsquo;archipel de l&rsquo;oc\u00e9an Indien: mystifi\u00e9 jusqu&rsquo;en Europe ou en Asie, il passait d\u00e8s le 16e si\u00e8cle pour avoir des vertus curatives exceptionnelles.<br \/>\n<\/span><\/p>\n<p style=\"margin-left: 28pt;\"><span style=\"color: #c00000; font-family: Arial;\">\u00c0 l&rsquo;origine, on p\u00eachait la noix \u00e0 la d\u00e9rive en pleine mer, ou on la trouvait \u00e9chou\u00e9e sur des plages de l&rsquo;oc\u00e9an Indien.<br \/>\n<\/span><\/p>\n<p style=\"margin-left: 28pt;\"><span style=\"color: #c00000; font-family: Arial;\">Ne l&rsquo;ayant jamais vue pousser sur terre, les marins pensaient qu&rsquo;elle provenait d&rsquo;arbres enracin\u00e9s dans les fonds marins &#8211; d&rsquo;o\u00f9 son nom, coco de mer.<br \/>\n<\/span><\/p>\n<p style=\"margin-left: 28pt;\"><span style=\"color: #c00000; font-family: Arial;\">Ce n&rsquo;est qu&rsquo;au 17e si\u00e8cle que le lieu d&rsquo;origine du fruit g\u00e9ant, en forme de bassin f\u00e9minin, d&rsquo;une vingtaine de kg, fut d\u00e9termin\u00e9 : l&rsquo;\u00eele de Praslin.&nbsp;\u00bb<br \/>\n<\/span><\/p>\n<p><span style=\"color: #777777; font-family: Arial;\">Et l&rsquo;actualit\u00e9&nbsp;:<br \/>\n<\/span><\/p>\n<p style=\"margin-left: 28pt;\"><span style=\"color: #c00000; font-family: Arial;\">\u00ab&nbsp;Un regain d&rsquo;int\u00e9r\u00eat pour le coco de mer est survenu apr\u00e8s l&rsquo;ind\u00e9pendance des Seychelles, en 1976, et \u00ab\u00a0le d\u00e9veloppement de l&rsquo;industrie du tourisme\u00a0\u00bb, explique Victorin Laboudallon, membre du conseil de la Fondation des \u00eeles Seychelles (SIF), qui g\u00e8re la Vall\u00e9e de Mai. Un engouement li\u00e9 \u00e0 sa forme et \u00e0 des pseudos vertus aphrodisiaques<br \/>\n<\/span><\/p>\n<p style=\"margin-left: 28pt;\"><span style=\"color: #c00000; font-family: Arial;\">Le fruit, r\u00e9cemment offert au jeune couple princier de Kate et William lors de leur voyage de noces, est pris\u00e9 pour son c\u00f4t\u00e9 d\u00e9coratif, mais aussi, en Asie, en particulier en Chine, pour ses soi-disant effets aphrodisiaques, associ\u00e9s \u00e0 sa forme suggestive.<br \/>\n<\/span><\/p>\n<p style=\"margin-left: 28pt;\"><span style=\"color: #c00000; font-family: Arial;\">En 2008, deux \u00ab\u00a0cocos fesse\u00a0\u00bb avaient atteint les prix de 6.000 et 11.000 euros lors d&rsquo;ench\u00e8res chez Christie&rsquo;s \u00e0 Paris.<br \/>\n<\/span><\/p>\n<p style=\"margin-left: 28pt;\"><span style=\"color: #c00000; font-family: Arial;\">L&rsquo;engouement pour cette noix unique atteint une telle proportion qu&rsquo;en 1978, les autorit\u00e9s d\u00e9cid\u00e8rent d&rsquo;en contr\u00f4ler le commerce: les Seychellois ne pouvaient plus la vendre qu&rsquo;au gouvernement, qui la revendait accompagn\u00e9e d&rsquo;un certificat.&nbsp;\u00bb<br \/>\n<\/span><\/p>\n<p><span style=\"color: #777777; font-family: Arial;\">Les habitants, (<em>qui doivent avoir des g\u00eanes de fran\u00e7ais r\u00e9fractaires<\/em>) ont protest\u00e9 aupr\u00e8s des autorit\u00e9s et bien s\u00fbr <span style=\"text-decoration: line-through;\">la taxe<\/span> l&rsquo;interdiction a \u00e9t\u00e9 lev\u00e9e, mais l&rsquo;exportation du fruit reste ultra-r\u00e9glement\u00e9e.<br \/>\n<\/span><\/p>\n<p><span style=\"color: #777777; font-family: Arial;\">Mais tout ceci a aussi entra\u00een\u00e9 du braconnage et cette esp\u00e8ce v\u00e9g\u00e9tale est d\u00e9sormais menac\u00e9e :<br \/>\n<\/span><\/p>\n<p style=\"margin-left: 28pt;\"><span style=\"color: #c00000; font-family: Arial;\">\u00ab&nbsp;Au prix (450 dollars le kg) o\u00f9 se n\u00e9gocie sur les march\u00e9s asiatiques ce fruit introuvable hors de Praslin et d&rsquo;une autre \u00eele seychelloise, Curieuse, la contrebande fait cependant rage.<br \/>\n<\/span><\/p>\n<p style=\"margin-left: 28pt;\"><span style=\"color: #c00000; font-family: Arial;\">Et, avec quelque 17.000 arbres recens\u00e9s \u00e0 Praslin et 10.000 autres \u00e0 Curieuse, l&rsquo;esp\u00e8ce est d\u00e9sormais jug\u00e9e menac\u00e9e: l&rsquo;Union internationale pour la conservation de la nature (UICN) l&rsquo;a inscrite sur sa liste rouge en 2011.<br \/>\n<\/span><\/p>\n<p style=\"margin-left: 28pt;\"><span style=\"color: #c00000; font-family: Arial;\">Pour tenter d&rsquo;enrayer le ph\u00e9nom\u00e8ne, et mieux surveiller les 19 hectares de for\u00eat o\u00f9 se nichent les \u00ab\u00a0cocos fesse\u00a0\u00bb, la SIF a augment\u00e9 ces derni\u00e8res ann\u00e9es le nombre de gardiens. Mais le terrain accident\u00e9 et l&rsquo;absence d&rsquo;enclos rendent leur t\u00e2che ardue.<br \/>\n<\/span><\/p>\n<p style=\"margin-left: 28pt;\"><span style=\"color: #c00000; font-family: Arial;\">Avant on pouvait voir pr\u00e8s de 75 cocos sur un arbre, maintenant il y en a juste 25, d\u00e9plore M. Laboudallon. Les arbres ne donnent pas autant de fruits qu&rsquo;avant car quand on coupe un coco, cela l&rsquo;affecte, et il ne produit plus autant.&nbsp;\u00bb<br \/>\n<\/span><\/p>\n<p><span style=\"color: #777777; font-family: Arial;\">Aux Seychelles, le probl\u00e8me du braconnage est pris d&rsquo;autant plus au s\u00e9rieux que le coco de mer est un symbole national. Il figure m\u00eame sur les armoiries du pays. Et, nous apprenons qu&rsquo;une machine sophistiqu\u00e9e v\u00e9rifie les valises et d\u00e9tecte les \u00ab&nbsp;cocos-fesses&nbsp;\u00bb dans les valises&nbsp;:<br \/>\n<\/span><\/p>\n<p style=\"margin-left: 28pt;\"><span style=\"color: #c00000; font-family: Arial;\">\u00ab&nbsp;Contre l&rsquo;exportation ill\u00e9gale du fruit, Victoria a install\u00e9 \u00ab\u00a0une machine radiographique \u00e0 l&rsquo;a\u00e9roport qui v\u00e9rifie toutes les valises qui quittent le pays\u00a0\u00bb, assure Ronley Fanchet, directeur de la Conservation au minist\u00e8re de l&rsquo;Environnement.&nbsp;\u00bb<br \/>\n<\/span><\/p>\n<p><img loading=\"lazy\" decoding=\"async\" class=\"alignleft\" src=\"https:\/\/lemotdujour.fr\/wp-content\/uploads\/2018\/12\/120318_2140_Mardi4dcemb2.jpg\" alt=\"\" width=\"356\" height=\"237\" align=\"left\"><span style=\"color: #777777; font-family: Arial;\">Pour \u00eatre complet, il faut aussi montrer l&rsquo;inflorescence m\u00e2le ou fleur m\u00e2le de cet \u00e9tonnant arbre <strong>Lodoicea maldivica<\/strong><br \/>\n<\/span><\/p>\n<p><span style=\"color: #777777; font-family: Arial;\">Que conclure de tout cela&nbsp;?<br \/>\n<\/span><\/p>\n<p><span style=\"color: #777777; font-family: Arial;\">D&rsquo;abord que la nature renferme des curiosit\u00e9s pleines de malices.<br \/>\n<\/span><\/p>\n<p><span style=\"color: #777777; font-family: Arial;\">Que d\u00e8s qu&rsquo;homo sapiens sent l&rsquo;odeur de l&rsquo;argent, il devient dangereux pour la nature.<br \/>\n<\/span><\/p>\n<p><span style=\"color: #777777; font-family: Arial;\">Enfin qu&rsquo;homo sapiens est tr\u00e8s pr\u00e9occup\u00e9 par sa libido et que cette inclination qui souvent devient faiblesse, l&rsquo;entraine \u00e0 devenir tr\u00e8s stupide. Car bien s\u00fbr ce fruit n&rsquo;a aucun effet aphrodisiaque pas davantage que la corne de rhinoc\u00e9ros.<br \/>\n<\/span><\/p>\n<p><span style=\"color: maroon; font-family: Arial;\">&lt;1160&gt;<\/span><\/p>\n","protected":false},"excerpt":{"rendered":"<p>\u00abLe coco fesse des Seychelles est menac\u00e9 \u00e0 cause du braconnage\u00bb Divers articles dont celui de Sciences et Avenir mis en lien Mon neveu Gr\u00e9gory qui est un lecteur du mot du jour et qui est aussi un esprit subtil<\/p>\n","protected":false},"author":1,"featured_media":0,"comment_status":"open","ping_status":"closed","sticky":false,"template":"","format":"standard","meta":{"footnotes":""},"categories":[1],"tags":[73,43,48],"class_list":["post-5856","post","type-post","status-publish","format-standard","hentry","category-motdujour","tag-afrique","tag-ecologie","tag-nature"],"_links":{"self":[{"href":"https:\/\/lemotdujour.fr\/index.php?rest_route=\/wp\/v2\/posts\/5856","targetHints":{"allow":["GET"]}}],"collection":[{"href":"https:\/\/lemotdujour.fr\/index.php?rest_route=\/wp\/v2\/posts"}],"about":[{"href":"https:\/\/lemotdujour.fr\/index.php?rest_route=\/wp\/v2\/types\/post"}],"author":[{"embeddable":true,"href":"https:\/\/lemotdujour.fr\/index.php?rest_route=\/wp\/v2\/users\/1"}],"replies":[{"embeddable":true,"href":"https:\/\/lemotdujour.fr\/index.php?rest_route=%2Fwp%2Fv2%2Fcomments&post=5856"}],"version-history":[{"count":4,"href":"https:\/\/lemotdujour.fr\/index.php?rest_route=\/wp\/v2\/posts\/5856\/revisions"}],"predecessor-version":[{"id":9261,"href":"https:\/\/lemotdujour.fr\/index.php?rest_route=\/wp\/v2\/posts\/5856\/revisions\/9261"}],"wp:attachment":[{"href":"https:\/\/lemotdujour.fr\/index.php?rest_route=%2Fwp%2Fv2%2Fmedia&parent=5856"}],"wp:term":[{"taxonomy":"category","embeddable":true,"href":"https:\/\/lemotdujour.fr\/index.php?rest_route=%2Fwp%2Fv2%2Fcategories&post=5856"},{"taxonomy":"post_tag","embeddable":true,"href":"https:\/\/lemotdujour.fr\/index.php?rest_route=%2Fwp%2Fv2%2Ftags&post=5856"}],"curies":[{"name":"wp","href":"https:\/\/api.w.org\/{rel}","templated":true}]}}