{"id":584,"date":"2014-01-31T01:00:00","date_gmt":"2014-01-30T22:00:00","guid":{"rendered":"http:\/\/lemotdujour.fr\/?p=584"},"modified":"2017-05-08T13:20:47","modified_gmt":"2017-05-08T11:20:47","slug":"vendredi-31012014","status":"publish","type":"post","link":"https:\/\/lemotdujour.fr\/?p=584","title":{"rendered":"Vendredi 31\/01\/2014"},"content":{"rendered":"<div class=\"mdjDate\">Vendredi 31\/01\/2014<\/div>\n<div class=\"mdjTexte\">\u00ab\u00a0Celui qui touche le miel, l\u00e8che son doigt\u00a0\u00bb<\/div>\n<div class=\"mdjAuteur\">Proverbe turc<\/div>\n<div class=\"mdjComplements\">Cit\u00e9 lors de la revue de Presse Internationale de France Culture du 27\/12\/2013.<\/div>\n<div class=\"mdjComplements\">La citation provenait d&rsquo;un journaliste turc qui parlait de la corruption end\u00e9mique dans son pays et de ce proverbe qui l&rsquo;illustre&#8230;<\/div>\n<div class=\"mdjComplements\">Rappelons que le premier ministre turc Recep Tayyip Erdogan avait annonc\u00e9, Mercredi 25 d\u00e9cembre, un vaste remaniement minist\u00e9riel apr\u00e8s la d\u00e9mission, le m\u00eame jour, de trois ministres, mis en cause dans un retentissant scandale politico-financier.<\/div>\n<div class=\"mdjComplements\">Dix des vingt ministres de l&rsquo;ancien gouvernement ont \u00e9t\u00e9 remplac\u00e9s<\/div>\n<div class=\"mdjComplements\">Je trouve que c&rsquo;est une image suggestive de la corruption qui n&rsquo;existe pas qu&rsquo;en Turquie&#8230;<\/div>\n","protected":false},"excerpt":{"rendered":"<p>Vendredi 31\/01\/2014 \u00ab\u00a0Celui qui touche le miel, l\u00e8che son doigt\u00a0\u00bb Proverbe turc Cit\u00e9 lors de la revue de Presse Internationale de France Culture du 27\/12\/2013. La citation provenait d&rsquo;un journaliste turc qui parlait de la corruption end\u00e9mique dans son pays<\/p>\n","protected":false},"author":1,"featured_media":0,"comment_status":"closed","ping_status":"closed","sticky":false,"template":"","format":"standard","meta":{"footnotes":""},"categories":[1],"tags":[],"class_list":["post-584","post","type-post","status-publish","format-standard","hentry","category-motdujour"],"_links":{"self":[{"href":"https:\/\/lemotdujour.fr\/index.php?rest_route=\/wp\/v2\/posts\/584","targetHints":{"allow":["GET"]}}],"collection":[{"href":"https:\/\/lemotdujour.fr\/index.php?rest_route=\/wp\/v2\/posts"}],"about":[{"href":"https:\/\/lemotdujour.fr\/index.php?rest_route=\/wp\/v2\/types\/post"}],"author":[{"embeddable":true,"href":"https:\/\/lemotdujour.fr\/index.php?rest_route=\/wp\/v2\/users\/1"}],"replies":[{"embeddable":true,"href":"https:\/\/lemotdujour.fr\/index.php?rest_route=%2Fwp%2Fv2%2Fcomments&post=584"}],"version-history":[{"count":1,"href":"https:\/\/lemotdujour.fr\/index.php?rest_route=\/wp\/v2\/posts\/584\/revisions"}],"predecessor-version":[{"id":585,"href":"https:\/\/lemotdujour.fr\/index.php?rest_route=\/wp\/v2\/posts\/584\/revisions\/585"}],"wp:attachment":[{"href":"https:\/\/lemotdujour.fr\/index.php?rest_route=%2Fwp%2Fv2%2Fmedia&parent=584"}],"wp:term":[{"taxonomy":"category","embeddable":true,"href":"https:\/\/lemotdujour.fr\/index.php?rest_route=%2Fwp%2Fv2%2Fcategories&post=584"},{"taxonomy":"post_tag","embeddable":true,"href":"https:\/\/lemotdujour.fr\/index.php?rest_route=%2Fwp%2Fv2%2Ftags&post=584"}],"curies":[{"name":"wp","href":"https:\/\/api.w.org\/{rel}","templated":true}]}}