{"id":5834,"date":"2018-11-30T00:28:25","date_gmt":"2018-11-29T23:28:25","guid":{"rendered":"http:\/\/lemotdujour.fr\/?p=5834"},"modified":"2021-09-26T13:38:10","modified_gmt":"2021-09-26T11:38:10","slug":"vendredi-30-novembre-2018","status":"publish","type":"post","link":"https:\/\/lemotdujour.fr\/?p=5834","title":{"rendered":"Vendredi 30 novembre 2018"},"content":{"rendered":"<div class=\"mdjTexte\">\t\u00abLe Musicien de la Guerre\u00bb<\/div>\n<div class=\"mdjAuteur\">\tRen\u00e9 Beziau<\/div>\n<p><span style=\"color: #777777; font-family: Arial;\">Je vais arr\u00eater aujourd&rsquo;hui mon itin\u00e9rance intellectuelle et \u00e9pistolaire autour de la guerre 14-18 et de ses cons\u00e9quences.<br \/>\n<\/span><\/p>\n<p><span style=\"color: #777777; font-family: Arial;\">Lorsque j&rsquo;ai fait r\u00e9f\u00e9rence, lors du <a href=\"https:\/\/lemotdujour.fr\/?p=5700\"><span style=\"color: #0000ff;\">mot du jour du 14 novembre<\/span><\/a>, \u00e0 la derni\u00e8re lettre d&rsquo;un fusill\u00e9 pour l&rsquo;exemple \u00e0 son \u00e9pouse, G\u00e9rald m&rsquo;a exprim\u00e9 ses doutes.<br \/>\n<\/span><\/p>\n<p><span style=\"color: #777777; font-family: Arial;\">Doute que j&rsquo;avais aussi. Il \u00e9tait \u00e9tonnant qu&rsquo;un soldat du rang \u00e9crive aussi bien en 1914. Par ailleurs, il n&rsquo;y avait aucune r\u00e9f\u00e9rence \u00e0 son r\u00e9giment, \u00e0 son vrai nom.<br \/>\n<\/span><\/p>\n<p><span style=\"color: #777777; font-family: Arial;\">Il est vrai que ce qu&rsquo;il exprimait \u00e9tait si fort et si juste, qu&rsquo;il est possible que ce fut une lettre \u00e9crite par une personne qui s&rsquo;est mise dans la peau d&rsquo;un tel destin et avec sa connaissance d&rsquo;alors ait r\u00e9dig\u00e9 ce texte.<br \/>\n<\/span><\/p>\n<p><span style=\"color: #777777; font-family: Arial;\">Je ne le sais pas.<br \/>\n<\/span><\/p>\n<p><span style=\"color: #777777; font-family: Arial;\">Mais aujourd&rsquo;hui je vais finir avec une lettre dont on ne peut douter de l&rsquo;authenticit\u00e9.<br \/>\n<\/span><\/p>\n<p><span style=\"color: #777777; font-family: Arial;\">Notre amie \u00e0 Annie et \u00e0 moi, Marianne a d\u00e9couvert un po\u00e8me \u00e9crit par son grand-p\u00e8re Ren\u00e9 et&nbsp; transmis par son oncle (le dernier de la fratrie paternelle) tout r\u00e9cemment.<br \/>\n<\/span><\/p>\n<p><span style=\"color: #777777; font-family: Arial;\">Ce po\u00e8me l&rsquo;a beaucoup touch\u00e9e et comme elle le dit c&rsquo;est un t\u00e9moignage d&rsquo;une grande valeur. Elle m&rsquo;a donn\u00e9 l&rsquo;autorisation de le publier dans le mot du jour.<br \/>\n<\/span><\/p>\n<p><span style=\"color: #777777; font-family: Arial;\">J&rsquo;aurais pu encore \u00e9voquer bien des sujets et notamment j&rsquo;aurais souhait\u00e9 parler de l&rsquo;\u00e9mancipation inachev\u00e9e des femmes, notamment en France. Car pendant que les hommes allaient au front pendant la guerre 14-18, il a fallu continuer \u00e0 faire fonctionner la France de l&rsquo;arri\u00e8re, le travail des champs, le travail des usines et tout ce qui \u00e9tait n\u00e9cessaire pour assurer la vie \u00e9conomique et sociale. Et pour ce faire, les femmes ont assur\u00e9 ces travaux, des initiatives et une responsabilit\u00e9 qui ne leur \u00e9tait pas accord\u00e9 d&rsquo;habitude. Il paraissait logique qu&rsquo;elles continuent avec ces m\u00eames responsabilit\u00e9s apr\u00e8s la guerre, qu&rsquo;enfin les hommes leur accordent leur vraie place dans la soci\u00e9t\u00e9 \u00e9conomique et politique.<br \/>\n<\/span><\/p>\n<p><span style=\"color: #777777; font-family: Arial;\">Ce ne fut pas le cas, il faudra attendre une ordonnance du 21 avril 1944, ratifi\u00e9e par le g\u00e9n\u00e9ral de Gaulle pour que ce droit de vote et l&rsquo;\u00e9ligibilit\u00e9 leur soit accord\u00e9.<br \/>\n<\/span><\/p>\n<p><span style=\"color: #777777; font-family: Arial;\">L&rsquo;Allemagne et l&rsquo;Autriche furent les vaincus de la guerre, et\u2026 ils accord\u00e8rent le droit de vote aux femmes en novembre 1918, juste apr\u00e8s la d\u00e9faite.<br \/>\n<\/span><\/p>\n<p><span style=\"color: #777777; font-family: Arial;\">La victoire rendrait-elle stupide&nbsp;?<br \/>\n<\/span><\/p>\n<p><span style=\"color: #777777; font-family: Arial;\">Et en France, il fallut attendre une Loi de 1965 pour qu&rsquo;une femme puisse travailler sans l&rsquo;accord de son mari ou ouvrir de compte en banque \u00e0 son nom propre.<br \/>\n<\/span><\/p>\n<p><span style=\"color: #777777; font-family: Arial;\">Quelle honte ! On voit l\u00e0 toute la distance entre l\u2019image que la France a d\u2019elle m\u00eame et la r\u00e9alit\u00e9 des faits.<br \/>\n<\/span><\/p>\n<p><span style=\"color: #777777; font-family: Arial;\">Sur ce sujet, j&rsquo;ai trouv\u00e9 un dossier int\u00e9ressant, issu d&rsquo;un colloque de 2014&nbsp;: <span style=\"color: #0000ff;\"><a style=\"color: #0000ff;\" href=\"http:\/\/library.fes.de\/pdf-files\/bueros\/paris\/12637.pdf\">&lt;Les femmes pendant la guerre de 1914-1918 ou l&rsquo;\u00e9mancipation en marche ?&gt;<\/a><\/span><br \/>\n<\/span><\/p>\n<p><span style=\"color: #777777; font-family: Arial;\">Mais, nous finirons <strong>par le po\u00e8me du grand-p\u00e8re de Marianne <\/strong>qu&rsquo;Annie a saisi sur l&rsquo;ordinateur pour qu&rsquo;il puisse \u00eatre inclus dans ce mot du jour. Mais vous trouverez aussi en pi\u00e8ce jointe la copie du manuscrit de Ren\u00e9 Beziau :<span style=\"color: #0000ff;\"> <a style=\"color: #0000ff;\" href=\"https:\/\/lemotdujour.fr\/wp-content\/uploads\/2018\/11\/Lettre-dun-musicien.pdf\">&lt;Lettre d&rsquo;un musicien&gt;<\/a><\/span>. Car au del\u00e0 des r\u00e9flexions, de l&rsquo;Histoire, de la politique, des relations entre les nations et les \u00c9tats, je crois qu&rsquo;\u00e0 la fin, il faut toujours revenir \u00e0 la r\u00e9alit\u00e9 de l&rsquo;homme confront\u00e9 \u00e0 l\u2019innommable qui fut la r\u00e9alit\u00e9 de cette guerre.<br \/>\n<\/span><\/p>\n<p><span style=\"color: #777777; font-family: Arial;\">Marianne pr\u00e9cise : \u00ab&nbsp;<span style=\"color: #c00000;\">Mon grand-p\u00e8re \u00e9tait musicien, alors pendant la guerre, quand on \u00e9tait musicien, on \u00e9tait&#8230;brancardier, comme son fr\u00e8re a\u00een\u00e9 Marcel, sauf que Marcel a eu moins de chance que Ren\u00e9, il est mort 3 mois avant l&rsquo;armistice<span style=\"color: #777777;\">.&nbsp;\u00bb<br \/>\n<\/span><\/span><\/span><\/p>\n<p><span style=\"color: #777777; font-family: Arial;\">Le manuscrit pr\u00e9cise que ce po\u00e8me est de 1916, qu&rsquo;il a \u00e9t\u00e9 \u00e9crit \u00e0 Verdun, <strong>c\u00f4te 304<\/strong>.<br \/>\n<\/span><\/p>\n<p><span style=\"color: #777777; font-family: Arial;\">On associe souvent les combats de&nbsp;la Cote&nbsp;304 \u00e0 ceux du Mort-Homme qui ont eu lieu en m\u00eame temps et dans une grande proximit\u00e9 comme le montre<span style=\"color: #0000ff;\"> <a style=\"color: #0000ff;\" href=\"http:\/\/www.chtimiste.com\/batailles1418\/1917verdun.htm\">&lt;ce site&gt;.<\/a><\/span><br \/>\n<\/span><\/p>\n<p><span style=\"color: #777777; font-family: Arial;\">Si vous cherchez \u00ab&nbsp;<strong>c\u00f4te 304<\/strong>&nbsp;\u00bb sur Internet vous trouverez beaucoup de photos et des sites qui parlent de ces combats.<br \/>\n<\/span><\/p>\n<p><span style=\"color: #777777; font-family: Arial;\">Par exemple <span style=\"color: #0000ff;\">&lt;<a style=\"color: #0000ff;\" href=\"http:\/\/histoiredeguerre.canalblog.com\/archives\/2012\/10\/31\/5791622.html\">celui-ci<\/a>&gt;<\/span>&nbsp;:<br \/>\n<\/span><\/p>\n<p style=\"margin-left: 28pt;\"><span style=\"color: #c00000; font-family: Arial;\">\u00ab&nbsp;Cote 304 Avocourt, du 5 Mai 1916 au 21 Mai 1916, le 125eme RI [\u2026] aura pour mission de reprendre ,les positions perdues et s&rsquo;y maintenir. [\u2026], la cote 304 mouvement de terrain jumeau du Mort Homme sera perdue le 5 mai .Reconquise le 6 reperdue puis reprise le 7&#8230;Des aviateurs en observation au-dessus de ces positions avaient indiqu\u00e9s&nbsp;\u00e0 l \u00e9poque que le ciel \u00e9tait obscurci jusqu&rsquo;\u00e0 800 m\u00e8tres au-dessus du sol.&nbsp;\u00bb<br \/>\n<\/span><\/p>\n<p><span style=\"color: #777777; font-family: Arial;\">Et pour comprendre le contexte de ce po\u00e8me, je joins une photo&nbsp;:<br \/>\n<\/span><\/p>\n<p><img decoding=\"async\" src=\"https:\/\/lemotdujour.fr\/wp-content\/uploads\/2018\/11\/112918_2319_Vendredi30n1.jpg\" alt=\"\"><span style=\"color: #777777; font-family: Arial;\"><br \/>\n<\/span><\/p>\n<p style=\"margin-left: 28pt;\"><span style=\"color: #c00000; font-family: Arial;\">Le Musicien de la Guerre<br \/>\n<\/span><\/p>\n<p style=\"margin-left: 28pt;\"><span style=\"color: #c00000; font-family: Arial;\">L&rsquo;assaut est termin\u00e9. Vite au travail. J&rsquo;approche.<br \/>\n<\/span><\/p>\n<p style=\"margin-left: 28pt;\"><span style=\"color: #c00000; font-family: Arial;\">Voici mes instruments : une pelle ! Une pioche !<br \/>\n<\/span><span style=\"color: #c00000; font-family: Arial;\">Un brancard ! Musicien, brancardier, fossoyeur !<br \/>\n<\/span><span style=\"color: #c00000; font-family: Arial;\">Du fun\u00e8bre charnier, c&rsquo;est moi le nettoyeur<br \/>\n<\/span><span style=\"color: #c00000; font-family: Arial;\">J&rsquo;accours par les boyaux, me voici sur la plaine.<br \/>\n<\/span><span style=\"color: #c00000; font-family: Arial;\">Je rampe dans la nuit, retenant mon haleine,<br \/>\n<\/span><span style=\"color: #c00000; font-family: Arial;\">\u00e0 l&rsquo;appel d&rsquo;un soupir vers les bless\u00e9s r\u00e2lant<br \/>\n<\/span><span style=\"color: #c00000; font-family: Arial;\">J&#8217;emporte sur mon dos les pauvres corps sanglant,<br \/>\n<\/span><span style=\"color: #c00000; font-family: Arial;\">Sans soucis des obus, je ramasse la vie.<br \/>\n<\/span><span style=\"color: #c00000; font-family: Arial;\">Du moins ce qu&rsquo;il en reste, et mon \u00e9paule plie<br \/>\n<\/span><span style=\"color: #c00000; font-family: Arial;\">Sous le poids r\u00e9p\u00e9t\u00e9 des convois douloureux.<br \/>\n<\/span><\/p>\n<p style=\"margin-left: 28pt;\"><span style=\"color: #c00000; font-family: Arial;\">Quelle grandeur superbe en ces bless\u00e9s glorieux !<br \/>\n<\/span><span style=\"color: #c00000; font-family: Arial;\">Je leur rends \u00e0 la h\u00e2te un \u00e9clatant hommage.<br \/>\n<\/span><span style=\"color: #c00000; font-family: Arial;\">Confiants, sans un cri plein d&rsquo;espoir et de rage<br \/>\n<\/span><span style=\"color: #c00000; font-family: Arial;\">H\u00e9ro\u00efques patients par le tr\u00e9pas guett\u00e9s.<br \/>\n<\/span><span style=\"color: #c00000; font-family: Arial;\">Ils raccrochent leurs \u00e2mes \u00e0 leur corps mutil\u00e9s&#8230;<br \/>\nS<\/span><span style=\"color: #c00000; font-family: Arial;\">i je heurte un talus leurs souffrances s&rsquo;avivent.<br \/>\n<\/span><span style=\"color: #c00000; font-family: Arial;\">Pas un mot&#8230; dans leur d\u00e9sir de survivre ils vivent.<br \/>\n<\/span><\/p>\n<p style=\"margin-left: 28pt;\"><span style=\"color: #c00000; font-family: Arial;\">Mais vers l&rsquo;arri\u00e8re enfin. J&rsquo;ai port\u00e9 la douleur.<br \/>\n<\/span><span style=\"color: #c00000; font-family: Arial;\">Plus rien ne vit ici &#8230;je deviens fossoyeur.<br \/>\n<\/span><span style=\"color: #c00000; font-family: Arial;\">Je quitte le brancard pour la pelle et la pioche!<br \/>\n<\/span><span style=\"color: #c00000; font-family: Arial;\">Allons va musicien !&#8230;<br \/>\n<\/span><span style=\"color: #c00000; font-family: Arial;\">&nbsp;&nbsp;&nbsp;&nbsp;&nbsp;&nbsp;&nbsp;&nbsp;&nbsp;&nbsp;&nbsp;&nbsp;&nbsp;&nbsp;&nbsp;&nbsp;&nbsp;&nbsp;&nbsp;Un cadavre est tout proche.<br \/>\n<\/span><\/p>\n<p style=\"margin-left: 28pt;\"><span style=\"color: #c00000; font-family: Arial;\">Un mort! J&rsquo;h\u00e9site. Quel d\u00e9bris ! Je suis \u00e9mu<br \/>\n<\/span><span style=\"color: #c00000; font-family: Arial;\">Ceci f\u00fbt vivant !!&#8230;<br \/>\n<\/span><span style=\"color: #c00000; font-family: Arial;\">&nbsp;&nbsp;&nbsp;&nbsp;&nbsp;&nbsp;&nbsp;&nbsp;&nbsp;&nbsp;&nbsp;&nbsp;&nbsp;&nbsp;&nbsp;&nbsp;&nbsp;&nbsp;&nbsp;&nbsp;&nbsp; Quel est ce pauvre inconnu?<br \/>\n<\/span><\/p>\n<p style=\"margin-left: 28pt;\"><span style=\"color: #c00000; font-family: Arial;\">O toi qui fus meurtri sur la gl\u00e8be entrouverte<br \/>\n<\/span><span style=\"color: #c00000; font-family: Arial;\">O\u00f9 la fureur humaine a consomm\u00e9 ta perte,<br \/>\n<\/span><span style=\"color: #c00000; font-family: Arial;\">Mort, quel est ton pass\u00e9 ? Quel \u00e9tait ton pays ?<br \/>\n<\/span><\/p>\n<p style=\"margin-left: 28pt;\"><span style=\"color: #c00000; font-family: Arial;\">Es-tu le montagnard qui paissait ses brebis ?<br \/>\n<\/span><span style=\"color: #c00000; font-family: Arial;\">Le coron de la mine abritait il ta t\u00eate ?<br \/>\n<\/span><span style=\"color: #c00000; font-family: Arial;\">Es-tu le doux p\u00eacheur qui bravait la temp\u00eate,<br \/>\n<\/span><span style=\"color: #c00000; font-family: Arial;\">Ou l&rsquo;humble laboureur suivant dans le sillon<br \/>\n<\/span><span style=\"color: #c00000; font-family: Arial;\">Le pas lent de b\u0153ufs lourds qu&rsquo;\u00e9veille l&rsquo;aiguillon?<br \/>\n<\/span><span style=\"color: #c00000; font-family: Arial;\">Es-tu le grand savant p\u00e2li sur son grimoire<br \/>\n<\/span><span style=\"color: #c00000; font-family: Arial;\">Et r\u00eavant d&rsquo;imposer au monde sa m\u00e9moire,<br \/>\n<\/span><span style=\"color: #c00000; font-family: Arial;\">Ou l&rsquo;artiste charmant, l&rsquo;aimable Cyrano<br \/>\n<\/span><span style=\"color: #c00000; font-family: Arial;\">Que chacun \u00e0 l&rsquo;envie f\u00eatait d&rsquo;un long bravo?<br \/>\n<\/span><span style=\"color: #c00000; font-family: Arial;\">Es-tu l&rsquo;heureux \u00e9poux, l&rsquo;incomparable p\u00e8re,<br \/>\n<\/span><span style=\"color: #c00000; font-family: Arial;\">L&rsquo;artisan, l&rsquo;ouvrier combattant la mis\u00e8re?<br \/>\n<\/span><span style=\"color: #c00000; font-family: Arial;\">Ou bien l&rsquo;amant timide au regard langoureux.<br \/>\n<\/span><span style=\"color: #c00000; font-family: Arial;\">Le Don Juan vainqueur ou l&rsquo;obscur amoureux ?<br \/>\n<\/span><span style=\"color: #c00000; font-family: Arial;\">Qu&rsquo;importe!&#8230;<br \/>\n<\/span><span style=\"color: #c00000; font-family: Arial;\">&nbsp;&nbsp;&nbsp;&nbsp;&nbsp;&nbsp;&nbsp;&nbsp;&nbsp;&nbsp;&nbsp;&nbsp;&nbsp;&nbsp;&nbsp;Maintenant, appuy\u00e9 sur ma pelle,<br \/>\n<\/span><\/p>\n<p style=\"margin-left: 28pt;\"><span style=\"color: #c00000; font-family: Arial;\">Je songe \u00e0 te remettre au n\u00e9ant qui t&rsquo;appelle.<br \/>\n<\/span><span style=\"color: #c00000; font-family: Arial;\">Et j&rsquo;admire comment une \u00e9trange splendeur<br \/>\n<\/span><span style=\"color: #c00000; font-family: Arial;\">Vint m\u00ealer sur ton front le sublime \u00e0 l&rsquo;horreur&#8230;<br \/>\n<\/span><\/p>\n<p style=\"margin-left: 28pt;\"><span style=\"color: #c00000; font-family: Arial;\">Jadis, tu fis peut-\u00eatre, et doux \u00e9tait ce r\u00eave,<br \/>\n<\/span><span style=\"color: #c00000; font-family: Arial;\">Le v\u0153u de reposer sous le tertre ? qu&rsquo;\u00e9l\u00e8ve<br \/>\n<\/span><span style=\"color: #c00000; font-family: Arial;\">Non loin du vieux clocher pr\u00e8s des pins r\u00e9v\u00e9r\u00e9s,<br \/>\n<\/span><span style=\"color: #c00000; font-family: Arial;\">L&rsquo;ardente d\u00e9votion de parents \u00e9plor\u00e9s<br \/>\n<\/span><span style=\"color: #c00000; font-family: Arial;\">Apr\u00e8s qu&rsquo;une main ch\u00e8re eut ferm\u00e9 ta paupi\u00e8re<br \/>\n<\/span><span style=\"color: #c00000; font-family: Arial;\">Ou songeais \u00e0 dormir sous une lourde pierre,<br \/>\n<\/span><span style=\"color: #c00000; font-family: Arial;\">Ou ceux qu&rsquo;aima ton c\u0153ur viendraient agenouill\u00e9s<br \/>\n<\/span><span style=\"color: #c00000; font-family: Arial;\">En t&rsquo;offrant leur douleur, pencher leurs yeux mouill\u00e9s<br \/>\n<\/span><\/p>\n<p style=\"margin-left: 28pt;\"><span style=\"color: #c00000; font-family: Arial;\">L&rsquo;inexorable sort au but imp\u00e9n\u00e9trable,<br \/>\n<\/span><span style=\"color: #c00000; font-family: Arial;\">En d\u00e9cide autrement ; seul, triste, et mis\u00e9rable,<br \/>\n<\/span><span style=\"color: #c00000; font-family: Arial;\">Sur cette boue immonde o\u00f9 la mort a s\u00e9vie<br \/>\n<\/span><span style=\"color: #c00000; font-family: Arial;\">Ton \u00e2me est anonyme et ton corps est pourri !&#8230;<br \/>\n<\/span><\/p>\n<p style=\"margin-left: 28pt;\"><span style=\"color: #c00000; font-family: Arial;\">Accomplissant ici ma besogne macabre<br \/>\n<\/span><span style=\"color: #c00000; font-family: Arial;\">Je te pousse du pied, je tire sur ton sabre<br \/>\n<\/span><span style=\"color: #c00000; font-family: Arial;\">Je tra\u00eene sur le sol ces amas r\u00e9pugnants<br \/>\n<\/span><span style=\"color: #c00000; font-family: Arial;\">D&rsquo;os bris\u00e9s, de cervelles et de membres saignants!<br \/>\n<\/span><span style=\"color: #c00000; font-family: Arial;\">Une fus\u00e9e \u00e9clate : une lumi\u00e8re boche<br \/>\n<\/span><span style=\"color: #c00000; font-family: Arial;\">Fait passer des lueurs sur le fer de ma pioche<br \/>\n<\/span><span style=\"color: #c00000; font-family: Arial;\">L&rsquo;ironique destin donne \u00e0 ton meurtrier<br \/>\n<\/span><span style=\"color: #c00000; font-family: Arial;\">La t\u00e2che d&rsquo;\u00e9clairer ton fun\u00e8bre ouvrier?<br \/>\n<\/span><span style=\"color: #c00000; font-family: Arial;\">Et si l&rsquo;orgue est absent \u00e0 la c\u00e9r\u00e9monie<br \/>\n<\/span><span style=\"color: #c00000; font-family: Arial;\">Dans l&rsquo;air troubl\u00e9 surgit la sauvage harmonie<br \/>\n<\/span><span style=\"color: #c00000; font-family: Arial;\">Des monstres vomissant la mitraille et le feu<br \/>\n<\/span><span style=\"color: #c00000; font-family: Arial;\">Qui crachent leur fureur jusqu&rsquo;au ciel jusqu&rsquo;\u00e0 Dieu !<br \/>\n<\/span><span style=\"color: #c00000; font-family: Arial;\">Tu meurs seul sans amis, pour toi nul deuil, nul cort\u00e8ge<br \/>\n<\/span><span style=\"color: #c00000; font-family: Arial;\">La nuit seule. \u00c9tant mort tu n&rsquo;as rien !&#8230; mais j&rsquo;abr\u00e8ge.<br \/>\n<\/span><\/p>\n<p style=\"margin-left: 28pt;\"><span style=\"color: #c00000; font-family: Arial;\">Je vais mettre en leur trou les putrides restants.<br \/>\n<\/span><span style=\"color: #c00000; font-family: Arial;\">Et c&rsquo;est moins pour toi que pour la sant\u00e9 des vivants.<br \/>\n<\/span><span style=\"color: #c00000; font-family: Arial;\">Je groupe tes lambeaux de chairs inanim\u00e9es.<br \/>\n<\/span><span style=\"color: #c00000; font-family: Arial;\">Ils serviront d&rsquo;engrais \u00e0 quelques gramin\u00e9es<br \/>\n<\/span><span style=\"color: #c00000; font-family: Arial;\">Ainsi tu nourriras par de subtils d\u00e9tours<br \/>\n<\/span><span style=\"color: #c00000; font-family: Arial;\">Ceux que tu crois avoir d\u00e9laiss\u00e9s pour toujours<br \/>\n<\/span><span style=\"color: #c00000; font-family: Arial;\">\u00c0 moins que quelque obus en se trompant de route<br \/>\n<\/span><span style=\"color: #c00000; font-family: Arial;\">Au lieu chez les vivants de porter la d\u00e9route<br \/>\n<\/span><span style=\"color: #c00000; font-family: Arial;\">Vienne s&rsquo;\u00e9chouer l\u00e0 pour troubler ton repos<br \/>\n<\/span><span style=\"color: #c00000; font-family: Arial;\">Et lancer dans les airs ce qu&rsquo;il te rester d&rsquo;os<br \/>\n<\/span><\/p>\n<p style=\"margin-left: 28pt;\"><span style=\"color: #c00000; font-family: Arial;\">Avant que d&rsquo;un bras las je recouvre ta t\u00eate<br \/>\n<\/span><span style=\"color: #c00000; font-family: Arial;\">\u00d4 mort un dernier mot. Que ma pelle s&rsquo;arr\u00eate<br \/>\n<\/span><span style=\"color: #c00000; font-family: Arial;\">D\u00e9couvert, \u00e0 genoux, d&rsquo;un adieu fraternel<br \/>\n<\/span><span style=\"color: #c00000; font-family: Arial;\">Je tiens \u00e0 saluer ton repos \u00e9ternel<br \/>\n<\/span><span style=\"color: #c00000; font-family: Arial;\">Adieu mort inconnu, toi qui b\u00e2tis l&rsquo;histoire.<br \/>\n<\/span><\/p>\n<p style=\"margin-left: 28pt;\"><span style=\"color: #c00000; font-family: Arial;\">Adieu&nbsp;! Le fossoyeur d&rsquo;une si pure gloire<br \/>\n<\/span><span style=\"color: #c00000; font-family: Arial;\">Salue en toi, la Mort et le brutal Destin<br \/>\n<\/span><span style=\"color: #c00000; font-family: Arial;\">H\u00e9ros&nbsp;! Je te salue et j&rsquo;honore ta fin&nbsp;!!!!<br \/>\n<\/span><\/p>\n<p style=\"margin-left: 28pt;\"><span style=\"color: #c00000; font-family: Arial;\">Maintenant, sur ton front je jette un peu de terre<br \/>\n<\/span><span style=\"color: #c00000; font-family: Arial;\">D&rsquo;une croix de bois je marque ton cimeti\u00e8re<br \/>\n<\/span><span style=\"color: #c00000; font-family: Arial;\">J&rsquo;ai fini, tu n&rsquo;es plus&nbsp;!&#8230;<br \/>\nUn autre mort m&rsquo;attend.<br \/>\nJe refoule une larme et je pars en chantant<br \/>\n<\/span><\/p>\n<p style=\"margin-left: 28pt;\"><span style=\"color: #c00000; font-family: Arial;\"><em>Ren\u00e9 Beziau<br \/>\n<\/em><\/span><span style=\"color: #c00000; font-family: Arial;\"><em>Verdun c\u00f4te 304<br \/>\n<\/em><\/span><span style=\"color: #c00000; font-family: Arial;\"><em>1916<br \/>\n<\/em><\/span><\/p>\n<p><span style=\"color: maroon; font-family: Arial;\">&lt;1158&gt;<\/span><\/p>\n","protected":false},"excerpt":{"rendered":"<p>\u00abLe Musicien de la Guerre\u00bb Ren\u00e9 Beziau Je vais arr\u00eater aujourd&rsquo;hui mon itin\u00e9rance intellectuelle et \u00e9pistolaire autour de la guerre 14-18 et de ses cons\u00e9quences. Lorsque j&rsquo;ai fait r\u00e9f\u00e9rence, lors du mot du jour du 14 novembre, \u00e0 la derni\u00e8re<\/p>\n","protected":false},"author":1,"featured_media":0,"comment_status":"open","ping_status":"closed","sticky":false,"template":"","format":"standard","meta":{"footnotes":""},"categories":[1],"tags":[118,8,14],"class_list":["post-5834","post","type-post","status-publish","format-standard","hentry","category-motdujour","tag-14-18","tag-poesie","tag-recit"],"_links":{"self":[{"href":"https:\/\/lemotdujour.fr\/index.php?rest_route=\/wp\/v2\/posts\/5834","targetHints":{"allow":["GET"]}}],"collection":[{"href":"https:\/\/lemotdujour.fr\/index.php?rest_route=\/wp\/v2\/posts"}],"about":[{"href":"https:\/\/lemotdujour.fr\/index.php?rest_route=\/wp\/v2\/types\/post"}],"author":[{"embeddable":true,"href":"https:\/\/lemotdujour.fr\/index.php?rest_route=\/wp\/v2\/users\/1"}],"replies":[{"embeddable":true,"href":"https:\/\/lemotdujour.fr\/index.php?rest_route=%2Fwp%2Fv2%2Fcomments&post=5834"}],"version-history":[{"count":11,"href":"https:\/\/lemotdujour.fr\/index.php?rest_route=\/wp\/v2\/posts\/5834\/revisions"}],"predecessor-version":[{"id":12110,"href":"https:\/\/lemotdujour.fr\/index.php?rest_route=\/wp\/v2\/posts\/5834\/revisions\/12110"}],"wp:attachment":[{"href":"https:\/\/lemotdujour.fr\/index.php?rest_route=%2Fwp%2Fv2%2Fmedia&parent=5834"}],"wp:term":[{"taxonomy":"category","embeddable":true,"href":"https:\/\/lemotdujour.fr\/index.php?rest_route=%2Fwp%2Fv2%2Fcategories&post=5834"},{"taxonomy":"post_tag","embeddable":true,"href":"https:\/\/lemotdujour.fr\/index.php?rest_route=%2Fwp%2Fv2%2Ftags&post=5834"}],"curies":[{"name":"wp","href":"https:\/\/api.w.org\/{rel}","templated":true}]}}