{"id":5821,"date":"2018-11-28T02:52:57","date_gmt":"2018-11-28T01:52:57","guid":{"rendered":"http:\/\/lemotdujour.fr\/?p=5821"},"modified":"2021-09-26T13:41:05","modified_gmt":"2021-09-26T11:41:05","slug":"mercredi-28-novembre-2018","status":"publish","type":"post","link":"https:\/\/lemotdujour.fr\/?p=5821","title":{"rendered":"Mercredi 28 novembre 2018"},"content":{"rendered":"<div class=\"mdjTexte\">\t\u00ab&nbsp;Et la proposition japonaise d\u2019inscrire dans la charte de la SDN l\u2019\u00e9galit\u00e9 des races et des nationalit\u00e9s fut repouss\u00e9e&nbsp;!&nbsp;\u00bb<\/div>\n<div class=\"mdjAuteur\">\tUne autre p\u00e9rip\u00e9tie oubli\u00e9e de l\u2019apr\u00e8s-guerre 14-18<\/div>\n<p><span style=\"color: #777777; font-family: Arial;\">C&rsquo;est dans l&rsquo;une des \u00e9missions de France Inter d\u00e9j\u00e0 cit\u00e9es <a href=\"http:\/\/www.centenaire.org\/fr\/print\/10879\"><span style=\"color: #0000ff;\">&lt;1918, un monde en r\u00e9volutions&gt;<\/span><\/a> que l&rsquo;historien <strong>Nicolas Offenstadt<\/strong>, m&rsquo;a appris l&rsquo;existence de cette proposition rejet\u00e9e par les vainqueurs de la guerre 14-18.<br \/>\n<\/span><\/p>\n<p><span style=\"color: #777777; font-family: Arial;\">En 14-18, les japonais \u00e9taient contre les allemands et donc du c\u00f4t\u00e9 des vainqueurs, mais ils \u00e9taient asiatiques au milieu de nations europ\u00e9ennes et de \u00ab&nbsp;blancs&nbsp;\u00bb.<br \/>\n<\/span><\/p>\n<p><a href=\"https:\/\/www.lhistoire.fr\/parution\/mensuel-449\"><span style=\"font-family: Arial;\"><span style=\"color: #0000ff;\">&lt;Le num\u00e9ro sp\u00e9cial de l&rsquo;Histoire de juillet\/ao\u00fbt 2018&gt;<\/span><\/span><\/a><span style=\"color: #777777; font-family: Arial;\"> \u00e9voque cet \u00e9pisode dans un petit encart qui a pour titre&nbsp;: \u00ab&nbsp;<strong>Saionji : le Japonais qui voulait l&rsquo;\u00e9galit\u00e9 des races<\/strong>&nbsp;\u00bb&nbsp;:<br \/>\n<\/span><\/p>\n<p style=\"margin-left: 28pt;\"><img loading=\"lazy\" decoding=\"async\" class=\"alignleft\" src=\"https:\/\/lemotdujour.fr\/wp-content\/uploads\/2018\/11\/112718_1952_Mercredi28n1.jpg\" alt=\"\" width=\"168\" height=\"314\" align=\"left\"><span style=\"color: #c00000; font-family: Arial;\">\u00ab&nbsp;Engag\u00e9 dans le conflit d\u00e8s 1914, le Japon, qui n&rsquo;a jou\u00e9 qu&rsquo;un r\u00f4le secondaire dans la Grande Guerre (il s&rsquo;est content\u00e9 de s&#8217;emparer des possessions allemandes en Chine et dans le Pacifique), si\u00e8ge pourtant aux c\u00f4t\u00e9s des vainqueurs \u00e0 Versailles avec les \u00c9tats-Unis, la Grande-Bretagne, la France et l&rsquo;Italie. La d\u00e9l\u00e9gation japonaise est men\u00e9e par Saionji Kinmochi, un ami personnel de Clemenceau. Malade, Saionji est second\u00e9 par l&rsquo;un de ses proches, le diplomate Makino Nobuaki.<br \/>\n<\/span><\/p>\n<p style=\"margin-left: 28pt;\"><span style=\"color: #c00000; font-family: Arial;\">Issu d&rsquo;une grande famille de l&rsquo;aristocratie japonaise, toute-puissante au XIIIe si\u00e8cle, Saionji Kinmochi est un lib\u00e9ral francophone qui a s\u00e9journ\u00e9 une dizaine d&rsquo;ann\u00e9es en France \u00e0 partir de 1871. Il s&rsquo;est alors li\u00e9 avec les fr\u00e8res Goncourt, Gambetta et Clemenceau, \u00e0 qui il transmet l&rsquo;amour des choses japonaises. De retour au Japon, alors travers\u00e9 par l&rsquo;agitation d\u00e9mocratique, il fonde un journal d&rsquo;opinion, La Libert\u00e9 de l&rsquo;Orient, dont il doit cesser la publication sur ordre imp\u00e9rial. Un jeune aristocrate ne doit pas s&rsquo;encanailler avec des partisans de la libert\u00e9 et des droits du peuple !<br \/>\n<\/span><\/p>\n<p style=\"margin-left: 28pt;\"><span style=\"color: #c00000; font-family: Arial;\">Contraint de se ranger, Saionji fait d\u00e8s lors une carri\u00e8re diplomatique et politique plus classique, acc\u00e9dant \u00e0 plusieurs reprises au poste de Premier ministre \u00e0 partir de 1906. Lib\u00e9ral dans l&rsquo;\u00e2me, avec Makino, son second, il pousse \u00e0 Versailles les Alli\u00e9s \u00e0 adopter une r\u00e9solution de principe pour le pacte de la SDN en faveur de l&rsquo;\u00e9galit\u00e9 des races et des nationalit\u00e9s. C&rsquo;est, en ce temps-l\u00e0, une mesure quasiment r\u00e9volutionnaire. Souvent victimes de la condescendance raciste des Occidentaux, les Japonais tiennent \u00e0 cette clause. Le texte vise aussi \u00e0 contrer les mesures adopt\u00e9es en Californie et en Australie contre l&rsquo;immigration asiatique en g\u00e9n\u00e9ral, et japonaise en particulier (en 1913, une loi californienne interdit ainsi aux Japonais d&rsquo;acheter de la terre).<br \/>\n<\/span><\/p>\n<p style=\"margin-left: 28pt;\"><span style=\"color: #c00000; font-family: Arial;\">Le texte est critiqu\u00e9, notamment par les Britanniques, mais adopt\u00e9 par 11 voix sur 17. Le pr\u00e9sident Wilson, qui avait vot\u00e9 pour, proclame n\u00e9anmoins, sous la pression, que l&rsquo;unanimit\u00e9 \u00e9tant n\u00e9cessaire pour l&rsquo;adoption de ce principe, ce dernier est donc rejet\u00e9. Stupeur dans l&rsquo;opinion japonaise qui vit tr\u00e8s mal cette rebuffade occidentale. Du coup, pour \u00e9viter que le Japon ne torpille la future SDN, Wilson c\u00e8de aux revendications japonaises sur le Shandong, s&rsquo;ali\u00e9nant l&rsquo;appui du gouvernement chinois et sa propre opinion publique, inqui\u00e8te devant la mont\u00e9e en puissance du Japon en Extr\u00eame-Orient.&nbsp;\u00bb<br \/>\n<\/span><\/p>\n<p><span style=\"color: #777777; font-family: Arial;\">Un assez long article sur cette proposition japonaise et les d\u00e9bats qui ont suivi se trouve dans Wikipedia&nbsp;: \u00ab<span style=\"color: #0000ff;\">&nbsp;<a style=\"color: #0000ff;\" href=\"https:\/\/fr.wikipedia.org\/wiki\/Principe_de_l%27%C3%A9galit%C3%A9_des_races\">Principe de l&rsquo;\u00e9galit\u00e9 des races&nbsp;<\/a><\/span>\u00bb.<br \/>\n<\/span><\/p>\n<p><span style=\"color: #777777; font-family: Arial;\">Et comme je veux faire court, pour une fois dans cette s\u00e9rie de mots consacr\u00e9s \u00e0 14-18, je vous laisse lire cet article si le sujet vous int\u00e9resse.<br \/>\n<\/span><\/p>\n<p><span style=\"color: #777777; font-family: Arial;\">Il faudra attendre 1948, 30 ans plus tard et une barbarie europ\u00e9enne encore plus extr\u00eame pour que le principe de l&rsquo;\u00e9galit\u00e9 de \u00ab tous les \u00eatres humains \u00bb soit inscrit dans la D\u00e9claration universelle des droits de l&rsquo;homme.<br \/>\n<\/span><\/p>\n<p><span style=\"color: maroon; font-family: Arial;\">&lt;1156&gt;<\/span><\/p>\n","protected":false},"excerpt":{"rendered":"<p>\u00ab&nbsp;Et la proposition japonaise d\u2019inscrire dans la charte de la SDN l\u2019\u00e9galit\u00e9 des races et des nationalit\u00e9s fut repouss\u00e9e&nbsp;!&nbsp;\u00bb Une autre p\u00e9rip\u00e9tie oubli\u00e9e de l\u2019apr\u00e8s-guerre 14-18 C&rsquo;est dans l&rsquo;une des \u00e9missions de France Inter d\u00e9j\u00e0 cit\u00e9es &lt;1918, un monde en<\/p>\n","protected":false},"author":1,"featured_media":0,"comment_status":"open","ping_status":"closed","sticky":false,"template":"","format":"standard","meta":{"footnotes":""},"categories":[1],"tags":[118,113,128],"class_list":["post-5821","post","type-post","status-publish","format-standard","hentry","category-motdujour","tag-14-18","tag-droits-de-lhomme","tag-japon"],"_links":{"self":[{"href":"https:\/\/lemotdujour.fr\/index.php?rest_route=\/wp\/v2\/posts\/5821","targetHints":{"allow":["GET"]}}],"collection":[{"href":"https:\/\/lemotdujour.fr\/index.php?rest_route=\/wp\/v2\/posts"}],"about":[{"href":"https:\/\/lemotdujour.fr\/index.php?rest_route=\/wp\/v2\/types\/post"}],"author":[{"embeddable":true,"href":"https:\/\/lemotdujour.fr\/index.php?rest_route=\/wp\/v2\/users\/1"}],"replies":[{"embeddable":true,"href":"https:\/\/lemotdujour.fr\/index.php?rest_route=%2Fwp%2Fv2%2Fcomments&post=5821"}],"version-history":[{"count":4,"href":"https:\/\/lemotdujour.fr\/index.php?rest_route=\/wp\/v2\/posts\/5821\/revisions"}],"predecessor-version":[{"id":12112,"href":"https:\/\/lemotdujour.fr\/index.php?rest_route=\/wp\/v2\/posts\/5821\/revisions\/12112"}],"wp:attachment":[{"href":"https:\/\/lemotdujour.fr\/index.php?rest_route=%2Fwp%2Fv2%2Fmedia&parent=5821"}],"wp:term":[{"taxonomy":"category","embeddable":true,"href":"https:\/\/lemotdujour.fr\/index.php?rest_route=%2Fwp%2Fv2%2Fcategories&post=5821"},{"taxonomy":"post_tag","embeddable":true,"href":"https:\/\/lemotdujour.fr\/index.php?rest_route=%2Fwp%2Fv2%2Ftags&post=5821"}],"curies":[{"name":"wp","href":"https:\/\/api.w.org\/{rel}","templated":true}]}}