{"id":5812,"date":"2018-11-27T02:40:39","date_gmt":"2018-11-27T01:40:39","guid":{"rendered":"http:\/\/lemotdujour.fr\/?p=5812"},"modified":"2021-09-26T13:42:16","modified_gmt":"2021-09-26T11:42:16","slug":"mardi-27-novembre-2018","status":"publish","type":"post","link":"https:\/\/lemotdujour.fr\/?p=5812","title":{"rendered":"Mardi 27 novembre 2018"},"content":{"rendered":"<div class=\"mdjTexte\">\t\u00ab&nbsp;Les espoirs d\u00e9\u00e7us des pays colonis\u00e9s apr\u00e8s 1918&nbsp;\u00bb<\/div>\n<div class=\"mdjAuteur\">\tComment les peuples colonis\u00e9s furent galvanis\u00e9s par le wilsonisme et puis d\u00e9\u00e7us<\/div>\n<p><span style=\"color: #777777; font-family: Arial;\">Lorsque la premi\u00e8re guerre mondiale \u00e9clate elle met aux prises des empires. Il y a les empires continentaux comme l&rsquo;Autriche-Hongrie ou l&rsquo;Empire Ottoman, mais il y a aussi les empires coloniaux Britanniques et Fran\u00e7ais. L&rsquo;Empire allemand poss\u00e9dait aussi ses colonies. L&rsquo;Allemagne s&rsquo;\u00e9tait \u00e9tabli dans le Sud-Ouest africain (actuelle Namibie), mais aussi au Cameroun et au Togo et aussi en Afrique orientale allemande dans une partie de la Tanzanie actuelle et aussi du Rwanda. Toutes ces conqu\u00eates ont eu lieu entre 1883 et 1885 en quelques mois, l&rsquo;Allemagne se retrouva ainsi \u00e0 la t\u00eate d&rsquo;un empire colonial cinq fois plus grand que son territoire m\u00e9tropolitain, mais tr\u00e8s peu peupl\u00e9.<br \/>\n<\/span><\/p>\n<p><span style=\"color: #777777; font-family: Arial;\">Globalement, quand on regarde une carte des possessions europ\u00e9ennes en 1914, on voit ceci&nbsp;:<br \/>\n<\/span><\/p>\n<p><img loading=\"lazy\" decoding=\"async\" class=\"alignnone size-full wp-image-5817\" src=\"https:\/\/lemotdujour.fr\/wp-content\/uploads\/2018\/11\/Les-colonies-en-1914.jpg\" alt=\"\" width=\"800\" height=\"599\" srcset=\"https:\/\/lemotdujour.fr\/wp-content\/uploads\/2018\/11\/Les-colonies-en-1914.jpg 800w, https:\/\/lemotdujour.fr\/wp-content\/uploads\/2018\/11\/Les-colonies-en-1914-300x225.jpg 300w, https:\/\/lemotdujour.fr\/wp-content\/uploads\/2018\/11\/Les-colonies-en-1914-768x575.jpg 768w\" sizes=\"auto, (max-width: 800px) 100vw, 800px\" \/><span style=\"color: #777777; font-family: Arial;\"><br \/>\n<\/span><\/p>\n<p><span style=\"color: #777777; font-family: Arial;\">A la fin de la guerre, ces colonies aspiraient \u00e0 devenir pour beaucoup ind\u00e9pendantes ou au moins autonomes.<br \/>\n<\/span><\/p>\n<p><span style=\"color: #777777; font-family: Arial;\">Ces aspirations avaient deux fondements&nbsp;:<br \/>\n<\/span><\/p>\n<ul>\n<li><span style=\"color: #777777; font-family: Arial;\">Recueillir les fruits de leur participation \u00e0 l&rsquo;effort de guerre de la puissance coloniale&nbsp;;<br \/>\n<\/span><\/li>\n<li><span style=\"color: #777777; font-family: Arial;\">R\u00e9pondre au Wilsonisme et \u00e0 l&rsquo;espoir qu&rsquo;il avait suscit\u00e9.<br \/>\n<\/span><\/li>\n<\/ul>\n<p><span style=\"color: #777777; font-family: Arial;\">En effet, les peuples colonis\u00e9s ont particip\u00e9 \u00e0 l&rsquo;effort de guerre.<br \/>\n<\/span><\/p>\n<p><a href=\"https:\/\/abonnes.lemonde.fr\/centenaire-14-18-decryptages\/article\/2014\/07\/08\/le-discours-colonial-s-est-abime-dans-la-boue-des-tranchees_4452276_4366930.html?xtmc=woodrow_wilson&amp;xtcr=40\"><span style=\"font-family: Arial;\"><span style=\"color: #0000ff;\">L&rsquo;historien Jean-Fran\u00e7ois Klein<\/span><\/span><\/a><span style=\"color: #777777; font-family: Arial;\"> explique :<br \/>\n<\/span><\/p>\n<p style=\"margin-left: 28pt;\"><span style=\"color: #c00000; font-family: Arial;\">\u00ab&nbsp;. Les Fran\u00e7ais ont mobilis\u00e9 \u00e0 peu pr\u00e8s 650 000 hommes dans leurs colonies (y compris les coloniaux \u2013 civils, militaires et missionnaires), ce qui est peu au regard des 7 800 000 m\u00e9tropolitains mobilis\u00e9s. Les troupes coloniales repr\u00e9sentent ainsi \u00e0 peu pr\u00e8s 8 % des combattants. [\u2026]<br \/>\n<\/span><\/p>\n<p style=\"margin-left: 28pt;\"><span style=\"color: #c00000; font-family: Arial;\">Du c\u00f4t\u00e9 des Britanniques, aux 5 700 000 m\u00e9tropolitains (dont 500 000 Ecossais et 200 000 Irlandais) engag\u00e9s et mobilis\u00e9s s&rsquo;ajoutent 1 315 000 hommes venus des quatre dominions (Canada, Australie, Nouvelle-Z\u00e9lande, Afrique du Sud), 1 400 000 Indiens et 57 000 Africains, sans compter le reste, au total pr\u00e8s de 3 millions d&rsquo;hommes issus de l&#8217;empire. Seulement 12 % des troupes indiennes sont stationn\u00e9es en Europe, en particulier vers Dunkerque et Ypres, le reste \u00e9tant employ\u00e9 en Afrique et au Moyen-Orient. En revanche, les troupes blanches des dominions sont surtout d\u00e9ploy\u00e9es en Europe occidentale.&nbsp;\u00bb<br \/>\n<\/span><\/p>\n<p><span style=\"color: #777777; font-family: Arial;\">Apr\u00e8s tous ces combats et ces morts, les peuples colonis\u00e9s attendent un juste retour des puissances imp\u00e9riales.<br \/>\n<\/span><\/p>\n<p><a href=\"https:\/\/www.lhistoire.fr\/la-sdn%C2%A0-un-immense-d%C3%A9sir-de-paix\"><span style=\"font-family: Arial;\"><span style=\"color: #0000ff;\">&lt;Car comme le pr\u00e9cise un article du Monde&gt;<\/span><\/span><\/a><span style=\"color: #777777; font-family: Arial;\"><span style=\"color: #0000ff;\">&nbsp;<\/span>:<br \/>\n<\/span><\/p>\n<p style=\"margin-left: 28pt;\"><span style=\"color: #c00000; font-family: Arial;\">\u00ab&nbsp;L&rsquo;arm\u00e9e et la guerre forment des combattants et des cadres. Les colonis\u00e9s de retour du front n&rsquo;ont pas per\u00e7u l&rsquo;exp\u00e9rience combattante comme une humiliation raciale. Pas plus qu&rsquo;ils n&rsquo;ont servi de chair \u00e0 canon ! Le nombre de morts n&rsquo;est pas plus \u00e9lev\u00e9 chez les \u00ab colored \u00bb que chez les Blancs. Au contraire, ils ont souvent eu au sein de l&rsquo;arm\u00e9e et en Europe une libert\u00e9 qu&rsquo;ils n&rsquo;avaient pas dans les colonies, en d\u00e9pit de tentatives pour limiter les contacts avec les autochtones, surtout avec les femmes blanches.<br \/>\n<\/span><\/p>\n<p style=\"margin-left: 28pt;\"><span style=\"color: #c00000; font-family: Arial;\">Mais aucune barri\u00e8re socio-raciale n&rsquo;est jamais \u00e9tanche. En d\u00e9pit des vexations, nombre de ces anciens combattants ont connu la fraternit\u00e9 des armes, le respect de leurs chefs, durement gagn\u00e9. Les probl\u00e8mes se posent surtout lors du retour dans les colonies, lorsque l&rsquo;ancien combattant re\u00e7oit de plein fouet la morgue coloniale. [\u2026]. Ces hommes ont donn\u00e9 leur vie en se battant aux c\u00f4t\u00e9s des Blancs. L\u00e0 commence la remise en question du \u00ab lien colonial \u00bb.&nbsp;\u00bb<br \/>\n<\/span><\/p>\n<p><span style=\"color: #777777; font-family: Arial;\">D&rsquo;autres \u00ab&nbsp;colonis\u00e9s&nbsp;\u00bb font un autre choix celui d&rsquo;entrer dans l&rsquo;administration coloniale des dominants&nbsp;:<br \/>\n<\/span><\/p>\n<p style=\"margin-left: 28pt;\"><span style=\"color: #c00000; font-family: Arial;\">\u00ab&nbsp;Certains, aur\u00e9ol\u00e9s de leur gloire combattante, participent en tant que cadres subalternes \u00e0 l&rsquo;administration coloniale et forgent leurs propres strat\u00e9gies d&rsquo;ascension sociale. Sont-ils des tra\u00eetres ? Certains ind\u00e9pendantistes le pensent. Le cas des quelques centaines de Cambodgiens mobilis\u00e9s est int\u00e9ressant. Apr\u00e8s la guerre, un monument aux morts a \u00e9t\u00e9 \u00e9rig\u00e9 en hommage aux victimes. Lors de la prise de Phnom Penh le 17 avril 1975 par les Khmers rouges, seulement deux b\u00e2timents tr\u00e8s symboliques sont dynamit\u00e9s : la cath\u00e9drale et le monument aux morts de la guerre de 1914-1918, car ce dernier c\u00e9l\u00e9brait la fraternit\u00e9 entre Fran\u00e7ais et Cambodgiens.&nbsp;\u00bb<br \/>\n<\/span><\/p>\n<p><span style=\"color: #777777; font-family: Arial;\">Mais le ressort fondamental de ce d\u00e9sir d&rsquo;acc\u00e9der \u00e0 l&rsquo;ind\u00e9pendance trouve ses racines dans l&rsquo;appel de la libert\u00e9 et trouve comme support le message du Pr\u00e9sident am\u00e9ricain Woodrow Wilson qui \u00e0 travers ses \u00ab quatorze points \u00bb d\u00e9velopp\u00e9s lors de son discours du 8 janvier 1918, devant le Congr\u00e8s am\u00e9ricain \u00e9voque une \u00ab association g\u00e9n\u00e9rale des nations \u00bb, cl\u00e9 de vo\u00fbte d&rsquo;un nouvel ordre international reposant sur une diplomatie ouverte et \u00ab&nbsp;<strong>le droit des peuples \u00e0 disposer d&rsquo;eux-m\u00eames.&nbsp;\u00bb<br \/>\n<\/strong><\/span><\/p>\n<p><span style=\"color: #777777; font-family: Arial;\">Julie Clarini dans un article paru dans le Monde le 2 novembre 2018&nbsp;: <span style=\"color: #0000ff;\"><a style=\"color: #0000ff;\" href=\"https:\/\/www.lemonde.fr\/idees\/article\/2018\/11\/02\/a-paris-en-1919-les-militants-anticolonialistes-s-invitent-a-la-conference-de-paix_5377957_3232.html?xtmc=woodrow_wilson&amp;xtcr=3\">&lt;Les militants anticolonialistes s&rsquo;invitent \u00e0 la conf\u00e9rence de paix \u00e0 Paris&gt;<\/a><\/span> explique le climat intellectuel&nbsp;:<br \/>\n<\/span><\/p>\n<p style=\"margin-left: 28pt;\"><span style=\"color: #c00000; font-family: Arial;\">\u00ab&nbsp;Con\u00e7u pour remettre en ordre une Europe morcel\u00e9e apr\u00e8s l&rsquo;\u00e9clatement des empires, le droit \u00e0 l&rsquo;autod\u00e9termination des peuples, contenu dans le programme de paix propos\u00e9 par Woodrow Wilson en janvier 1918, soul\u00e8ve d&rsquo;immenses espoirs en Asie et en Afrique. Chez beaucoup \u00add&rsquo;intellectuels issus des colonies et de chefs de mouvements \u00adanti-imp\u00e9rialistes, le discours du pr\u00e9sident am\u00e9ricain \u00e9lectrise les aspirations \u00e0 se d\u00e9barrasser de la tutelle coloniale.<br \/>\n<\/span><\/p>\n<p style=\"margin-left: 28pt;\"><span style=\"color: #c00000; font-family: Arial;\">On r\u00eave alors d&rsquo;un ordre mondial post-imp\u00e9rial, avant que la restriction du principe wilsonien \u00e0 la seule Europe n&rsquo;y mette fin. Et m\u00eame apr\u00e8s cette premi\u00e8re d\u00e9convenue, on continue de croire que les Etats-Unis vont aider \u00e0 l&rsquo;av\u00e8nement d&rsquo;une nouvelle \u00e8re de relations internationales qui sera marqu\u00e9e par le droit des peuples \u00e0 disposer d&rsquo;eux-m\u00eames. Une prolif\u00e9ration de p\u00e9titions et de requ\u00eates empruntant la rh\u00e9torique du pr\u00e9sident Wilson atteste de cet espoir.<br \/>\n<\/span><\/p>\n<p style=\"margin-left: 28pt;\"><span style=\"color: #c00000; font-family: Arial;\">[\u2026] Les nombreux d\u00e9l\u00e9gu\u00e9s qui se rencontrent \u00e0 Paris partagent en effet cette m\u00eame sensibilit\u00e9 \u00e0 la dignit\u00e9 et \u00e0 l&rsquo;autonomie. Leurs arguments portent d&rsquo;autant plus que l&rsquo;Europe s&rsquo;est d\u00e9cr\u00e9dibilis\u00e9e : apr\u00e8s leurs dix millions de morts et un d\u00e9cha\u00eenement de brutalit\u00e9, les pays occidentaux peinent \u00e0 convaincre encore de leur sup\u00e9riorit\u00e9 en termes de \u00ab civilisation \u00bb.<br \/>\n<\/span><\/p>\n<p style=\"margin-left: 28pt;\"><span style=\"color: #c00000; font-family: Arial;\">Signe de l&rsquo;importance qu&rsquo;ils accordent aux d\u00e9bats parisiens, les mouvements, les cercles, les r\u00e9seaux anticolonialistes cherchent partout et \u00e0 tout prix \u00e0 envoyer des \u00e9missaires \u00e0 Paris, m\u00eame si tr\u00e8s peu sont en effet admis \u00e0 la table des n\u00e9gociations [\u2026]<br \/>\n<\/span><\/p>\n<p style=\"margin-left: 28pt;\"><span style=\"color: #c00000; font-family: Arial;\">Les miracles attendus \u00e0 Paris n&rsquo;ont pas eu lieu. Tout au contraire, les empires fran\u00e7ais et britannique s&rsquo;agrandissent au terme de la conf\u00e9rence. Une profonde amertume saisit les militants \u00adanti-imp\u00e9rialistes.&nbsp;\u00bb<br \/>\n<\/span><\/p>\n<p><span style=\"color: #777777; font-family: Arial;\">Des figures \u00e9mergent d\u00e8s 1919, l&rsquo;article de la Revue \u00ab&nbsp;L&rsquo;Histoire&nbsp;\u00bb&nbsp;: \u00ab&nbsp;<a href=\"https:\/\/www.lhistoire.fr\/tumulte-dans-les-colonies\"><span style=\"color: #0000ff;\">Tumulte dans les colonies<\/span>&nbsp;<\/a>\u00bb raconte&nbsp;:<br \/>\n<\/span><\/p>\n<p style=\"margin-left: 28pt;\"><span style=\"color: #c00000; font-family: Arial;\">\u00ab&nbsp;En juin 1919, un jeune Indochinois qui travaille dans un restaurant \u00e0 Paris essaie de pr\u00e9senter \u00ab Les demandes du peuple d&rsquo;Annam \u00bb au pr\u00e9sident Woodrow Wilson alors que ce dernier participe \u00e0 la conf\u00e9rence de la paix. Il n&rsquo;y parvient pas. Mais l&rsquo;homme que le monde conna\u00eetra sous le nom de Ho Chi Minh est loin d&rsquo;\u00eatre le seul en 1919 qui demande que les principes wilsoniens soient appliqu\u00e9s aux colonies. Ces principes, surtout le droit national \u00e0 l&rsquo;autod\u00e9termination, avaient \u00e9t\u00e9 con\u00e7us pour r\u00e9ordonner une Europe ravag\u00e9e par quatre ans de guerre et dont les vieux empires multiethniques (russe, austro-hongrois et ottoman) avaient disparu. Pour bien des nationalistes coloniaux, ils sonnent comme un clairon anti-imp\u00e9rialiste.&nbsp;\u00bb<br \/>\n<\/span><\/p>\n<p><span style=\"color: #777777; font-family: Arial;\">Seulement, le monde colonial n&rsquo;est pas au centre des pr\u00e9occupations des puissances rassembl\u00e9es \u00e0 Paris en 1919. \u00ab&nbsp;Le droit des peuples \u00e0 disposer d&rsquo;eux-m\u00eames&nbsp;\u00bb, est un principe qui m\u00e9rite de s&rsquo;appliquer aux \u00ab&nbsp;peuples europ\u00e9ens&nbsp;\u00bb. Nous avons d\u00e9j\u00e0 vu que ce principe n&rsquo;avait pas vocation \u00e0 s&rsquo;appliquer aux nations du moyen orient issues du d\u00e9mant\u00e8lement de l&rsquo;Empire Ottoman et encore moins aux peuples de l&rsquo;Inde et aux peuples africains.<br \/>\n<\/span><\/p>\n<p><span style=\"color: #777777; font-family: Arial;\">Les pays vainqueurs sont plut\u00f4t pr\u00e9occuper de s&rsquo;attribuer les colonies de l&rsquo;Allemagne sous l&rsquo;\u00e9gide de la Soci\u00e9t\u00e9 des nations et selon le nouveau statut du \u00ab mandat \u00bb. Et bien s\u00fbr les provinces arabes de l&rsquo;Empire ottoman &#8211; Syrie, Palestine et M\u00e9sopotamie, mais cela le mot du jour du 19 novembre \u00ab<a href=\"https:\/\/lemotdujour.fr\/?p=5739\"><span style=\"color: #0000ff;\">La commission King Crane<\/span><\/a>\u00bb l&rsquo;a d\u00e9j\u00e0 \u00e9voqu\u00e9 [\u2026]<br \/>\n<\/span><\/p>\n<p><span style=\"color: #777777; font-family: Arial;\">Pourtant des mouvements voient le jour un peu partout. En Egypte&nbsp;:<br \/>\n<\/span><\/p>\n<p style=\"margin-left: 28pt;\"><span style=\"color: #c00000; font-family: Arial;\">\u00ab&nbsp; Le dirigeant nationaliste Saad Zaghloul cherche \u00e0 plaider la cause d&rsquo;une \u00c9gypte ind\u00e9pendante de la tutelle britannique (\u00e9tablie en 1882) au nom des principes wilsoniens. Son arrestation et sa d\u00e9portation \u00e0 Malte en mars 1919 d\u00e9clenchent une vague de protestations qui, selon les autorit\u00e9s britanniques, recueillent \u00ab la sympathie des gens de toutes classes et de toutes croyances \u00bb et qui, dans l&rsquo;historiographie arabe, deviendra \u00ab la r\u00e9volution \u00e9gyptienne. \u00bb Plus de 800 \u00c9gyptiens et 60 Britanniques y perdront la vie avant que l&rsquo;arm\u00e9e britannique ne restaure l&rsquo;ordre \u00e0 l&rsquo;automne de la m\u00eame ann\u00e9e.&nbsp;\u00bb<br \/>\n<\/span><\/p>\n<p><span style=\"color: #777777; font-family: Arial;\">Et bien s\u00fbr l&rsquo;Inde de Gandhi qui est rentr\u00e9 dans son pays de naissance en 1914 et qui va devenir un fervent Wilsoniste&nbsp;:<br \/>\n<\/span><\/p>\n<p style=\"margin-left: 28pt;\"><span style=\"color: #c00000; font-family: Arial;\">\u00ab&nbsp;En Inde, o\u00f9 les \u00e9lites indig\u00e8nes avaient au d\u00e9but de la guerre d\u00e9clar\u00e9 leur \u00ab loyaut\u00e9 \u00bb au Raj (l&rsquo;Empire britannique des Indes) et o\u00f9 plus de 1 million de soldats s&rsquo;\u00e9taient port\u00e9s volontaires (dont la majorit\u00e9 se bat et travaille pour l&rsquo;effort britannique au Moyen-Orient) [\u2026]. En d\u00e9cembre 1918, la formation la plus influente, le Congr\u00e8s national indien, \u00e9voque le pr\u00e9sident am\u00e9ricain ainsi que le Premier ministre lib\u00e9ral britannique Lloyd George pour r\u00e9clamer un r\u00e9gime d\u00e9mocratique et autonome.<br \/>\n<\/span><\/p>\n<p style=\"margin-left: 28pt;\"><span style=\"color: #c00000; font-family: Arial;\">[\u2026] en avril 1919, dans la ville d&rsquo;Amritsar (au Pendjab), le g\u00e9n\u00e9ral Dyer commande \u00e0 ses troupes (indig\u00e8nes) d&rsquo;ouvrir le feu sur une manifestation contre la d\u00e9portation de deux dirigeants nationalistes ; au moins 400 civils non arm\u00e9s sont tu\u00e9s.<br \/>\n<\/span><\/p>\n<p style=\"margin-left: 28pt;\"><span style=\"color: #c00000; font-family: Arial;\">Il est vrai qu&rsquo;en Inde comme en \u00c9gypte les Britanniques adoptent, par la suite, une attitude plus conciliante : en 1922, l&rsquo;\u00c9gypte devient \u00ab ind\u00e9pendante \u00bb tout en restant sous la tutelle britannique ; dans le Raj, certains droits politiques sont octroy\u00e9s aux Indiens. Mais, dans un cas comme dans l&rsquo;autre, cet adoucissement relatif ne peut faire oublier la r\u00e9pression : l&rsquo;intransigeance des nationalistes anticoloniaux en sort renforc\u00e9e. C&rsquo;est \u00e0 partir de ce moment que Mohandas Gandhi prend la direction du Congr\u00e8s national en opposant une r\u00e9sistance non violente aux Britanniques ; Woodrow Wilson fait d\u00e9sormais partie de ses r\u00e9f\u00e9rences.&nbsp;\u00bb<br \/>\n<\/span><\/p>\n<p><span style=\"color: #777777; font-family: Arial;\">La Chine m\u00e8ne aussi un combat singulier&nbsp;:<br \/>\n<\/span><\/p>\n<p style=\"margin-left: 28pt;\"><span style=\"color: #c00000; font-family: Arial;\">\u00ab&nbsp;Le d\u00e9fi \u00e9tait tout autre pour une Chine qui en th\u00e9orie \u00e9tait souveraine malgr\u00e9 les \u00ab concessions \u00bb territoriales accord\u00e9es aux puissances \u00e9trang\u00e8res au cours du XIXe si\u00e8cle. En 1915, le Japon impose un trait\u00e9 \u00e0 la Chine qui devait lui permettre de soumettre enti\u00e8rement son grand voisin. D&rsquo;o\u00f9 l&rsquo;entr\u00e9e en guerre de la Chine aux c\u00f4t\u00e9s des Alli\u00e9s en 1917, car elle comptait sur une place \u00e0 la conf\u00e9rence de la paix pour r\u00e9affirmer sa souverainet\u00e9 surtout aux d\u00e9pens du Japon &#8211; espoir confort\u00e9 par les principes wilsoniens. Or la Chine ne se voit octroyer que le statut de \u00ab puissance mineure \u00bb \u00e0 la conf\u00e9rence de la paix \u00e0 Paris (avec seulement deux repr\u00e9sentants contre cinq pour le Japon). [\u2026] C&rsquo;est alors que le 4 mai \u00e9clate \u00e0 P\u00e9kin un vaste mouvement nationaliste. [\u2026]. Le mouvement du 4 mai restera un \u00e9pisode cl\u00e9 dans la r\u00e9sistance chinoise \u00e0 l&rsquo;ing\u00e9rence \u00e9trang\u00e8re. C&rsquo;est \u00e0 partir de ce moment que de nombreux Chinois s&rsquo;approprient des id\u00e9es occidentales, provoquant un d\u00e9bat culturel entre tradition et modernit\u00e9 dont sortira (entre autres choses) le communisme chinois.&nbsp;\u00bb<br \/>\n<\/span><\/p>\n<p><span style=\"color: #777777; font-family: Arial;\">Les Etats-Unis poss\u00e8dent aussi des colonies&nbsp;: les Philippines et \u00ab le droit des peuples \u00e0 disposer d&rsquo;eux-m\u00eames \u00bb se retourne aussi contre eux quand Manuel L. Quezon (1878-1944), d\u00e9put\u00e9 \u00e9lu de l&rsquo;Assembl\u00e9e des Philippines en 1907 et repr\u00e9sentant d\u00e9mocrate des Philippines au Congr\u00e8s des Etats-Unis depuis 1909, rappelle \u00e0 M. Wilson que \u00ab les Philippins aussi veulent l&rsquo;ind\u00e9pendance\u00bb.<br \/>\n<\/span><\/p>\n<p><span style=\"color: #777777; font-family: Arial;\">Et les pays colonis\u00e9s vont aussi \u00e0 la sortie de la guerre disposer d&rsquo;un alli\u00e9 militaire et d&rsquo;un appui spirituel prudent. Ainsi en 1919, le Komintern clame depuis Moscou que toutes les nations colonis\u00e9es sont des nations prol\u00e9taris\u00e9es qu&rsquo;il faut lib\u00e9rer, tandis que le Saint-Si\u00e8ge amorce la marche vers les d\u00e9colonisations en demandant aux cadres missionnaires de ne plus se m\u00ealer aux affaires coloniales: il faut que l&rsquo;Eglise puisse rester apr\u00e8s la dissolution des empires&#8230;<br \/>\n<\/span><\/p>\n<p><span style=\"color: #777777; font-family: Arial;\">La sortie de la premi\u00e8re guerre mondiale ne suffira pas pour donner la libert\u00e9 aux peuples colonis\u00e9s, il faudra attendre la seconde guerre mondiale o\u00f9 l&rsquo;Europe s&rsquo;abimera une nouvelle fois et perdra toute cr\u00e9dibilit\u00e9 pour donner des le\u00e7ons de civilisation aux autres peuples&nbsp;: Le moment des ind\u00e9pendances \u00e9tait arriv\u00e9.<br \/>\n<\/span><\/p>\n<p><span style=\"color: maroon; font-family: Arial;\">&lt;1155&gt;<\/span><\/p>\n","protected":false},"excerpt":{"rendered":"<p>\u00ab&nbsp;Les espoirs d\u00e9\u00e7us des pays colonis\u00e9s apr\u00e8s 1918&nbsp;\u00bb Comment les peuples colonis\u00e9s furent galvanis\u00e9s par le wilsonisme et puis d\u00e9\u00e7us Lorsque la premi\u00e8re guerre mondiale \u00e9clate elle met aux prises des empires. Il y a les empires continentaux comme l&rsquo;Autriche-Hongrie<\/p>\n","protected":false},"author":1,"featured_media":0,"comment_status":"open","ping_status":"closed","sticky":false,"template":"","format":"standard","meta":{"footnotes":""},"categories":[1],"tags":[118,18,127],"class_list":["post-5812","post","type-post","status-publish","format-standard","hentry","category-motdujour","tag-14-18","tag-international","tag-nord-sud"],"_links":{"self":[{"href":"https:\/\/lemotdujour.fr\/index.php?rest_route=\/wp\/v2\/posts\/5812","targetHints":{"allow":["GET"]}}],"collection":[{"href":"https:\/\/lemotdujour.fr\/index.php?rest_route=\/wp\/v2\/posts"}],"about":[{"href":"https:\/\/lemotdujour.fr\/index.php?rest_route=\/wp\/v2\/types\/post"}],"author":[{"embeddable":true,"href":"https:\/\/lemotdujour.fr\/index.php?rest_route=\/wp\/v2\/users\/1"}],"replies":[{"embeddable":true,"href":"https:\/\/lemotdujour.fr\/index.php?rest_route=%2Fwp%2Fv2%2Fcomments&post=5812"}],"version-history":[{"count":6,"href":"https:\/\/lemotdujour.fr\/index.php?rest_route=\/wp\/v2\/posts\/5812\/revisions"}],"predecessor-version":[{"id":12113,"href":"https:\/\/lemotdujour.fr\/index.php?rest_route=\/wp\/v2\/posts\/5812\/revisions\/12113"}],"wp:attachment":[{"href":"https:\/\/lemotdujour.fr\/index.php?rest_route=%2Fwp%2Fv2%2Fmedia&parent=5812"}],"wp:term":[{"taxonomy":"category","embeddable":true,"href":"https:\/\/lemotdujour.fr\/index.php?rest_route=%2Fwp%2Fv2%2Fcategories&post=5812"},{"taxonomy":"post_tag","embeddable":true,"href":"https:\/\/lemotdujour.fr\/index.php?rest_route=%2Fwp%2Fv2%2Ftags&post=5812"}],"curies":[{"name":"wp","href":"https:\/\/api.w.org\/{rel}","templated":true}]}}