{"id":5793,"date":"2018-11-23T02:06:11","date_gmt":"2018-11-23T01:06:11","guid":{"rendered":"http:\/\/lemotdujour.fr\/?p=5793"},"modified":"2021-09-26T13:45:47","modified_gmt":"2021-09-26T11:45:47","slug":"vendredi-23-novembre-2018","status":"publish","type":"post","link":"https:\/\/lemotdujour.fr\/?p=5793","title":{"rendered":"Vendredi 23 novembre 2018"},"content":{"rendered":"<div class=\"mdjTexte\">\t\u00ab&nbsp;Le tueur que l\u2019on n\u2019attendait pas&nbsp;\u00bb<\/div>\n<div class=\"mdjAuteur\">\tClaude Qu\u00e9tel, Revue l\u2019Histoire, Juillet\/Ao\u00fbt 2018<\/div>\n<p><span style=\"color: #777777; font-family: Arial;\">Ce fut une pand\u00e9mie \u00e9pouvantable.<\/span><br \/>\n<span style=\"color: #777777; font-family: Arial;\">Entre 25 et 40 millions de personnes sont mortes d&rsquo;avril 1918 au printemps 1919, davantage de victimes que celles caus\u00e9es par la Grande Guerre. Ces chiffres sont tr\u00e8s contest\u00e9es aujourd&rsquo;hui qui situe plut\u00f4t la fourchette, au niveau mondial, entre 50 et 100 millions de victimes.<br \/>\n<\/span><\/p>\n<p><span style=\"color: #777777; font-family: Arial;\">On l&rsquo;a appel\u00e9 <strong>la grippe espagnole<\/strong>.<br \/>\n<\/span><\/p>\n<p><a href=\"https:\/\/www.laboratoires-maymat.fr\/contenu\/fckn\/GRIPPE%20ESPAGNOLE_310.pdf\"><span style=\"font-family: Arial;\"><span style=\"color: #0000ff;\">&lt;Cette \u00e9tude&gt;<\/span><\/span><\/a><span style=\"color: #777777; font-family: Arial;\"> qui est \u00e0 la fois biologique et historique, explique que cette grippe n&rsquo;a rien d&rsquo;espagnole. Cette d\u00e9signation vient de la neutralit\u00e9 de l&rsquo;Espagne o\u00f9 les journaux sans censure relataient abondamment les soubresauts de la pand\u00e9mie, au milieu du silence contraint des bellig\u00e9rants. Les journaux fran\u00e7ais parlaient donc de la grippe espagnole qui faisait des ravages en Espagne. Les faits historiques semblent localiser les premiers cas graves dans le Kansas. Car si aujourd&rsquo;hui on pense que l&rsquo;origine de la maladie se situerait en Chine, c&rsquo;est aux Etats-Unis qu&rsquo;a eu lieu la mutation du virus H1N1 qui l&rsquo;a rendu si virulent et dangereux. <a href=\"https:\/\/www.legeneraliste.fr\/actualites\/article\/2015\/01\/02\/la-grippe-espagnole-plus-meurtriere-que-la-guerre-de-14-18_258311\"><span style=\"color: #0000ff;\">&lt;Ce site&gt;<\/span><\/a> donne des pr\u00e9cisions sur ce point.<br \/>\n<\/span><\/p>\n<p><span style=\"color: #777777; font-family: Arial;\">C&rsquo;est encore un <a href=\"https:\/\/www.lhistoire.fr\/grippe-espagnole%C2%A0-le-tueur-que-lon-nattendait-pas\"><span style=\"color: #0000ff;\">article de la Revue \u00ab&nbsp;L&rsquo;Histoire&nbsp;<\/span><\/a><span style=\"color: #0000ff;\">\u00bb<\/span> \u00e9crit par Claude Qu\u00e9tel directeur de recherche honoraire au CNRS qui donne une description d&rsquo;ensemble de ce nouveau fl\u00e9au qui a touch\u00e9 le monde apr\u00e8s la premi\u00e8re guerre mondiale.<br \/>\n<\/span><\/p>\n<p><img decoding=\"async\" class=\"alignleft\" src=\"https:\/\/lemotdujour.fr\/wp-content\/uploads\/2018\/11\/112218_2205_Vendredi23n1.png\" alt=\"\" align=\"left\"><span style=\"color: #777777; font-family: Arial;\">Il y a d&rsquo;abord le contexte du d\u00e9marrage et qui se situe bien dans le Kansas&nbsp;:<br \/>\n<\/span><\/p>\n<p style=\"margin-left: 28pt;\"><span style=\"color: #c00000; font-family: Arial;\">\u00ab&nbsp;Printemps 1918. La Grande Guerre dure depuis bient\u00f4t quatre ans. On n&rsquo;en peut plus \u00e0 force de tueries. A ceux qui depuis la fin de 1917 lui reprochent sa circonspection, P\u00e9tain r\u00e9pond qu&rsquo;il attend \u00ab les Am\u00e9ricains et les tanks \u00bb. Oui, mais les soldats am\u00e9ricains du corps exp\u00e9ditionnaire, les doughboys<span style=\"color: #008000;\"> (1)<\/span> qui arrivent en fanfare dans les ports fran\u00e7ais de l&rsquo;Atlantique au rythme de 200 000 par mois \u00e0 partir d&rsquo;avril 1918, ont la grippe.<br \/>\n<\/span><\/p>\n<p style=\"margin-left: 28pt;\"><span style=\"color: #c00000; font-family: Arial;\">A la veille de son entr\u00e9e en guerre, l&rsquo;arm\u00e9e des Etats-Unis ne comptait que 200&nbsp;000 hommes. Elle en mobilise 4 millions. Des camps de transit ont \u00e9t\u00e9 \u00e9tablis \u00e0 la h\u00e2te dans d&rsquo;ex\u00e9crables conditions d&rsquo;hygi\u00e8ne. Rien n&rsquo;est pr\u00e9vu et il faut tout improviser. Le camp de Fuston, dans le Kansas, entasse 56&nbsp;000 recrues. Les premiers cas de grippe y surviennent en mars 1918. On d\u00e9nombre 1100 cas dont 237 avec complications pulmonaires. D&rsquo;autres camps sont atteints ainsi que tr\u00e8s vite la population alentour et les grands ports d&#8217;embarquement pour l&rsquo;Europe.&nbsp;\u00bb<br \/>\n<\/span><\/p>\n<ol>\n<li><span style=\"color: #777777; font-family: Arial;\"><span style=\"color: #008000;\"><em>Ils sont aussi appel\u00e9s<\/em> \u00ab&nbsp;<em>Doughboys<\/em>&nbsp;\u00bb<em>. Cette appellation remonte \u00e0 la guerre de S\u00e9cession. Elle vient de ce que les vareuses des soldats de cette \u00e9poque portaient des boutons assimilables \u00e0 des beignets (en anglais <\/em>\u00ab&nbsp;<em>doughnut<\/em>&nbsp;\u00bb<\/span><em><span style=\"color: #008000;\">).<\/span><br \/>\n<\/em><\/span><\/li>\n<\/ol>\n<p><span style=\"color: #777777; font-family: Arial;\">Et lorsque les doughboys d\u00e9barquent en Europe, les \u00e9v\u00e8nements s&rsquo;encha\u00eenent&nbsp;:<br \/>\n<\/span><\/p>\n<p style=\"margin-left: 28pt;\"><span style=\"color: #c00000; font-family: Arial;\">\u00ab&nbsp;En juin-juillet 10% des soldats britanniques (200&nbsp;000) sont gripp\u00e9s, Il en va de m\u00eame chez les Allemands, au point que Ludendorff en fera plus tard l&rsquo;une des causes de l&rsquo;\u00e9chec de ses offensives de printemps. Les \u00e9pisodes sont cependant b\u00e9nins et de courte dur\u00e9e, avec tr\u00e8s peu de d\u00e9c\u00e8s. [\u2026].<br \/>\n<\/span><\/p>\n<p style=\"margin-left: 28pt;\"><span style=\"color: #c00000; font-family: Arial;\">D&rsquo;avril \u00e0 juin, la grippe gagne la population civile de toute l&rsquo;Europe. Faisant toujours figure d&rsquo;une \u00e9pid\u00e9mie b\u00e9nigne, elle se distingue n\u00e9anmoins par l&rsquo;extraordinaire rapidit\u00e9 de sa contagion et le fait qu&rsquo;elle frappe dans une proportion importante (40 %) une nouvelle classe d&rsquo;\u00e2ge, entre 20 et 35 ans. L&rsquo;\u00e9pid\u00e9mie semble dispara\u00eetre au milieu de l&rsquo;\u00e9t\u00e9 au point d&rsquo;\u00eatre d\u00e9clar\u00e9e close par les autorit\u00e9s militaires am\u00e9ricaines. En r\u00e9alit\u00e9, elle est toujours l\u00e0, gagnant en s\u00e9v\u00e9rit\u00e9 ce qu&rsquo;elle para\u00eet avoir perdu en nombre de cas. Elle s\u00e9vit notamment dans les \u00e9quipages des navires. A la fin d&rsquo;ao\u00fbt, le croiseur <em>HMS Africa<\/em> qui rel\u00e2che \u00e0 Freetown (Sierra Leone) y d\u00e9barque 51 morts de pneumonie h\u00e9morragique (7 % de son \u00e9quipage). [\u2026]<br \/>\n<\/span><\/p>\n<p style=\"margin-left: 28pt;\"><span style=\"color: #c00000; font-family: Arial;\">On parle de \u00ab grippe maligne \u00bb car elle tue de plus en plus, \u00e0 Brest et \u00e0 Saint-Nazaire, dans les r\u00e9giments au front, dans un village. Il se passe quelque chose mais qui a peur de la grippe ? Et puis, la Grande Guerre continue \u00e0 tenir le devant de la sc\u00e8ne, poursuivant sa moisson de vies. La grippe a retravers\u00e9 l&rsquo;Atlantique et cette fois elle tue. En septembre 1918, 45 000 soldats s&rsquo;entassent \u00e0 Camp Devens (Massachusetts). Au 1er du mois, quatre soldats y sont hospitalis\u00e9s pour pneumonie. Ils sont 1 543 huit jours plus tard et bient\u00f4t 6 000, allong\u00e9s sur des civi\u00e8res jusque dans les couloirs. A une incubation extr\u00eamement courte et aux sympt\u00f4mes classiques de la grippe s&rsquo;ajoutent tr\u00e8s souvent la congestion pulmonaire, la pneumonie, la pleur\u00e9sie. Le visage et les extr\u00e9mit\u00e9s sont cyanos\u00e9s (de couleur bleu noir\u00e2tre). La mort survient tr\u00e8s rapidement dans un tableau effrayant de dyspn\u00e9e (le malade respire de plus en plus mal) puis d&rsquo;asphyxie. On pense avoir affaire \u00e0 une nouvelle maladie et on parlera alors de \u00ab peste pulmonaire \u00bb.<br \/>\n<\/span><\/p>\n<p style=\"margin-left: 28pt;\"><span style=\"color: #c00000; font-family: Arial;\">La population civile est touch\u00e9e \u00e0 son tour, toujours en commen\u00e7ant par les ports puis en suivant les voies ferr\u00e9es. L&rsquo;incompr\u00e9hension et l&rsquo;incons\u00e9quence r\u00e8gnent, comme \u00e0 Philadelphie o\u00f9 la municipalit\u00e9 n&rsquo;entend pas annuler une grande parade pr\u00e9vue le 28 septembre en faveur de l&rsquo;effort de guerre. L&rsquo;argument classique qui est oppos\u00e9 aux \u00ab alarmistes \u00bb est qu&rsquo;il ne faut pas provoquer de mouvement de panique dans la population. Le grand jour arrive. Des centaines de milliers de personnes s&rsquo;agglutinent au long des boulevards pour voir passer le d\u00e9fil\u00e9. Deux jours plus tard, les h\u00f4pitaux s&#8217;emplissent. On d\u00e9nombre d\u00e9j\u00e0 117 morts le 1er octobre, mais 2 635 le 12 et 4 597 le 19. On a ferm\u00e9 les lieux publics (sauf les bars !) et interdit les rassemblements, mais trop tard. Tout le pays est frapp\u00e9 en seulement quinze jours. On est au bord du chaos, avec un taux de mortalit\u00e9 multipli\u00e9 par dix.<br \/>\n<\/span><\/p>\n<p style=\"margin-left: 28pt;\"><span style=\"color: #c00000; font-family: Arial;\">Le tableau est tout aussi dramatique en Europe, \u00e0 l&rsquo;automne, pour les soldats am\u00e9ricains comme pour les poilus et les tommies sans oublier les Allemands. La promiscuit\u00e9 des tranch\u00e9es fait des ravages. Les gripp\u00e9s sont \u00e9vacu\u00e9s vers l&rsquo;arri\u00e8re quand c&rsquo;est possible mais c&rsquo;est pour les voir alors grelottant de fi\u00e8vre, trimball\u00e9s pendant des jours d&rsquo;une gare \u00e0 l&rsquo;autre, contribuant ainsi \u00e0 propager la maladie meurtri\u00e8re ; 402 000 cas de grippe vont \u00eatre recens\u00e9s par l&rsquo;ensemble des services de sant\u00e9 dont 30 382 d\u00e9c\u00e8s. [\u2026]<br \/>\n<\/span><\/p>\n<p style=\"margin-left: 28pt;\"><span style=\"color: #c00000; font-family: Arial;\">Dans les grandes villes, les enterrements font probl\u00e8me. Les morts encombrent les morgues et l&rsquo;on manque de cercueils. A Lyon, les convois fun\u00e9raires sont supprim\u00e9s et les c\u00e9r\u00e9monies religieuses se font directement dans les cimeti\u00e8res. A Caen, des prisonniers de guerre allemands sont r\u00e9quisitionn\u00e9s pour creuser les fosses.&nbsp;\u00bb<br \/>\n<\/span><\/p>\n<p><span style=\"color: #777777; font-family: Arial;\">Il semblerait qu&rsquo;apr\u00e8s la grande guerre qui a tellement marqu\u00e9 les esprits, le terme de \u00ab&nbsp;grippe&nbsp;\u00bb restait dans l&rsquo;esprit des gens une maladie banale, ce qui a eu pour effet de ne pas inqui\u00e9ter la population et surtout l&rsquo;a emp\u00each\u00e9 de se rendre compte du fait qu&rsquo;il s&rsquo;agissait d&rsquo;une redoutable tueuse, plus efficace dans sa basse besogne que la guerre elle-m\u00eame. Ainsi&nbsp;:<br \/>\n<\/span><\/p>\n<p style=\"margin-left: 28pt;\"><span style=\"color: #c00000; font-family: Arial;\">\u00ab&nbsp;A aucun moment les transports en commun, principal vecteur de la contagion, ne sont interrompus. Il n&rsquo;est pas question non plus de fermer les usines, ni d&rsquo;ailleurs les caf\u00e9s.&nbsp;\u00bb<br \/>\n<\/span><\/p>\n<p><span style=\"color: #777777; font-family: Arial;\">Et m\u00eame <strong>l&rsquo;Acad\u00e9mie de m\u00e9decine<\/strong> est d&rsquo;une c\u00e9cit\u00e9 rare&nbsp;:<br \/>\n<\/span><\/p>\n<p style=\"margin-left: 28pt;\"><span style=\"color: #c00000; font-family: Arial;\"> \u00ab il ne s&rsquo;agit ni de chol\u00e9ra, ni de peste, ni de typhus \u00bb.<br \/>\n<\/span><\/p>\n<p><span style=\"color: #777777; font-family: Arial;\">Seule l&rsquo;Espagne voit ministre de l&rsquo;Int\u00e9rieur signaler&nbsp;:<br \/>\n<\/span><\/p>\n<p style=\"margin-left: 28pt;\"><span style=\"color: #c00000; font-family: Arial;\">\u00ab la gravit\u00e9 de l&rsquo;\u00e9pid\u00e9mie r\u00e9gnante \u00bb.<br \/>\n<\/span><\/p>\n<p><span style=\"color: #777777; font-family: Arial;\">On sait que c&rsquo;est parce que les espagnols ont simplement communiqu\u00e9 et constat\u00e9 la gravit\u00e9 de cette maladie qu&rsquo;on l&rsquo;a appel\u00e9 \u00ab&nbsp;<strong>la grippe espagnole<\/strong>&nbsp;\u00bb<br \/>\n<\/span><\/p>\n<p><span style=\"color: #777777; font-family: Arial;\">Et cette pand\u00e9mie va faire le tour du monde&nbsp;:<br \/>\n<\/span><\/p>\n<p style=\"margin-left: 28pt;\"><span style=\"color: #c00000; font-family: Arial;\">\u00ab&nbsp;Par les voies maritimes, la grippe espagnole d\u00e9barque en Afrique, en Am\u00e9rique du Sud, en Asie. Ensuite elle prend le train ou remonte les fleuves. A la fin de janvier 1919, elle a pratiquement contamin\u00e9 toute la plan\u00e8te, en tuant \u00e0 qui mieux mieux. C&rsquo;est l&rsquo;Asie qui conna\u00eet la plus grande h\u00e9catombe, avec notamment 4 \u00e0 9,5 millions de morts en Chine. En Inde, la grippe multiplie par deux un taux de mortalit\u00e9 pourtant tr\u00e8s haut d&rsquo;ordinaire en provoquant la disparition de 12,5 \u00e0 20 millions de personnes. Pour \u00eatre abominablement \u00e9lev\u00e9s, de tels nombres auraient tendance aujourd&rsquo;hui \u00e0 \u00eatre revus \u00e0 la hausse.&nbsp;\u00bb<br \/>\n<\/span><\/p>\n<p><span style=\"color: #777777; font-family: Arial;\">Cette pand\u00e9mie conduira \u00e0 cr\u00e9er \u00ab&nbsp;<a href=\"http:\/\/www.who.int\/archives\/fonds_collections\/bytitle\/fonds_3\/fr\/\"><span style=\"color: #0000ff;\">Le Comit\u00e9 d&rsquo;hygi\u00e8ne de la Soci\u00e9t\u00e9 des Nations&nbsp;<\/span><\/a>\u00bb (SDN), anc\u00eatre de l&rsquo;<strong>OMS<\/strong>. Elle stimulera aussi la recherche&nbsp;:<br \/>\n<\/span><\/p>\n<p style=\"margin-left: 28pt;\"><span style=\"color: #c00000; font-family: Arial;\">\u00ab&nbsp;L&rsquo;\u00e9pouvantable pand\u00e9mie de 1918 va cependant stimuler de nouvelles recherches sur l&rsquo;agent pathog\u00e8ne de la grippe. Jusqu&rsquo;alors, la doctrine m\u00e9dicale d\u00e9signait le bacille de Pfeiffer, isol\u00e9 lors de l&rsquo;\u00e9pid\u00e9mie pr\u00e9c\u00e9dente en 1892, mais nombreuses sont les voix qui en font d\u00e9sormais un \u00ab microbe de sortie \u00bb, \u00e0 l&rsquo;exemple des pneumocoques et autres streptocoques, agents des complications secondaires de la grippe. On soup\u00e7onne alors un \u00ab virus filtrant \u00bb, un microbe assez petit pour passer \u00e0 travers les filtres de kaolin et se soustraire ainsi \u00e0 la vue du microscope. Encore faut-il l&rsquo;attraper.<br \/>\n<\/span><\/p>\n<p style=\"margin-left: 28pt;\"><span style=\"color: #c00000; font-family: Arial;\">En 1933, des chercheurs britanniques mettent en \u00e9vidence l&rsquo;existence d&rsquo;un virus filtrable. La voie est ouverte aux cultures et aux vaccins mais le chemin est encore long et c&rsquo;est une tout autre histoire, tr\u00e8s m\u00e9dicale, qui va aboutir \u00e0 l&rsquo;identification du virus H1N1.&nbsp;\u00bb<br \/>\n<\/span><\/p>\n<p><span style=\"color: #777777; font-family: Arial;\">L&rsquo;article de la revue \u00ab&nbsp;L&rsquo;Histoire&nbsp;\u00bb m&rsquo;a aussi appris une information qui du point de vue de la connaissance de la maladie est certainement tr\u00e8s int\u00e9ressante. Mais du point de vue des perspectives qui pourraient d\u00e9couler de la fuite accidentelle ou volontaire du virus ressuscit\u00e9 du laboratoire o\u00f9 il est enferm\u00e9, appara\u00eet moins r\u00e9jouissant&nbsp;:<br \/>\n<\/span><\/p>\n<p style=\"margin-left: 28pt;\"><span style=\"color: #c00000; font-family: Arial;\">\u00ab&nbsp; Des chercheurs avaient entrepris de se lancer \u00e0 la poursuite d&rsquo;un virus de la grippe espagnole sur le terrain. En 1950, un microbiologiste avait \u00e9mis l&rsquo;id\u00e9e folle d&rsquo;aller r\u00e9cup\u00e9rer le virus disparu de la grippe de 1918 en exhumant une de ses victimes dans le permafrost du Grand Nord. Une premi\u00e8re exp\u00e9dition \u00e9choue en 1951 en Alaska, puis une seconde dans le Spitzberg en 1997. Pas de virus dans les cadavres. C&rsquo;est aussi en 1997 que Jeffery Taubenberger, dans un coin perdu de l&rsquo;Alaska o\u00f9 la grippe espagnole avait tu\u00e9 presque tout le monde, exhume du permafrost un cadavre providentiel, une jeune femme inuit que son ob\u00e9sit\u00e9 a prot\u00e9g\u00e9e de la d\u00e9composition. Dans les poumons de celle qu&rsquo;on va appeler Lucy (par hommage \u00e0 l&rsquo;autre, l&rsquo;australopith\u00e8que d\u00e9couverte en 1974), se trouvent des fragments du virus de 1918.<br \/>\n<\/span><\/p>\n<p style=\"margin-left: 28pt;\"><span style=\"color: #c00000; font-family: Arial;\">En fait, il faudra quatre autres cadavres (aux tissus pulmonaires conserv\u00e9s dans des blocs de paraffine) pour que Taubenberger puisse s\u00e9quencer en totalit\u00e9, g\u00e8ne par g\u00e8ne, le virus de la grippe espagnole. Quelques ann\u00e9es plus tard, Terrence Tumpey, chercheur du National Center for Immunization and Respiratory Diseases, r\u00e9alise la synth\u00e8se compl\u00e8te du virus disparu de 1918.<br \/>\n<\/span><\/p>\n<p style=\"margin-left: 28pt;\"><span style=\"color: #c00000; font-family: Arial;\">Test\u00e9 dans un laboratoire de haute s\u00e9curit\u00e9, celui-ci se r\u00e9v\u00e8le effectivement extr\u00eamement virulent.<br \/>\n<\/span><\/p>\n<p style=\"margin-left: 28pt;\"><span style=\"color: #c00000; font-family: Arial;\">Depuis, le virus ressuscit\u00e9 est conserv\u00e9 dans un laboratoire militaire sous haute surveillance.&nbsp;\u00bb<br \/>\n<\/span><\/p>\n<p><span style=\"color: #777777; font-family: Arial;\">Ma tante Pauline, la s\u0153ur que mon p\u00e8re, n\u00e9 en 1919, ne connut jamais est morte de la grippe espagnole le 20 novembre 1918, 9 jours apr\u00e8s l&rsquo;armistice, elle avait 10 ans.<br \/>\n<\/span><\/p>\n<p><span style=\"color: #777777; font-family: Arial;\">Probablement que dans votre famille aussi certains furent touch\u00e9s par cette tueuse.<br \/>\n<\/span><\/p>\n<p><span style=\"color: #777777; font-family: Arial;\">Elle tua des personnes c\u00e9l\u00e8bres :<br \/>\n<\/span><\/p>\n<ul>\n<li><span style=\"color: #777777; font-family: Arial;\">Guillaume Apollinaire<br \/>\n<\/span><\/li>\n<li><span style=\"color: #777777; font-family: Arial;\">Edmond Rostand<br \/>\n<\/span><\/li>\n<li><span style=\"color: #777777; font-family: Arial;\">Max Weber<br \/>\n<\/span><\/li>\n<li><span style=\"color: #777777; font-family: Arial;\">Mark Sykes (des accords Sykes-Picot)<br \/>\n<\/span><\/li>\n<li><span style=\"color: #777777; font-family: Arial;\">Egon Schiele<br \/>\n<\/span><\/li>\n<\/ul>\n<p><img loading=\"lazy\" decoding=\"async\" class=\"alignnone size-full wp-image-5798\" src=\"https:\/\/lemotdujour.fr\/wp-content\/uploads\/2018\/11\/Egon-Schiele-die-Familie.jpg\" alt=\"\" width=\"800\" height=\"932\" srcset=\"https:\/\/lemotdujour.fr\/wp-content\/uploads\/2018\/11\/Egon-Schiele-die-Familie.jpg 800w, https:\/\/lemotdujour.fr\/wp-content\/uploads\/2018\/11\/Egon-Schiele-die-Familie-258x300.jpg 258w, https:\/\/lemotdujour.fr\/wp-content\/uploads\/2018\/11\/Egon-Schiele-die-Familie-768x895.jpg 768w\" sizes=\"auto, (max-width: 800px) 100vw, 800px\" \/><\/p>\n<p><span style=\"color: #777777; font-family: Arial;\">En conclusion je citerai<span style=\"color: #0000ff;\"> <a style=\"color: #0000ff;\" href=\"https:\/\/www.laboratoires-maymat.fr\/contenu\/fckn\/GRIPPE%20ESPAGNOLE_310.pdf\">l&rsquo;\u00e9tude<\/a><\/span> d\u00e9j\u00e0 \u00e9voqu\u00e9e en d\u00e9but d&rsquo;article&nbsp;:<br \/>\n<\/span><\/p>\n<p style=\"margin-left: 28pt;\"><span style=\"color: #c00000; font-family: Arial;\">\u00ab&nbsp;La pand\u00e9mie de \u00ab grippe espagnole \u00bb est une catastrophe sans pr\u00e9c\u00e9dent, qui marquera durablement les esprits. Le premier bilan, dress\u00e9 en 1927, estime \u00e0 21 millions le nombre de d\u00e9c\u00e8s, pour une population mondiale de 1,8 milliard d&rsquo;habitants \u00e0 cette \u00e9poque. Toutefois, en Inde seulement, on estime \u00e0 21 millions le nombre de morts, ce qui conforte les \u00e9valuations sup\u00e9rieures \u00e0 50 millions de victimes. Vu l&rsquo;absence de donn\u00e9es \u00e9pid\u00e9miologiques dans des pays comme la Chine, il pourrait exister une forte sous-estimation du nombre de cas dans de nombreux pays du tiers-monde. En 1942, le virologue australien Macfarlane Burnet estime ce nombre entre 50 et 100 millions. Quelles que soient les estimations, il fait peu de doute que la mortalit\u00e9 a \u00e9t\u00e9 consid\u00e9rable. La mortalit\u00e9 globale aurait \u00e9t\u00e9 de 5 % de la population mondiale&nbsp;\u00bb<br \/>\n<\/span><\/p>\n<p><span style=\"color: #800000; font-family: Arial;\">&lt;1153&gt;<\/span><\/p>\n","protected":false},"excerpt":{"rendered":"<p>\u00ab&nbsp;Le tueur que l\u2019on n\u2019attendait pas&nbsp;\u00bb Claude Qu\u00e9tel, Revue l\u2019Histoire, Juillet\/Ao\u00fbt 2018 Ce fut une pand\u00e9mie \u00e9pouvantable. Entre 25 et 40 millions de personnes sont mortes d&rsquo;avril 1918 au printemps 1919, davantage de victimes que celles caus\u00e9es par la Grande<\/p>\n","protected":false},"author":1,"featured_media":0,"comment_status":"open","ping_status":"closed","sticky":false,"template":"","format":"standard","meta":{"footnotes":""},"categories":[1],"tags":[118,126,13],"class_list":["post-5793","post","type-post","status-publish","format-standard","hentry","category-motdujour","tag-14-18","tag-pandemie","tag-sante"],"_links":{"self":[{"href":"https:\/\/lemotdujour.fr\/index.php?rest_route=\/wp\/v2\/posts\/5793","targetHints":{"allow":["GET"]}}],"collection":[{"href":"https:\/\/lemotdujour.fr\/index.php?rest_route=\/wp\/v2\/posts"}],"about":[{"href":"https:\/\/lemotdujour.fr\/index.php?rest_route=\/wp\/v2\/types\/post"}],"author":[{"embeddable":true,"href":"https:\/\/lemotdujour.fr\/index.php?rest_route=\/wp\/v2\/users\/1"}],"replies":[{"embeddable":true,"href":"https:\/\/lemotdujour.fr\/index.php?rest_route=%2Fwp%2Fv2%2Fcomments&post=5793"}],"version-history":[{"count":5,"href":"https:\/\/lemotdujour.fr\/index.php?rest_route=\/wp\/v2\/posts\/5793\/revisions"}],"predecessor-version":[{"id":12116,"href":"https:\/\/lemotdujour.fr\/index.php?rest_route=\/wp\/v2\/posts\/5793\/revisions\/12116"}],"wp:attachment":[{"href":"https:\/\/lemotdujour.fr\/index.php?rest_route=%2Fwp%2Fv2%2Fmedia&parent=5793"}],"wp:term":[{"taxonomy":"category","embeddable":true,"href":"https:\/\/lemotdujour.fr\/index.php?rest_route=%2Fwp%2Fv2%2Fcategories&post=5793"},{"taxonomy":"post_tag","embeddable":true,"href":"https:\/\/lemotdujour.fr\/index.php?rest_route=%2Fwp%2Fv2%2Ftags&post=5793"}],"curies":[{"name":"wp","href":"https:\/\/api.w.org\/{rel}","templated":true}]}}