{"id":5760,"date":"2018-11-21T00:21:28","date_gmt":"2018-11-20T23:21:28","guid":{"rendered":"http:\/\/lemotdujour.fr\/?p=5760"},"modified":"2021-09-26T13:49:31","modified_gmt":"2021-09-26T11:49:31","slug":"mercredi-21-novembre-2018","status":"publish","type":"post","link":"https:\/\/lemotdujour.fr\/?p=5760","title":{"rendered":"Mercredi 21 novembre 2018"},"content":{"rendered":"<div class=\"mdjTexte\">\t\u00ab&nbsp;Images interdites de la grande guerre&nbsp;\u00bb<\/div>\n<div class=\"mdjAuteur\">\tExpositions et livre montrant et \u00e9voquant des photos de la guerre 14-18 qui avaient \u00e9t\u00e9 censur\u00e9es \u00e0 l\u2019\u00e9poque<\/div>\n<p><span style=\"color: #777777; font-family: Arial;\">La guerre 14-18 a \u00e9t\u00e9 une grande productrice de propagande et d\u00e9j\u00e0 de fake news.<br \/>\n<\/span><\/p>\n<p><span style=\"color: #777777; font-family: Arial;\">Le site Agora vox parle d&rsquo;\u00ab<span style=\"color: #0000ff;\">&nbsp;<a style=\"color: #0000ff;\" href=\"https:\/\/www.agoravox.fr\/tribune-libre\/article\/tous-ces-bobards-dans-les-journaux-47397\">une diffusion massive de leurres invraisemblables&nbsp;<\/a><\/span>\u00bb&nbsp;:<br \/>\n<\/span><\/p>\n<p style=\"margin-left: 28pt;\"><span style=\"color: #c00000; font-family: Arial;\">\u00ab Plus [les armes] sont perfectionn\u00e9es, moins elles causent de morts et de bless\u00e9s ! (Le Temps, 4\/8\/1914). Celles de l&rsquo;ennemi, en tout cas, ne sont pas dangereuses ; c&rsquo;est de la camelotte ! (L&rsquo;Intransigeant, 17\/8\/1914) : les obus (shrapnels) \u00e9clatent en pluie de fer inoffensive ! Les blessures par balles ne sont pas dangereuses !&nbsp;\u00bb<br \/>\n<\/span><\/p>\n<p><span style=\"color: #777777; font-family: Arial;\">Et il existait aussi la censure.<br \/>\n<\/span><\/p>\n<p><img decoding=\"async\" class=\"alignleft\" src=\"https:\/\/lemotdujour.fr\/wp-content\/uploads\/2018\/11\/112018_2221_Mercredi21n1.jpg\" alt=\"\" align=\"left\"><span style=\"color: #777777; font-family: Arial;\">Aujourd&rsquo;hui je voudrais vous parler de la censure de photos prise pendant la guerre.<br \/>\n<\/span><\/p>\n<p><span style=\"color: #777777; font-family: Arial;\">Pendant la guerre 14-18 le Haut commandement fran\u00e7ais avait compris l&rsquo;int\u00e9r\u00eat et l&rsquo;impact sur les populations que pouvaient avoir des photos de guerre et aussi les dangers et risques que cela repr\u00e9sentait.<br \/>\n<\/span><\/p>\n<p><span style=\"color: #777777; font-family: Arial;\">La photo avait d\u00e9j\u00e0 des dizaines d&rsquo;ann\u00e9es d&rsquo;existence.<br \/>\n<\/span><\/p>\n<p><span style=\"color: #777777; font-family: Arial;\">M\u00eame s&rsquo;il fallut de nombreuses inventions avant d&rsquo;aboutir \u00e0 la photographie, on commence souvent l&rsquo;histoire de cette technique avec Joseph Nic\u00e9phore Ni\u00e9pce, inventeur de Chalon-sur-Sa\u00f4ne, qui parvint \u00e0 fixer des images sur des plaques (1826 ou 1827). Louis Daguerre poursuit les exp\u00e9riences et parvient \u00e0 raccourcir le temps de pose \u00e0 quelques dizaines de minutes (quand m\u00eame&nbsp;!). Et la date conventionnelle de l&rsquo;invention de la photographie est fix\u00e9 au 7 janvier 1839, jour de la pr\u00e9sentation par Arago \u00e0 l&rsquo;Acad\u00e9mie des sciences de l&rsquo;\u00ab invention \u00bb de Daguerre, le daguerr\u00e9otype.<br \/>\n<\/span><\/p>\n<p><span style=\"color: #777777; font-family: Arial;\">Et ce n&rsquo;est pas la guerre 14-18 qui fut le premier conflit \u00e0 \u00eatre photographi\u00e9. Lors du mot du jour du &lt;<span style=\"color: #0000ff;\"><a style=\"color: #0000ff;\" title=\"Lundi 17\/03\/2014\" href=\"https:\/\/lemotdujour.fr\/?p=644\">Lundi 17\/03\/2014<\/a><\/span>&gt; consacr\u00e9e \u00e0 \u00ab&nbsp;La guerre de Crim\u00e9e&nbsp;\u00bb que Napol\u00e9on III avait men\u00e9 contre la Russie (1853-1856).j&rsquo;avais \u00e9voqu\u00e9 des photos qui avaient \u00e9t\u00e9 r\u00e9alis\u00e9es et dont certaines ont \u00e9t\u00e9 publi\u00e9es sur le site de l&rsquo;Obs&nbsp;: <a href=\"http:\/\/tempsreel.nouvelobs.com\/galeries-photos\/photo\/20140310.OBS9081\/la-guerre-de-crimee-photographiee-en-1855.html\"><span style=\"color: #0000ff;\">&lt;Des photographies de la guerre de Crim\u00e9e en 1855&gt;<\/span><\/a>.<br \/>\n<\/span><\/p>\n<p><span style=\"color: #777777; font-family: Arial;\">Mais revenons aux photos censur\u00e9es de la premi\u00e8re guerre mondiale.<br \/>\n<\/span><\/p>\n<p><span style=\"color: #777777; font-family: Arial;\">Plusieurs expositions ont pr\u00e9sent\u00e9 ces photos, appel\u00e9es images interdites..<br \/>\n<\/span><\/p>\n<ul>\n<li><span style=\"color: #777777; font-family: Arial;\">En octobre 2014 \u00e0 l&rsquo;Universit\u00e9 Paris 1 au<span style=\"color: #0000ff;\"> <a style=\"color: #0000ff;\" href=\"http:\/\/www.memoiredeshommes.sga.defense.gouv.fr\/fr\/_depot_mdh\/_depot_front\/articles\/594\/dossier-de-presse-images-interdites-de-la-grande-guerre_doc.pdf\">Centre Panth\u00e9on Sorbonne<\/a><\/span><br \/>\n<\/span><\/li>\n<li><span style=\"color: #777777; font-family: Arial;\">Plus r\u00e9cemment une exposition au premier semestre 2017 a eu lieu au Ch\u00e2teau de Vincennes.<br \/>\n<\/span><\/li>\n<\/ul>\n<p><a href=\"https:\/\/www.decitre.fr\/livres\/images-interdites-de-la-grande-guerre-9782753534841.html\"><span style=\"font-family: Arial;\"><span style=\"color: #0000ff;\">Un livre<\/span><\/span><\/a><span style=\"color: #777777; font-family: Arial;\"> est paru sur ces deux expositions. Vous voyez ci-dessus la photo qui orne le livre et \u00e9tait aussi celle qui se trouvait sur l&rsquo;affiche des deux expositions \u00e9voqu\u00e9es. Elle repr\u00e9sente un soldat au repos et ayant l&rsquo;air d\u00e9sabus\u00e9.<br \/>\n<\/span><\/p>\n<p><span style=\"color: #777777; font-family: Arial;\">Pour ma part j&rsquo;ai pu l&#8217;emprunter \u00e0 la Biblioth\u00e8que de la Part-Dieu \u00e0 Lyon.<br \/>\n<\/span><\/p>\n<p><span style=\"color: #777777; font-family: Arial;\">Ces photos qui n&rsquo;ont pas \u00e9t\u00e9 montr\u00e9es pendant la guerre \u00e9taient pourtant l&rsquo;\u0153uvre d&rsquo;une Unit\u00e9 de l&rsquo;arm\u00e9e elle-m\u00eame. Il n&rsquo;\u00e9tait \u00e9videmment pas question d&#8217;embarquer des journalistes ou des photographes priv\u00e9s et de les laisser prendre les photos qui leur auraient paru pertinentes.<br \/>\n<\/span><\/p>\n<p><span style=\"color: #777777; font-family: Arial;\"><strong>La section photographique de l&rsquo;arm\u00e9e (SPA) est cr\u00e9\u00e9e en 1915<\/strong> pour fabriquer jusqu&rsquo;en 1919 l&rsquo;image officielle de la guerre en France.<br \/>\n<\/span><\/p>\n<p><span style=\"color: #777777; font-family: Arial;\">Le livre pr\u00e9tend que la SPA est le premier organisme de production d&rsquo;images officielles en Europe.<br \/>\n<\/span><\/p>\n<p><span style=\"color: #777777; font-family: Arial;\">Ces expositions et ce livre pr\u00e9sentent donc des vues qui n&rsquo;ont jamais eu le droit de para\u00eetre. Censur\u00e9es d\u00e8s leur production, pour des raisons strat\u00e9giques, diplomatiques et aussi parce qu&rsquo;elles auraient pu nuire \u00e0 la cr\u00e9dibilit\u00e9 du discours du Haut commandement ou au moral de l&rsquo;arri\u00e8re, voire remettre en cause l&rsquo;image n\u00e9gative de l&rsquo;ennemi. Mais elles ont \u00e9t\u00e9 inventori\u00e9es et conserv\u00e9es, comme toute administration et toute arm\u00e9e sait le faire.<br \/>\n<\/span><\/p>\n<p><span style=\"color: #777777; font-family: Arial;\">Dans la pr\u00e9face au livre Annette Becker \u00e9voque l&rsquo;\u00e9crivain Ernst J\u00fcnger qui en 1934 d\u00e9clarait&nbsp;:<br \/>\n<\/span><\/p>\n<p style=\"margin-left: 28pt;\"><span style=\"color: #c00000; font-family: Arial;\">\u00ab&nbsp;La photo est une arme&nbsp;\u00bb<br \/>\n<\/span><\/p>\n<p><span style=\"color: #777777; font-family: Arial;\">C&rsquo;est donc une arme qui peut se retourner contre son auteur, sinon comment expliquer que l&rsquo;Arm\u00e9e ait voulu censurer ses propres images.<br \/>\n<\/span><\/p>\n<p><span style=\"color: #777777; font-family: Arial;\">Il existait une commission de censure sp\u00e9ciale qui \u00e9tait charg\u00e9 de r\u00e9aliser ce tri.<br \/>\n<\/span><\/p>\n<p><span style=\"color: #777777; font-family: Arial;\">Il y a essentiellement deux types de raison&nbsp;:<br \/>\n<\/span><\/p>\n<ul>\n<li><span style=\"color: #777777; font-family: Arial;\">Un premier groupe rev\u00eat un caract\u00e8re strat\u00e9gique<br \/>\n<\/span><\/li>\n<li><span style=\"color: #777777; font-family: Arial;\">Le second rassemble des clich\u00e9s pouvant avoir un effet n\u00e9gatif et contre-productif sur la propagande de la France aussi bien tourn\u00e9e vers l&rsquo;int\u00e9rieur que vers l&rsquo;ext\u00e9rieur du territoire.<br \/>\n<\/span><\/li>\n<\/ul>\n<p><span style=\"color: #777777; font-family: Arial;\">C&rsquo;est l&rsquo;Arm\u00e9e qui a fait les photos, les a r\u00e9pertori\u00e9es, class\u00e9es et conserv\u00e9es. Ce ne pouvait donc \u00eatre que l&rsquo;arm\u00e9e qui organise ces expositions. C&rsquo;est encore l&rsquo;Arm\u00e9e qui affirme que sur un fonds de 90&nbsp;000 clich\u00e9s, il n&rsquo;y a que 8% qui ont \u00e9t\u00e9 censur\u00e9s.<br \/>\n<\/span><\/p>\n<p><span style=\"color: #777777; font-family: Arial;\">L&rsquo;exposition commence donc par les photos censur\u00e9es par strat\u00e9gie et int\u00e9r\u00eats militaires. Ainsi des photos de postes d&rsquo;observations ou de canons ne devaient pas \u00eatre vues par l&rsquo;ennemi. Cela ne pr\u00e9sente \u00e0 mes yeux pas grand int\u00e9r\u00eat.<br \/>\n<\/span><\/p>\n<p><span style=\"color: #777777; font-family: Arial;\">Je suis beaucoup plus int\u00e9ress\u00e9 par le second groupe.<br \/>\n<\/span><\/p>\n<p><span style=\"color: #777777; font-family: Arial;\">Il y a d&rsquo;abord des photos de morts, de corps d\u00e9chiquet\u00e9s de mutil\u00e9s qui ne sont pas compatibles avec les affirmations des journaux cit\u00e9es en d\u00e9but d&rsquo;article.<br \/>\n<\/span><\/p>\n<p><span style=\"color: #777777; font-family: Arial;\">Mais il y a d&rsquo;autres photos qui me paraissent plus int\u00e9ressantes \u00e0 regarder avec nos yeux du XXI\u00e8me si\u00e8cle et 100 ans apr\u00e8s ces terribles \u00e9v\u00e8nements.<br \/>\n<\/span><\/p>\n<p><span style=\"color: #777777; font-family: Arial;\">J&rsquo;en ai choisi trois.<br \/>\n<\/span><\/p>\n<p><span style=\"color: #777777; font-family: Arial; text-decoration: underline;\"><strong>1\/ L&rsquo;appel d&rsquo;une classe d&rsquo;\u00e2ge en janvier 1916<br \/>\n<\/strong><\/span><\/p>\n<p><img decoding=\"async\" src=\"https:\/\/lemotdujour.fr\/wp-content\/uploads\/2018\/11\/112018_2221_Mercredi21n2.jpg\" alt=\"\"><span style=\"color: #777777; font-family: Arial;\"><br \/>\n<\/span><\/p>\n<p><span style=\"color: #777777; font-family: Arial;\">Le commentaire du livre est celui-ci&nbsp;:<br \/>\n<\/span><\/p>\n<p style=\"margin-left: 28pt;\"><span style=\"color: #c00000; font-family: Arial;\">\u00ab&nbsp;Les hommes sur cette photographie, au visage particuli\u00e8rement juv\u00e9niles, ont l&rsquo;air pr\u00e9occup\u00e9s, soucieux [\u2026] On ne voit pas de franche r\u00e9solution, d&rsquo;envie de se battre ou plus simplement de sourires comme dans les repr\u00e9sentations montrant la mobilisation et le d\u00e9part des premiers combattants et abondamment diffus\u00e9es.&nbsp;\u00bb<br \/>\n<\/span><\/p>\n<p><span style=\"color: #777777; font-family: Arial;\">Et donne l&rsquo;explication de la censure&nbsp;:<br \/>\n<\/span><\/p>\n<p style=\"margin-left: 28pt;\"><span style=\"color: #c00000; font-family: Arial;\">\u00ab&nbsp;[Cette] photo exprime ce que l&rsquo;opinion ne doit pas voir, l&rsquo;image de la r\u00e9signation&nbsp;\u00bb<br \/>\n<\/span><\/p>\n<p><span style=\"color: #777777; font-family: Arial;\">Ces jeunes ne croient pas aux sornettes que racontent les journaux et que les balles allemandes ne tuent pas. Ils ont tout simplement peur et \u00e0 raison. Combien de ces jeunes gens vont mourir au front ou \u00eatre mutil\u00e9s, dans les deux ann\u00e9es qui suivent la prise du clich\u00e9&nbsp;?<br \/>\n<\/span><\/p>\n<p><span style=\"color: #777777; font-family: Arial; text-decoration: underline;\"><strong>2\/ Le prisonnier allemand<br \/>\n<\/strong><\/span><\/p>\n<p><img decoding=\"async\" src=\"https:\/\/lemotdujour.fr\/wp-content\/uploads\/2018\/11\/112018_2221_Mercredi21n3.jpg\" alt=\"\"><span style=\"color: #777777; font-family: Arial;\"><br \/>\n<\/span><\/p>\n<p><span style=\"color: #777777; font-family: Arial;\">Les soldats fran\u00e7ais sont fiers, ils ont attrap\u00e9 un soldat ennemi. Le soldat allemand est assis et mange un morceau de pain.<br \/>\n<\/span><\/p>\n<p><span style=\"color: #777777; font-family: Arial;\">Cette fois je trouve le commentaire particuli\u00e8rement appropri\u00e9 et incisif&nbsp;:<br \/>\n<\/span><\/p>\n<p style=\"margin-left: 28pt;\"><span style=\"color: #c00000; font-family: Arial;\">\u00ab&nbsp;Les Fran\u00e7ais posent bravache devant l&rsquo;objectif tous debout, grands souriants. [\u2026] L&rsquo;Allemand lui, l&rsquo;autre a l&rsquo;air minable, tout petit, recroquevill\u00e9, tout juste bon \u00e0 grignoter un morceau de pain. C&rsquo;est s\u00fbr qu&rsquo;ils n&rsquo;ont rien \u00e0 manger chez eux ces barbares. Il a peur, il ne comprend rien que va-t-on faire de lui&nbsp;? Pourtant, la convention de Gen\u00e8ve sera respect\u00e9e, demain il partira pour un camp de prisonniers [\u2026]. Tr\u00e8s loin des siens. Pour lui la guerre est finie, c&rsquo;est lui qui devrait sourire.&nbsp;\u00bb<br \/>\n<\/span><\/p>\n<p><span style=\"color: #777777; font-family: Arial;\">Mais pourquoi censurer une telle photo&nbsp;?<br \/>\n<\/span><\/p>\n<p><span style=\"color: #777777; font-family: Arial;\">Parce qu&rsquo;il faut que l&rsquo;ennemi soit monstrueux, assoiff\u00e9 de sang, cruel.<br \/>\n<\/span><\/p>\n<p><span style=\"color: #777777; font-family: Arial;\">Cet homme simple, un peu perdu ne peut pas \u00eatre ha\u00ef.<br \/>\n<\/span><\/p>\n<p><span style=\"color: #777777; font-family: Arial;\">Au contraire, un \u00e9lan d&#8217;empathie peut appara\u00eetre.<br \/>\n<\/span><\/p>\n<p><span style=\"color: #777777; font-family: Arial;\">On construit l&rsquo;ennemi, on le raconte, on le criminalise pour pouvoir le ha\u00efr.<br \/>\n<\/span><\/p>\n<p><span style=\"color: #777777; font-family: Arial;\">Et alors la derni\u00e8re photo que j&rsquo;ai choisie dans ce livre est encore bien pire pour la censure de l&rsquo;arm\u00e9e.<br \/>\n<strong>3\/ Tombe faite par les allemands \u00e0 un \u00ab&nbsp;h\u00e9ros fran\u00e7ais&nbsp;\u00bb<br \/>\n<\/strong><\/span><\/p>\n<p><img decoding=\"async\" src=\"https:\/\/lemotdujour.fr\/wp-content\/uploads\/2018\/11\/112018_2221_Mercredi21n4.jpg\" alt=\"\"><span style=\"color: #777777; font-family: Arial;\"><br \/>\n<\/span><\/p>\n<p><span style=\"color: #777777; font-family: Arial;\">Dans un cimeti\u00e8re manifestement peu entretenu, avec en arri\u00e8re-plan, un village relativement \u00e9pargn\u00e9 par la guerre et les bombardements, cette tombe attire l&rsquo;attention.<br \/>\n<\/span><\/p>\n<p><span style=\"color: #777777; font-family: Arial;\">Il est \u00e9crit en allemand \u00ab&nbsp;Ein Franz\u00f6sicher Held&nbsp;\u00bb \u00ab&nbsp;Un h\u00e9ros fran\u00e7ais&nbsp;\u00bb<br \/>\n<\/span><\/p>\n<p><span style=\"color: #777777; font-family: Arial;\">Le commentaire en 2014 est&nbsp;:<br \/>\n<\/span><\/p>\n<p style=\"margin-left: 28pt;\"><span style=\"color: #c00000; font-family: Arial;\">\u00ab&nbsp;Cette inscription peut \u00eatre \u00e9mouvante, en ce qu&rsquo;elle montre que m\u00eame entre adversaires, on honore le courage de l&rsquo;ennemi en lui offrant une s\u00e9pulture\u2026 un geste rare.&nbsp;\u00bb<br \/>\n<\/span><\/p>\n<p><span style=\"color: #777777; font-family: Arial;\">Il est bien \u00e9vident qu&rsquo;on ne peut montrer un tel geste chevaleresque de l&rsquo;ennemi.<br \/>\n<\/span><\/p>\n<p><span style=\"color: #777777; font-family: Arial;\">Aujourd&rsquo;hui nous savons que parfois, les soldats des deux camps ont fraternis\u00e9.<br \/>\n<\/span><\/p>\n<p><span style=\"color: #777777; font-family: Arial;\">J&rsquo;ai \u00e9voqu\u00e9 ces moments dans le mot du jour du &lt;<span style=\"color: #0000ff;\"><a style=\"color: #0000ff;\" title=\"1 h 00 min\" href=\"https:\/\/lemotdujour.fr\/?p=1560\">21 d\u00e9cembre 2015<\/a><\/span>&gt;<br \/>\n<\/span><\/p>\n<p><span style=\"color: #777777; font-family: Arial;\">Et j&rsquo;avais utilis\u00e9 comme exergue, cette phrase d&rsquo;Albert Cohen&nbsp;:<br \/>\n<\/span><\/p>\n<p style=\"margin-left: 28pt;\"><span style=\"color: #c00000; font-family: Arial;\">\u00abFr\u00e8res humains et futurs cadavres, ayez piti\u00e9 les uns des autres. \u00bb<br \/>\n<\/span><\/p>\n<p><span style=\"color: maroon; font-family: Arial;\">&lt;1151&gt;<\/span><\/p>\n","protected":false},"excerpt":{"rendered":"<p>\u00ab&nbsp;Images interdites de la grande guerre&nbsp;\u00bb Expositions et livre montrant et \u00e9voquant des photos de la guerre 14-18 qui avaient \u00e9t\u00e9 censur\u00e9es \u00e0 l\u2019\u00e9poque La guerre 14-18 a \u00e9t\u00e9 une grande productrice de propagande et d\u00e9j\u00e0 de fake news. Le<\/p>\n","protected":false},"author":1,"featured_media":0,"comment_status":"open","ping_status":"closed","sticky":false,"template":"","format":"standard","meta":{"footnotes":""},"categories":[1],"tags":[118,125,28],"class_list":["post-5760","post","type-post","status-publish","format-standard","hentry","category-motdujour","tag-14-18","tag-censure","tag-photo"],"_links":{"self":[{"href":"https:\/\/lemotdujour.fr\/index.php?rest_route=\/wp\/v2\/posts\/5760","targetHints":{"allow":["GET"]}}],"collection":[{"href":"https:\/\/lemotdujour.fr\/index.php?rest_route=\/wp\/v2\/posts"}],"about":[{"href":"https:\/\/lemotdujour.fr\/index.php?rest_route=\/wp\/v2\/types\/post"}],"author":[{"embeddable":true,"href":"https:\/\/lemotdujour.fr\/index.php?rest_route=\/wp\/v2\/users\/1"}],"replies":[{"embeddable":true,"href":"https:\/\/lemotdujour.fr\/index.php?rest_route=%2Fwp%2Fv2%2Fcomments&post=5760"}],"version-history":[{"count":9,"href":"https:\/\/lemotdujour.fr\/index.php?rest_route=\/wp\/v2\/posts\/5760\/revisions"}],"predecessor-version":[{"id":12118,"href":"https:\/\/lemotdujour.fr\/index.php?rest_route=\/wp\/v2\/posts\/5760\/revisions\/12118"}],"wp:attachment":[{"href":"https:\/\/lemotdujour.fr\/index.php?rest_route=%2Fwp%2Fv2%2Fmedia&parent=5760"}],"wp:term":[{"taxonomy":"category","embeddable":true,"href":"https:\/\/lemotdujour.fr\/index.php?rest_route=%2Fwp%2Fv2%2Fcategories&post=5760"},{"taxonomy":"post_tag","embeddable":true,"href":"https:\/\/lemotdujour.fr\/index.php?rest_route=%2Fwp%2Fv2%2Ftags&post=5760"}],"curies":[{"name":"wp","href":"https:\/\/api.w.org\/{rel}","templated":true}]}}