{"id":576,"date":"2014-01-27T01:00:00","date_gmt":"2014-01-26T22:00:00","guid":{"rendered":"http:\/\/lemotdujour.fr\/?p=576"},"modified":"2017-05-08T13:20:44","modified_gmt":"2017-05-08T11:20:44","slug":"lundi-27012014","status":"publish","type":"post","link":"https:\/\/lemotdujour.fr\/?p=576","title":{"rendered":"Lundi 27\/01\/2014"},"content":{"rendered":"<div class=\"mdjDate\">Lundi 27\/01\/2014<\/div>\n<div class=\"mdjTexte\">\u00ab\u00a0Un revenu de base pour tous\u00a0\u00bb<\/div>\n<div class=\"mdjAuteur\">Baptiste Mylondo<\/div>\n<div class=\"mdjComplements\">Je crois comprendre que le mot du jour du 20 janvier qui donnait la parole \u00e0 des ma\u00eetres du monde \u00e9conomique pr\u00e9tendant que 1\/5 de la population active pouvait suffire \u00e0 maintenir l&rsquo;activit\u00e9 \u00e9conomique mondiale a choqu\u00e9 ou d\u00e9stabilis\u00e9 nombre d&rsquo;entre vous.<\/div>\n<div class=\"mdjComplements\">Certaines informations qui montrent que des r\u00e9gions \u00e9conomiques bien qu&rsquo;en croissance actuellement ne cr\u00e9ent pas d&#8217;emplois ou, comme en Allemagne, cr\u00e9ent des emplois, mais de faibles revenus, semblent indiquer que cette affirmation p\u00e9remptoire pr\u00e9sente quelques indices de vraisemblance.<\/div>\n<div class=\"mdjComplements\">C&rsquo;est dans ce contexte que l&rsquo;\u00e9mission de France Culture \u00ab\u00a0Du Grain \u00e0 moudre du 11\/12\/2013 m&rsquo;a interpell\u00e9.<\/div>\n<div class=\"mdjComplements\">Le titre de cette \u00e9mission \u00e9tait : <a href=\"http:\/\/www.franceculture.fr\/emission-du-grain-a-moudre-toute-existence-merite-t-elle-salaire-2013-12-11\">\u00ab\u00a0Toute existence m\u00e9rite-t-elle salaire ? \u00ab\u00a0<\/a><\/div>\n<div class=\"mdjComplements\">Parmi les invit\u00e9s il y avait un homme de gauche, Baptiste Mylondo, qui d\u00e9fendait l&rsquo;id\u00e9e d&rsquo;un revenu de base pour tous, revenu distribu\u00e9 de mani\u00e8re inconditionnelle.<\/div>\n<div class=\"mdjComplements\">Ce qui est \u00e9tonnant c&rsquo;est qu&rsquo;il y avait une femme politique, nettement de droite, Christine Boutin qui d\u00e9fendait le m\u00eame principe. Les motivations n&rsquo;\u00e9taient pas exactement les m\u00eames, mais le concept de revenu minimum ou de revenu de base \u00e9tait identique.<\/div>\n<div class=\"mdjComplements\">Que voil\u00e0 une id\u00e9e farfelue encore !! Peut-\u00eatre que non ! Cette \u00e9mission m&rsquo;a rappel\u00e9 que Dominique de Villepin, qui avait un moment imagin\u00e9 se pr\u00e9senter aux pr\u00e9sidentielles de 2007, avait d\u00e9fendu cette id\u00e9e.<\/div>\n<div class=\"mdjComplements\">Et pour vous convaincre que ce n&rsquo;est pas une id\u00e9e saugrenue, je vous apprendrai que nos solides, riches et pragmatiques voisins suisses vont organiser une votation consacr\u00e9e \u00e0 la mise en place d\u2019un revenu minimum pour tous ! Parfaitement !<\/div>\n<div class=\"mdjComplements\">Cette \u00e9mission de France Culture vous apprendra que cette id\u00e9e a \u00e9t\u00e9 avanc\u00e9e d\u00e8s le XVIe si\u00e8cle par Thomas More et a continu\u00e9 \u00e0 progresser jusqu&rsquo;au au XXe si\u00e8cle. Elle a m\u00eame trouv\u00e9 des d\u00e9fenseurs aux Etats-Unis, ainsi de l\u2019\u00e9conomiste James Tobin (inventeur malgr\u00e9 lui de la taxe du m\u00eame nom).<\/div>\n<div class=\"mdjComplements\">Un revenu minimum pour tous : que l\u2019on soit jeune ou vieux, que l\u2019on soit pauvre ou riche, que l\u2019on travaille ou pas : pour tous donc !<\/div>\n<div class=\"mdjComplements\">Il aurait pour vertu :<\/div>\n<p>de lutter contre la pr\u00e9carit\u00e9<\/p>\n<p>de faire diminuer le ch\u00f4mage<\/p>\n<p>de mettre fin \u00e0 la stigmatisation de plus pauvres<\/p>\n<p>d&rsquo;\u00e9manciper l&rsquo;individu en ne l&rsquo;obligeant plus \u00e0 travailler.<\/p>\n<div class=\"mdjComplements\">Cette id\u00e9e est largement d\u00e9battue sur Internet.<\/div>\n<div class=\"mdjComplements\">Il existe m\u00eame un site consacr\u00e9 \u00e0 ce seul sujet : <a href=\"http:\/\/revenudebase.info\/\">http:\/\/revenudebase.info\/<\/a><\/div>\n<div class=\"mdjComplements\">J&rsquo;aime beaucoup la phrase mise en exergue de la page d&rsquo;accueil \u00ab\u00a0<strong>Il n&rsquo;est rien au monde d&rsquo;aussi puissant qu&rsquo;une id\u00e9e dont l&rsquo;heure est venue.<\/strong>\u00a0\u00bb Victor Hugo (Encore<em> une id\u00e9e de mot du jour g\u00e2ch\u00e9e parce que je veux trop en dire en une seule fois<\/em><img decoding=\"async\" alt=\"362\" src=\"data:image\/png;base64,iVBORw0KGgoAAAANSUhEUgAAAAwAAAAMBAMAAACkW0HUAAAAGFBMVEUKnQoAWwD1\/\/UAAABEyEfI\/8j\/\/\/8AAACgxcgOAAAAB3RSTlP\/\/\/\/\/\/\/8AGksDRgAAAAFiS0dEBmFmuH0AAAAMY21QUEpDbXAwNzEyAAAAB09tt6UAAAA1SURBVBjTY0hxAQI3BiclJSUmFQan0NDQgBAGp2DTYFMEBRQMRVCBohAekAYLBorC5SCGAQAxbhQkwueTrAAAAABJRU5ErkJggg==\" \/>)<\/div>\n<div class=\"mdjComplements\">Que le ciel vous tienne en Joie et vous conserve l&rsquo;esprit ouvert aux id\u00e9es nouvelles<\/div>\n","protected":false},"excerpt":{"rendered":"<p>Lundi 27\/01\/2014 \u00ab\u00a0Un revenu de base pour tous\u00a0\u00bb Baptiste Mylondo Je crois comprendre que le mot du jour du 20 janvier qui donnait la parole \u00e0 des ma\u00eetres du monde \u00e9conomique pr\u00e9tendant que 1\/5 de la population active pouvait suffire<\/p>\n","protected":false},"author":1,"featured_media":0,"comment_status":"closed","ping_status":"closed","sticky":false,"template":"","format":"standard","meta":{"footnotes":""},"categories":[1],"tags":[],"class_list":["post-576","post","type-post","status-publish","format-standard","hentry","category-motdujour"],"_links":{"self":[{"href":"https:\/\/lemotdujour.fr\/index.php?rest_route=\/wp\/v2\/posts\/576","targetHints":{"allow":["GET"]}}],"collection":[{"href":"https:\/\/lemotdujour.fr\/index.php?rest_route=\/wp\/v2\/posts"}],"about":[{"href":"https:\/\/lemotdujour.fr\/index.php?rest_route=\/wp\/v2\/types\/post"}],"author":[{"embeddable":true,"href":"https:\/\/lemotdujour.fr\/index.php?rest_route=\/wp\/v2\/users\/1"}],"replies":[{"embeddable":true,"href":"https:\/\/lemotdujour.fr\/index.php?rest_route=%2Fwp%2Fv2%2Fcomments&post=576"}],"version-history":[{"count":1,"href":"https:\/\/lemotdujour.fr\/index.php?rest_route=\/wp\/v2\/posts\/576\/revisions"}],"predecessor-version":[{"id":577,"href":"https:\/\/lemotdujour.fr\/index.php?rest_route=\/wp\/v2\/posts\/576\/revisions\/577"}],"wp:attachment":[{"href":"https:\/\/lemotdujour.fr\/index.php?rest_route=%2Fwp%2Fv2%2Fmedia&parent=576"}],"wp:term":[{"taxonomy":"category","embeddable":true,"href":"https:\/\/lemotdujour.fr\/index.php?rest_route=%2Fwp%2Fv2%2Fcategories&post=576"},{"taxonomy":"post_tag","embeddable":true,"href":"https:\/\/lemotdujour.fr\/index.php?rest_route=%2Fwp%2Fv2%2Ftags&post=576"}],"curies":[{"name":"wp","href":"https:\/\/api.w.org\/{rel}","templated":true}]}}