{"id":5739,"date":"2018-11-19T01:06:03","date_gmt":"2018-11-19T00:06:03","guid":{"rendered":"http:\/\/lemotdujour.fr\/?p=5739"},"modified":"2021-09-26T13:52:24","modified_gmt":"2021-09-26T11:52:24","slug":"lundi-19-novembre-2018","status":"publish","type":"post","link":"https:\/\/lemotdujour.fr\/?p=5739","title":{"rendered":"Lundi 19 novembre 2018"},"content":{"rendered":"<div class=\"mdjTexte\">\t\u00abLa commission King Crane\u00bb<\/div>\n<div class=\"mdjAuteur\">\tUne commission d\u2019enqu\u00eate am\u00e9ricaine au Moyen-Orient \u00e0 la fin de la guerre 14-18 et apr\u00e8s l\u2019effondrement de l\u2019empire Ottoman<\/div>\n<p><span style=\"color: #777777; font-family: Arial;\">Apr\u00e8s avoir \u00e9voqu\u00e9 le d\u00e9mant\u00e8lement de l&rsquo;Empire Austro Hongrois, il est normal de parler de celui de l&rsquo;Empire Ottoman.<br \/>\n<\/span><\/p>\n<p><span style=\"color: #777777; font-family: Arial;\">C&rsquo;est encore plus compliqu\u00e9 et je vais le faire en deux articles, celui de demain \u00e9tant consacr\u00e9 au noyau de l&#8217;empire ottoman qui est devenu la Turquie.<br \/>\n<\/span><\/p>\n<p><span style=\"color: #777777; font-family: Arial;\">A ce stade, je n&rsquo;ai pas encore donn\u00e9 le lien vers un site que vous connaissez peut-\u00eatre et qui a \u00e9t\u00e9 cr\u00e9\u00e9 par la mission du centenaire&nbsp;: <a href=\"http:\/\/www.centenaire.org\/fr\"><span style=\"color: #0000ff;\">&lt;http:\/\/www.centenaire.org\/fr&gt;<\/span><\/a><br \/>\n<\/span><\/p>\n<p><span style=\"color: #777777; font-family: Arial;\">Sur ce site il existe une page&nbsp;: <a href=\"http:\/\/www.centenaire.org\/fr\/print\/10879\"><span style=\"color: #0000ff;\">&lt;1918, un monde en r\u00e9volutions&gt;<\/span><\/a> qui renvoie vers une s\u00e9rie d&rsquo;\u00e9missions qui a \u00e9t\u00e9 r\u00e9alis\u00e9e par France Inter et le journaliste Ali Baddou et surtout le remarquable historien <strong>Nicolas Offenstadt<\/strong>, sp\u00e9cialiste, entre autre, de la Grande Guerre. A ce titre, il est membre du comit\u00e9 scientifique des comm\u00e9morations du centenaire de la Premi\u00e8re Guerre mondiale.<br \/>\n<\/span><\/p>\n<p><span style=\"color: #777777; font-family: Arial;\">Point \u00e0 souligner, il a particip\u00e9 \u00e0 la r\u00e9daction d&rsquo;un rapport sur la r\u00e9int\u00e9gration des fusill\u00e9s de ce conflit dans la m\u00e9moire collective, qui a notamment conduit \u00e0 cr\u00e9er des espaces consacr\u00e9s aux 639 fusill\u00e9s \u00e0 l&rsquo;h\u00f4tel des Invalides.<br \/>\n<\/span><\/p>\n<p><span style=\"color: #777777; font-family: Arial;\">Un livre sur ce sujet a \u00e9t\u00e9 publi\u00e9 <span style=\"color: #0000ff;\"><a style=\"color: #0000ff;\" href=\"https:\/\/livre.fnac.com\/a2714950\/Nicolas-Offenstadt-Les-Fusilles-de-la-Grande-Guerre?omnsearchpos=6\">&lt;Nicolas Offenstadt&nbsp;: Les Fusill\u00e9s de la Grande Guerre&gt;<\/a> <\/span>et peut \u00eatre achet\u00e9 ou consult\u00e9. Il a d&rsquo;ailleurs \u00e9crit d&rsquo;autres ouvrages sur la Grande Guerre.<br \/>\n<\/span><\/p>\n<p><span style=\"color: #777777; font-family: Arial;\">La s\u00e9rie d&rsquo;\u00e9missions dont je parle comptait 8 \u00e9pisodes et a \u00e9t\u00e9 diffus\u00e9 en juillet ao\u00fbt 2018. Il s&rsquo;agit d&rsquo;\u00e9missions absolument passionnantes qui \u00e9clairent ce qui s&rsquo;est pass\u00e9 apr\u00e8s 1918 et ce qui subsiste aujourd&rsquo;hui de tous ces \u00e9v\u00e8nements, drames et massacres car il y eut encore des massacres apr\u00e8s 1918.<br \/>\n<\/span><\/p>\n<p><span style=\"color: #777777; font-family: Arial;\">Les titres des 8 \u00e9missions sont les suivants&nbsp;:<br \/>\n<\/span><\/p>\n<ul>\n<li><span style=\"color: #777777; font-family: Arial;\">1918 en Allemagne : D\u00e9faite, R\u00e9volutions et R\u00e9publique<br \/>\n<\/span><\/li>\n<li><span style=\"color: #777777; font-family: Arial;\">1918 en Chine : Nationalisme et communisme<br \/>\n<\/span><\/li>\n<li><span style=\"color: #777777; font-family: Arial;\">1918. La Russie en r\u00e9volutions : le pain et la paix<br \/>\n<\/span><\/li>\n<li><span style=\"color: #777777; font-family: Arial;\">1918 en Autriche et en Hongrie : la fin d&rsquo;un monde<br \/>\n<\/span><\/li>\n<li><span style=\"color: #777777; font-family: Arial;\">Des Slaves du Sud \u00e0 la Yougoslavie : naissance d&rsquo;un Etat<br \/>\n<\/span><\/li>\n<li><span style=\"color: #777777; font-family: Arial;\">1918 en Italie : de la guerre au Fascisme<br \/>\n<\/span><\/li>\n<li><span style=\"color: #777777; font-family: Arial;\">1918 en Syrie et en Palestine : apr\u00e8s la chute de l&rsquo;Empire Ottoman, le long h\u00e9ritage des mandats<br \/>\n<\/span><\/li>\n<li><span style=\"color: #777777; font-family: Arial;\">1918. Entre Russie et Turquie : la premi\u00e8re R\u00e9publique d&rsquo;Arm\u00e9nie<br \/>\n<\/span><\/li>\n<\/ul>\n<p><span style=\"color: #777777; font-family: Arial;\">Ces \u00e9missions sont bien s\u00fbr toujours \u00e9coutables en podcast&nbsp;: Le lien se trouve sur la page<span style=\"color: #0000ff;\"> <a style=\"color: #0000ff;\" href=\"http:\/\/www.centenaire.org\/fr\/print\/10879\">&lt;1918, un monde en r\u00e9volutions&gt;<\/a><\/span> d\u00e9j\u00e0 cit\u00e9.<br \/>\n<\/span><\/p>\n<p><span style=\"color: #777777; font-family: Arial;\">Tous ces sujets sont particuli\u00e8rement int\u00e9ressants et remarquablement trait\u00e9s.<br \/>\n<\/span><\/p>\n<p><span style=\"color: #777777; font-family: Arial;\">Pour le mot du jour d&rsquo;aujourd&rsquo;hui, je me suis largement inspir\u00e9 de l&rsquo;avant derni\u00e8re \u00e9mission <a href=\"https:\/\/www.franceinter.fr\/emissions\/1918-un-monde-en-revolutions\/1918-un-monde-en-revolutions-19-aout-2018\"><span style=\"color: #0000ff;\">&lt;1918 en Syrie et en Palestine : apr\u00e8s la chute de l&rsquo;Empire Ottoman, le long h\u00e9ritage des mandats&gt;<\/span><\/a><span style=\"color: #0000ff;\">.<\/span><br \/>\n<\/span><\/p>\n<p><span style=\"color: #777777; font-family: Arial;\">Je vais donc parler du moyen orient.<br \/>\n<\/span><\/p>\n<p><span style=\"color: #777777; font-family: Arial;\">Et pour rester p\u00e9dagogique, voici une carte de cette r\u00e9gion en 1914 que le Monde Diplomatique avait publi\u00e9 dans <span style=\"color: #0000ff;\"><a style=\"color: #0000ff;\" href=\"https:\/\/www.monde-diplomatique.fr\/cartes\/procheorient1914\">un article<\/a> <\/span>en 1992.<br \/>\n<\/span><\/p>\n<p><img decoding=\"async\" src=\"https:\/\/lemotdujour.fr\/wp-content\/uploads\/2018\/11\/111818_0005_Lundi19nove1.jpg\" alt=\"\"><span style=\"color: #777777; font-family: Arial;\"><br \/>\n<\/span><\/p>\n<p><span style=\"color: #777777; font-family: Arial;\">Cette carte montre que l&rsquo;Empire Ottoman a beaucoup recul\u00e9 depuis 1800, puisqu&rsquo;on voit sur la carte qu&rsquo;elles \u00e9taient les limites un si\u00e8cle avant (en vert).<br \/>\n<\/span><\/p>\n<p><span style=\"color: #777777; font-family: Arial;\">On voit d&rsquo;ailleurs qu&rsquo;il y avait tout une partie de l&rsquo;Europe, la Gr\u00e8ce et les Balkans qui \u00e9taient \u00e0 cette \u00e9poque-l\u00e0 sous la domination ottomane. La Gr\u00e8ce a \u00e9t\u00e9 en grande partie ottomane, d\u00e8s avant la prise de Constantinople en 1453, de m\u00eame que les balkans. La guerre d&rsquo;ind\u00e9pendance grecque s&rsquo;acheva au d\u00e9but des ann\u00e9es 1830. Pour les pays balkaniques ce fut plus tardif, mais ce n&rsquo;est pas le sujet d&rsquo;aujourd&rsquo;hui.<br \/>\n<\/span><\/p>\n<p><span style=\"color: #777777; font-family: Arial;\">Concernant le Moyen-Orient, il y a encore deux choses \u00e0 noter&nbsp;:<br \/>\n<\/span><\/p>\n<ul>\n<li><span style=\"color: #777777; font-family: Arial;\">La tr\u00e8s grande pr\u00e9sence des britanniques \u00e0 proximit\u00e9 de cette r\u00e9gion&nbsp;: en Egypte, au Soudan et \u00e0 ce qui aujourd&rsquo;hui s&rsquo;appelle le Y\u00e9men et Oman. Parall\u00e8lement la France est absente ou tr\u00e8s loin, au Maghreb. Une petite exception depuis 1884, la France est \u00e0 Djibouti dans la Corne de l&rsquo;Afrique c&rsquo;est-\u00e0-dire le c\u00f4t\u00e9 africain du golfe d&rsquo;Aden. Mais globalement, ce sont les britanniques qui sont l\u00e0-bas et qui vont faire la guerre, notamment en se servant du nationalisme arabe pour affronter les troupes ottomanes. Et tous ceux qui ont vu le film \u00ab&nbsp;<strong>Lawrence d&rsquo;Arabie<\/strong>&nbsp;\u00bb de David Lean qui est tr\u00e8s proche de la r\u00e9alit\u00e9 historique comprendront comment cela s&rsquo;est pass\u00e9.<br \/>\n<\/span><\/li>\n<li><span style=\"color: #777777; font-family: Arial;\">Le Centre de l&rsquo;Arabie, le Nedj avec pour capitale Ryad et pour famille r\u00e9gnante la famille des S\u00e9oud, ne se trouve pas dans l&#8217;empire Ottoman.<br \/>\n<\/span><\/li>\n<\/ul>\n<p><span style=\"color: #777777; font-family: Arial;\">Je vais essayer de r\u00e9sumer&nbsp;:<br \/>\n<\/span><\/p>\n<p><img loading=\"lazy\" decoding=\"async\" class=\"alignleft\" src=\"https:\/\/lemotdujour.fr\/wp-content\/uploads\/2018\/11\/111818_0005_Lundi19nove2.jpg\" alt=\"\" width=\"284\" height=\"354\" align=\"left\"><span style=\"color: #777777; font-family: Arial;\">1\u00b0 Les anglais et notamment gr\u00e2ce \u00e0 l&rsquo;officier des services de renseignements militaires britanniques arabophiles Thomas Edward Lawrence vont se servir des arabes pour vaincre les Ottomans. C&rsquo;est lui qui parvient \u00e0 gagner la confiance du ch\u00e9rif de La Mecque d&rsquo;Hussein ibn Ali de la dynastie hach\u00e9mite et va combattre directement avec les troupes arabes sous le commandement de Fay\u00e7al ibn Hussein fils du Ch\u00e9rif de la Mecque. Les arabes souhaitaient se d\u00e9barrasser des ottomans mais pour qu&rsquo;is collaborent si \u00e9troitement avec les anglais il fallait que ces derniers leur fassent quelques promesses all\u00e9chantes. Ils ont donc promis qu&rsquo;une fois la guerre gagn\u00e9e, un immense Etat arabe sous la direction de la famille r\u00e9gnante \u00e0 la Mecque verrait le jour. Il n&rsquo;est pas certain que le gouvernement britannique n&rsquo;ait jamais vraiment consid\u00e9r\u00e9 que ce f\u00fbt une solution qu&rsquo;il fallait mettre en place, mais Lawrence d&rsquo;Arabie y croyait et sa hi\u00e9rarchie l&rsquo;a laiss\u00e9 croire. Comme il \u00e9tait le principal interlocuteur des chefs arabes de la Mecque, il a su \u00eatre particuli\u00e8rement persuasif \u00e0 leur \u00e9gard.<br \/>\n<\/span><\/p>\n<p><span style=\"color: #777777; font-family: Arial;\">2\u00b0 Les anglais vont conclure, en mai 1916, avec les fran\u00e7ais, <strong>les accords secrets Sykes-Picot<\/strong>. J&rsquo;ai d\u00e9velopp\u00e9 longuement cet \u00e9v\u00e8nement lors du mot du jour du <a href=\"https:\/\/lemotdujour.fr\/?p=1328\"><span style=\"color: #1f497d;\"><span style=\"color: #0000ff;\">&lt;12 mai 2016&gt;<\/span><span style=\"color: #777777;\"><br \/>\n<\/span><\/span><\/a>Dans ces accords, il n&rsquo;est pas question d&rsquo;offrir aux Arabes un grand Etat ind\u00e9pendant mais de se partager le moyen orient en zone d&rsquo;influence. Ce qui sera fait via la proc\u00e9dure des mandats internationaux par lesquels la France exercera un protectorat sur le Liban et la Syrie et les britanniques sur tout le reste et notamment la Palestine, ce dernier point n&rsquo;\u00e9tait pas pr\u00e9vu au d\u00e9but. La position privil\u00e9gi\u00e9e des britanniques \u00e9voqu\u00e9es ci-dessus va permettre qu&rsquo;ils tirent un bien meilleur b\u00e9n\u00e9fice de ces accords que les fran\u00e7ais. Les arabes se sentiront flou\u00e9s et le colonel Lawrence aussi. Il se retirera de toutes les actions publiques, \u00e9crira son c\u00e9l\u00e8bre livre les \u00ab&nbsp;<strong>7 Piliers de la sagesse<\/strong>&nbsp;\u00bb et se tuera dans des circonstances \u00e9tranges lors d&rsquo;un accident de moto \u00e0 l&rsquo;\u00e2ge de 46 ans. La p\u00e9ninsule arabique \u00e9chappa d&rsquo;ailleurs \u00e0 la famille hach\u00e9mite pour revenir apr\u00e8s une guerre \u00e9clair au souverain de Ryad&nbsp;: Ibn S\u00e9oud qui cr\u00e9era le seul Etat du monde dont le nom contient le nom de la famille r\u00e9gnante&nbsp;: l&rsquo;Arabie Saoudite. J&rsquo;ai \u00e9galement consacr\u00e9 un mot du jour \u00e0 \u00ab<strong>La maison des Saoud<\/strong>\u00bb le<span style=\"color: #0000ff;\"> <a style=\"color: #0000ff;\" href=\"https:\/\/lemotdujour.fr\/?p=972\">&lt; 21 Janvier 2015&gt;<\/a><\/span><br \/>\n<\/span><\/p>\n<p><span style=\"color: #777777; font-family: Arial;\">3\u00b0 Et puis \u00ablast&nbsp;but&nbsp;not&nbsp;least&nbsp;\u00bb comme disent les sujets de la Perfide Albion, qui n&rsquo;a jamais aussi bien port\u00e9 son nom que dans ces \u00e9pisodes de sortie de la grande guerre au moyen orient, le gouvernement britannique a produit \u00ab&nbsp;<strong>La d\u00e9claration Balfour<\/strong>&nbsp;\u00bb. Un mot du jour assez d\u00e9taill\u00e9 y a \u00e9t\u00e9 consacr\u00e9 le<span style=\"color: #0000ff;\"> <a style=\"color: #0000ff;\" title=\"1 h 00 min\" href=\"https:\/\/lemotdujour.fr\/?p=1038\">17 mars 2015<\/a>.<\/span><br \/>\n<\/span><\/p>\n<p><span style=\"color: #777777; font-family: Arial;\">Au c\u0153ur de cette d\u00e9claration on lit&nbsp;:<br \/>\n<\/span><\/p>\n<p style=\"margin-left: 28pt;\"><span style=\"color: #c00000; font-family: Arial;\">\u00ab&nbsp;Le gouvernement de Sa Majest\u00e9 envisage favorablement l&rsquo;\u00e9tablissement en Palestine d&rsquo;un foyer national pour le peuple juif, et emploiera tous ses efforts pour faciliter la r\u00e9alisation de cet objectif&nbsp;\u00bb<br \/>\n<\/span><\/p>\n<p><span style=\"color: #777777; font-family: Arial;\">Par prudence, une petite phrase \u00e9voque&nbsp;que :&nbsp;\u00ab<span style=\"color: #c00000;\">rien ne sera fait qui puisse porter atteinte ni aux droits civils et religieux des collectivit\u00e9s non juives existant en Palestine<span style=\"color: #777777;\">&nbsp;\u00bb.<br \/>\n<\/span><\/span><\/span><\/p>\n<p><span style=\"color: #777777; font-family: Arial;\">Si des esprits pervers avaient voulu cr\u00e9er le plus grand d\u00e9sordre dans cette r\u00e9gion, il me semble qu&rsquo;ils n&rsquo;auraient pas pratiqu\u00e9 autrement que nos \u00ab&nbsp;amis&nbsp;\u00bb anglais. Les fran\u00e7ais bien qu&rsquo;ils aient \u00e9t\u00e9 largement bern\u00e9s dans ces affaires moyen orientales par les anglais, n&rsquo;ont rien fait pour emp\u00eacher cette confusion.<br \/>\n<\/span><\/p>\n<p><span style=\"color: #777777; font-family: Arial;\">C&rsquo;est \u00e0 ce stade qu&rsquo;intervient un \u00e9pisode que relate Nicolas Offenstadt dans l&rsquo;\u00e9mission pr\u00e9cit\u00e9e \u00ab&nbsp;<strong>la commission King Crane<\/strong>&nbsp;\u00bb<br \/>\n<\/span><\/p>\n<p><span style=\"color: #777777; font-family: Arial;\">Nicolas Offenstadt se penche sur le travail et le devenir de cette commission dans l&rsquo;\u00e9mission pr\u00e9cit\u00e9e.<br \/>\n<\/span><\/p>\n<p><span style=\"color: #777777; font-family: Arial;\">Ce point est aussi d\u00e9velopp\u00e9 sur un autre site d&rsquo;historiens consacr\u00e9s au Moyen Orient&nbsp;: \u00ab<span style=\"color: #0000ff;\">&nbsp;<a style=\"color: #0000ff;\" href=\"https:\/\/www.lesclesdumoyenorient.com\/\">Les cl\u00e9s du Moyen-Orient&nbsp;<\/a><\/span>\u00bb. C&rsquo;est la fondatrice de cette publication <strong>Anne-Lucie Chaigne-Oudin, <\/strong> docteur en histoire de l&rsquo;universit\u00e9 Paris-IV Sorbonne qui a \u00e9crit cet article&nbsp;: \u00ab&nbsp;<a href=\"https:\/\/www.lesclesdumoyenorient.com\/Commission-King-Crane.html\"><span style=\"color: #0000ff;\">&lt;Commission King-Crane &gt;<\/span><\/a>.:<br \/>\n<\/span><\/p>\n<p><span style=\"color: #777777; font-family: Arial;\">Les am\u00e9ricains et le Pr\u00e9sident Wilson ont&nbsp;:<br \/>\n<\/span><\/p>\n<p style=\"margin-left: 28pt;\"><span style=\"color: #c00000; font-family: Arial;\">\u00ab&nbsp;l&rsquo;id\u00e9e d&rsquo;envoyer une commission dans les provinces arabes de l&rsquo;ancien Empire ottoman [\u2026] afin d&rsquo;enqu\u00eater sur place sur les volont\u00e9s des populations. Le pr\u00e9sident Wilson souhaite que cette commission compos\u00e9e d&rsquo;Am\u00e9ricains, de Britanniques, de Fran\u00e7ais et d&rsquo;Italiens enqu\u00eate sur l&rsquo;opinion des populations concernant leur avenir, dans tous les territoires li\u00e9s par les accords Sykes-Picot.<br \/>\n<\/span><\/p>\n<p style=\"margin-left: 28pt;\"><span style=\"color: #c00000; font-family: Arial;\">Mais en d\u00e9pit des souhaits de Wilson, la commission est finalement constitu\u00e9e uniquement par des Am\u00e9ricains, issus des milieux missionnaires protestants.&nbsp;\u00bb<br \/>\n<\/span><\/p>\n<p><span style=\"color: #777777; font-family: Arial;\">Les anglais et les fran\u00e7ais ne veulent \u00e9videmment pas participer \u00e0 cette enqu\u00eate qui pourrait \u00eatre d\u00e9stabilisante pour ceux qui avaient pris des d\u00e9cisions en chambre, entre diplomates et repr\u00e9sentant des puissances coloniales.<br \/>\n<\/span><\/p>\n<p style=\"margin-left: 28pt;\"><span style=\"color: #c00000; font-family: Arial;\">\u00ab&nbsp;Pr\u00e9sid\u00e9e par le docteur Henri King, auteur d&rsquo;ouvrages de th\u00e9ologie et de philosophie et par Charles Crane, industriel de Chicago, tous deux membres de la Conf\u00e9rence de la paix, la commission d\u00e9bute son enqu\u00eate en mai 1919 et se rend dans la zone d&rsquo;occupation britannique en Palestine (Jaffa, J\u00e9rusalem, Caza de Ramleh et de Lydda, r\u00e9gion d&rsquo;H\u00e9bron), dans la zone d&rsquo;occupation arabe en Syrie (Damas, D\u00e9raa, Baalbeck, Homs, Hama), et dans la zone d&rsquo;occupation fran\u00e7aise au Liban jusqu&rsquo;\u00e0 Alexandrette (Beyrouth, Djbail, Batroum, Bkerk\u00e9, Sa\u00efda, Tyr, Ainab, Baadba, Zahl\u00e9, Tripoli, Alexandrette, Lattaqui\u00e9) et en Cilicie, la M\u00e9sopotamie n&rsquo;\u00e9tant finalement pas incluse. Globalement, l&rsquo;enqu\u00eate met en \u00e9vidence la volont\u00e9, dans les milieux musulmans de Syrie, du Liban et de Palestine, de l&rsquo;unit\u00e9 arabe et de l&rsquo;ind\u00e9pendance, et dans les milieux maronites et grecs-catholiques, de la pr\u00e9sence fran\u00e7aise et de la cr\u00e9ation d&rsquo;un Liban ind\u00e9pendant.<br \/>\n<\/span><\/p>\n<p style=\"margin-left: 28pt;\"><span style=\"color: #c00000; font-family: Arial;\">La commission sort son rapport \u00e0 l&rsquo;automne 1919.<br \/>\n<\/span><\/p>\n<p style=\"margin-left: 28pt;\"><span style=\"color: #c00000; font-family: Arial;\">Mais ses recommandations ne sont pas prises en compte, car dans le m\u00eame temps, Wilson doit faire face \u00e0 d&rsquo;autres d\u00e9cisions et \u00e0 un \u00e9tat de sant\u00e9 pr\u00e9occupant. En outre, le s\u00e9nat am\u00e9ricain rejette le trait\u00e9 de Versailles et les responsables am\u00e9ricains se retirent de la conf\u00e9rence de la paix.<br \/>\n<\/span><\/p>\n<p style=\"margin-left: 28pt;\"><span style=\"color: #c00000; font-family: Arial;\">Le rapport de la commission King-Crane n&rsquo;est connu qu&rsquo;en d\u00e9cembre 1922 et n&rsquo;a aucune influence car les mandats ont d\u00e9j\u00e0 \u00e9t\u00e9 attribu\u00e9s \u00e0 la France sur la Syrie et le Liban et \u00e0 la Grande-Bretagne sur la Palestine et l&rsquo;Irak.&nbsp;\u00bb<br \/>\n<\/span><\/p>\n<p><span style=\"color: #777777; font-family: Arial;\">En r\u00e9sum\u00e9 et sous l&rsquo;influence du Pr\u00e9sident Wilson, cette commission poursuit l&rsquo;id\u00e9e saugrenue d&rsquo;interroger la population du Moyen-orient, cherche \u00e0 conna\u00eetre son avis sur les \u00e9volutions \u00e0 venir et surtout vient enqu\u00eater sur place pour comprendre ce qui se passait et ce qui risquait de se passer.<br \/>\n<\/span><\/p>\n<p><span style=\"color: #777777; font-family: Arial;\">Constatons qu&rsquo;en face, les puissances coloniales Grande Bretagne et France n&rsquo;ont interrog\u00e9 personne, ont d\u00e9cid\u00e9 selon leur bon vouloir, leurs int\u00e9r\u00eats. Elles ont d\u00e9cid\u00e9 des fronti\u00e8res, des gouvernants et de la d\u00e9stabilisation de la Palestine en encourageant une arriv\u00e9e massive d&rsquo;une population juive venant pour l&rsquo;essentiel d&rsquo;Europe.<br \/>\n<\/span><\/p>\n<p><span style=\"color: #777777; font-family: Arial;\">Lors du d\u00e9mant\u00e8lement de l&#8217;empire austro hongrois, les alli\u00e9s ont donn\u00e9 les cl\u00e9s du pouvoir des nouveaux \u00c9tats \u00e0 des nationaux et surtout ont accept\u00e9 que ces Etats soient souverains.<br \/>\n<\/span><\/p>\n<p><span style=\"color: #777777; font-family: Arial;\">Rien de tel au Moyen-Orient.<br \/>\n<\/span><\/p>\n<p><span style=\"color: #777777; font-family: Arial;\">Cette commission remet en cause le partage pr\u00e9vu par Sykes-Picot, pr\u00e9conise un grand Etat arabe et une limitation de l&rsquo;\u00e9migration juive.<br \/>\n<\/span><\/p>\n<p><span style=\"color: #777777; font-family: Arial;\">On ne sait pas, dit Nicolas Offenstadt, si les \u00e9v\u00e8nements se seraient d\u00e9roul\u00e9s tr\u00e8s diff\u00e9remment et que la situation chaotique du Moyen-Orient d&rsquo;aujourd&rsquo;hui aurait pu \u00eatre \u00e9vit\u00e9e si on avait poursuivi les r\u00e9flexions de la commission King Crane.<br \/>\n<\/span><\/p>\n<p><span style=\"color: #777777; font-family: Arial;\">Le fait que les Etats-Unis se soient retir\u00e9s des instances internationales par le refus du S\u00e9nat am\u00e9ricain de ratifier le Trait\u00e9 de Versailles rendait, en toute hypoth\u00e8se, difficile de donner une suite \u00e0 cette d\u00e9marche. Les seuls ma\u00eetres du terrain restant les britanniques et les fran\u00e7ais.<br \/>\n<\/span><\/p>\n<p><span style=\"color: #777777; font-family: Arial;\">En tout cas en 1920, la carte du Moyen Orient ressemble \u00e0 cela&nbsp;:<br \/>\n<\/span><\/p>\n<p><img loading=\"lazy\" decoding=\"async\" class=\"\" src=\"https:\/\/lemotdujour.fr\/wp-content\/uploads\/2018\/11\/111818_0005_Lundi19nove3.jpg\" alt=\"\" width=\"587\" height=\"440\"><span style=\"color: #777777; font-family: Arial;\"><br \/>\n<\/span><\/p>\n<p><span style=\"color: maroon; font-family: Arial;\">&lt;1149&gt;<\/span><\/p>\n","protected":false},"excerpt":{"rendered":"<p>\u00abLa commission King Crane\u00bb Une commission d\u2019enqu\u00eate am\u00e9ricaine au Moyen-Orient \u00e0 la fin de la guerre 14-18 et apr\u00e8s l\u2019effondrement de l\u2019empire Ottoman Apr\u00e8s avoir \u00e9voqu\u00e9 le d\u00e9mant\u00e8lement de l&rsquo;Empire Austro Hongrois, il est normal de parler de celui de<\/p>\n","protected":false},"author":1,"featured_media":0,"comment_status":"open","ping_status":"closed","sticky":false,"template":"","format":"standard","meta":{"footnotes":""},"categories":[1],"tags":[118,119],"class_list":["post-5739","post","type-post","status-publish","format-standard","hentry","category-motdujour","tag-14-18","tag-moyen-orient"],"_links":{"self":[{"href":"https:\/\/lemotdujour.fr\/index.php?rest_route=\/wp\/v2\/posts\/5739","targetHints":{"allow":["GET"]}}],"collection":[{"href":"https:\/\/lemotdujour.fr\/index.php?rest_route=\/wp\/v2\/posts"}],"about":[{"href":"https:\/\/lemotdujour.fr\/index.php?rest_route=\/wp\/v2\/types\/post"}],"author":[{"embeddable":true,"href":"https:\/\/lemotdujour.fr\/index.php?rest_route=\/wp\/v2\/users\/1"}],"replies":[{"embeddable":true,"href":"https:\/\/lemotdujour.fr\/index.php?rest_route=%2Fwp%2Fv2%2Fcomments&post=5739"}],"version-history":[{"count":6,"href":"https:\/\/lemotdujour.fr\/index.php?rest_route=\/wp\/v2\/posts\/5739\/revisions"}],"predecessor-version":[{"id":12120,"href":"https:\/\/lemotdujour.fr\/index.php?rest_route=\/wp\/v2\/posts\/5739\/revisions\/12120"}],"wp:attachment":[{"href":"https:\/\/lemotdujour.fr\/index.php?rest_route=%2Fwp%2Fv2%2Fmedia&parent=5739"}],"wp:term":[{"taxonomy":"category","embeddable":true,"href":"https:\/\/lemotdujour.fr\/index.php?rest_route=%2Fwp%2Fv2%2Fcategories&post=5739"},{"taxonomy":"post_tag","embeddable":true,"href":"https:\/\/lemotdujour.fr\/index.php?rest_route=%2Fwp%2Fv2%2Ftags&post=5739"}],"curies":[{"name":"wp","href":"https:\/\/api.w.org\/{rel}","templated":true}]}}