{"id":5724,"date":"2018-11-16T02:39:27","date_gmt":"2018-11-16T01:39:27","guid":{"rendered":"http:\/\/lemotdujour.fr\/?p=5724"},"modified":"2021-09-26T13:54:01","modified_gmt":"2021-09-26T11:54:01","slug":"vendredi-16-novembre-2018","status":"publish","type":"post","link":"https:\/\/lemotdujour.fr\/?p=5724","title":{"rendered":"Vendredi 16 novembre 2018"},"content":{"rendered":"<div class=\"mdjTexte\">\t\u00ab&nbsp;La dislocation de l\u2019Autriche-Hongrie&nbsp;\u00bb<\/div>\n<div class=\"mdjAuteur\">\tUne des cons\u00e9quences majeures de la d\u00e9faite des empires centraux.<\/div>\n<p><span style=\"color: #777777; font-family: Arial;\">La plan\u00e8te comptait 53 \u00c9tats ind\u00e9pendants et souverains en 1914. En 1932, elle en rassemblait 77.<br \/>\n<\/span><\/p>\n<p><span style=\"color: #777777; font-family: Arial;\">Par comparaison l&rsquo;ONU compte, aujourd&rsquo;hui, 193 \u00c9tats membres.<br \/>\n<\/span><\/p>\n<p><img decoding=\"async\" class=\"alignleft\" src=\"https:\/\/lemotdujour.fr\/wp-content\/uploads\/2018\/11\/111518_2239_Vendredi16n1.jpg\" alt=\"\" align=\"left\"><span style=\"color: #777777; font-family: Arial;\">Mais revenons aux cons\u00e9quences de la premi\u00e8re guerre mondiale dont la partie la plus visible fut le d\u00e9mant\u00e8lement des Empires ottomans et Austro-Hongrois.<br \/>\n<\/span><\/p>\n<p><span style=\"color: #777777; font-family: Arial;\">L&#8217;empire d&rsquo;Autriche Hongrie repr\u00e9sentait un immense territoire au milieu de l&rsquo;Europe.<br \/>\n<\/span><\/p>\n<p><span style=\"color: #777777; font-family: Arial;\">Sur la carte de 1914 que nous voyons ici, on constate qu&rsquo;il avait un empire encore plus grand comme voisin, l&rsquo;Empire de Russie. Le pouvoir tsariste va s&rsquo;effondrer, L\u00e9nine va rapidement faire la paix avec les puissances centrales et abandonner ses alli\u00e9s fran\u00e7ais et anglais.<br \/>\n<\/span><\/p>\n<p><span style=\"color: #777777; font-family: Arial;\">Nous savons que les relations franco-anglaises ont toujours \u00e9t\u00e9 conflictuelles. Le plus souvent ces deux Etats \u00e9taient ennemis. En tout cas, la Grande Bretagne a toujours \u00e9t\u00e9 dans des coalitions contre la France, tant que la France constituait la puissance militaire continentale la plus forte.<br \/>\n<\/span><\/p>\n<p><span style=\"color: #777777; font-family: Arial;\">Mais la guerre de 1870 et la cr\u00e9ation du 2<sup>\u00e8me<\/sup> empire, du deuxi\u00e8me Reich en langage <span style=\"color: #0000ff;\"><a style=\"color: #0000ff;\" href=\"https:\/\/fr.wikipedia.org\/wiki\/Tudesque\">tudesque<\/a><\/span> a compl\u00e9tement chang\u00e9 la donne. La puissance continentale principale devenait l&#8217;empire allemand. Et ce que jamais la France n&rsquo;est parvenu \u00e0 faire, la puissance industrielle allemande a concurrenc\u00e9 puis d\u00e9pass\u00e9 celle du Royaume Uni. Insupportable pour cette derni\u00e8re et elle fit donc alliance avec la France bien que cette derni\u00e8re \u00e9tait une concurrente du point de vue de l&#8217;empire colonial. Mais moins forte que la perfide Albion, ce qui convenait \u00e0 cette derni\u00e8re. Mais ce pass\u00e9 explique que l&rsquo;entente franco anglaise \u00e9tait pleine d&rsquo;arri\u00e8re-pens\u00e9es.<br \/>\n<\/span><\/p>\n<p><span style=\"color: #777777; font-family: Arial;\">Le v\u00e9ritable alli\u00e9 de la France \u00e9tait l&rsquo;Empire Russe.<br \/>\n<\/span><\/p>\n<p><span style=\"color: #777777; font-family: Arial;\">La guerre, la r\u00e9volution bolchevique ont conduit \u00e0 ce <strong>que la France qui \u00e9tait entr\u00e9e dans la guerre avec l&rsquo;alliance russe, en est sortie avec l&rsquo;alliance am\u00e9ricaine.<br \/>\n<\/strong><\/span><\/p>\n<p><span style=\"color: #777777; font-family: Arial;\">Le corps exp\u00e9ditionnaire d&rsquo;Orient qui est illustr\u00e9 par le film \u00ab\u00a0Capitaine Conan\u00a0\u00bb sera d&rsquo;ailleurs en partie engag\u00e9 dans la guerre civile russe contre les bolcheviques et du c\u00f4t\u00e9 des \u00ab&nbsp;blancs&nbsp;\u00bb.<br \/>\n<\/span><\/p>\n<p><span style=\"color: #777777; font-family: Arial;\">Nous en sommes encore l\u00e0. Il y chez certain politiques la nostalgie de la vieille alliance avec la Russie, mais pour l&rsquo;instant et malgr\u00e9 l&rsquo;histrion Trump, notre alli\u00e9 reste les Etats-Unis. Ceci remonte \u00e0 14-18.<br \/>\n<\/span><\/p>\n<p><span style=\"color: #777777; font-family: Arial;\">L&#8217;empire russe \u00e0 la sortie de la guerre va devenir l&rsquo;Union Sovi\u00e9tique et ne perdra pratiquement aucun territoire. La seconde guerre mondiale renforcera sa puissance et lui permettra de soumettre des Etats vassaux dans une organisation enti\u00e8rement domin\u00e9e par elle&nbsp;: le Pacte de Varsovie.<br \/>\n<\/span><\/p>\n<p><span style=\"color: #777777; font-family: Arial;\">Si la Russie se transforme en Union Sovi\u00e9tique militairement plus fort que la Russie, ce n&rsquo;est pas le cas de l&rsquo;Autriche-Hongrie. <\/span><\/p>\n<p><span style=\"color: #777777; font-family: Arial;\">J&rsquo;avais consacr\u00e9 le mot du jour du 24\/06\/2014 \u00e0<span style=\"color: #0000ff;\"> \u00ab<a style=\"color: #0000ff;\" href=\"https:\/\/lemotdujour.fr\/?p=748\">La Cacanie<\/a><\/span>\u00bb dont parlait Robert Musil dans son roman \u00ab<strong>&nbsp;L&rsquo;homme sans qualit\u00e9s&nbsp;<\/strong>\u00bb pour d\u00e9signer l&#8217;empire austro-hongrois avant la premi\u00e8re guerre mondiale. Car cet empire avait pour nom pr\u00e9cis L&#8217;empire d&rsquo;Autriche et Royaume de Hongrie ce qui donnait en allemand : Kaiserliche und K\u00f6nigliche \u00d6sterreichisch-Ungarischen, c&rsquo;est-\u00e0-dire <strong>K<\/strong>aiser Empereur et <strong>K<\/strong>\u00f6nig Roi d&rsquo;o\u00f9 KK et donc <strong>Cacanie<\/strong><br \/>\n<\/span><\/p>\n<p><img decoding=\"async\" class=\"alignleft\" src=\"https:\/\/lemotdujour.fr\/wp-content\/uploads\/2018\/11\/111518_2239_Vendredi16n2.jpg\" alt=\"\" align=\"left\"><span style=\"color: #777777; font-family: Arial;\">La Cacanie \u00e9tait un empire qui est le contraire d&rsquo;un \u00c9tat nation.<br \/>\n<\/span><\/p>\n<p><span style=\"color: #777777; font-family: Arial;\">L\u2019\u00c9tat nation peut comprendre des minorit\u00e9s mais pour l&rsquo;essentiel est constitu\u00e9 d&rsquo;un peuple national qui s&rsquo;approprie l\u2019\u00c9tat ou dit autrement obtient sa souverainet\u00e9 par l\u2019\u00c9tat.<br \/>\n<\/span><\/p>\n<p><span style=\"color: #777777; font-family: Arial;\">L&rsquo;Allemagne \u00e9tait un \u00c9tat nation en 1914.<br \/>\n<\/span><\/p>\n<p><span style=\"color: #777777; font-family: Arial;\">Quand on regarde une carte de l&rsquo;Autriche Hongrie, on constate que l&rsquo;Empire est compos\u00e9,d&rsquo;une multitude de nations.<br \/>\n<\/span><\/p>\n<p><span style=\"color: #777777; font-family: Arial;\">Et cette carte est particuli\u00e8rement int\u00e9ressante pour l&rsquo;Europ\u00e9en d&rsquo;aujourd&rsquo;hui.<br \/>\n<\/span><\/p>\n<p><span style=\"color: #777777; font-family: Arial;\">Il est question des \u00ab&nbsp;<strong>Croates<\/strong>&nbsp;\u00bb aujourd&rsquo;hui il existe un \u00c9tat <strong>Croate<\/strong>, m\u00eame que ce fut l&rsquo;adversaire de la France en finale de la coupe du monde de football. Mais la Croatie ne date pas de 1918, il fallut une autre guerre pour que cet \u00c9tat se cr\u00e9e en 1991..<br \/>\n<\/span><\/p>\n<p><span style=\"color: #777777; font-family: Arial;\">Alors, s&rsquo;il n&rsquo;existe pas de Ruth\u00e8nie, mais aujourd&rsquo;hui il existe la Slovaquie, la Slov\u00e9nie, la Tch\u00e9quie et m\u00eame quelques autres..<br \/>\n<\/span><\/p>\n<p><span style=\"color: #777777; font-family: Arial;\">Nous avons parl\u00e9, hier, de la cr\u00e9ation de la Pologne qui a repris son territoire en amputant la Russie et l&rsquo;Allemagne, mais aussi l&rsquo;Autriche Hongrie qui occupait un territoire autour de Cracovie.<br \/>\n<\/span><\/p>\n<p><span style=\"color: #777777; font-family: Arial;\">En principal cependant le d\u00e9mant\u00e8lement de l&rsquo;Empire austro-hongrois consista dans la cr\u00e9ation de 4 \u00c9tats&nbsp;:<br \/>\n<\/span><\/p>\n<ul>\n<li><span style=\"color: #777777; font-family: Arial;\"><strong>L&rsquo;Autriche<\/strong>, le c\u0153ur de l&#8217;empire et sa capitale, Vienne, d\u00e9sormais disproportionn\u00e9e, se resserre dans un tout petit \u00c9tat qui est devenu une R\u00e9publique. Les dirigeants souhaitaient fusionner avec l&rsquo;Allemagne, les anglo-saxons trouvaient l&rsquo;id\u00e9e acceptable, mais pas la France qui a oppos\u00e9 un veto \u00e0 cette perspective;<br \/>\n<\/span><\/li>\n<li><span style=\"color: #777777; font-family: Arial;\"><strong>La Hongrie<\/strong>, qui \u00e9tait le royaume \u00e0 l&rsquo;int\u00e9rieur de la Cacanie et disposait de ses propres chambres l\u00e9gislatives. Elle aussi r\u00e9tr\u00e9cit de mani\u00e8re consid\u00e9rable&nbsp;: perte des deux tiers de son territoire et de pr\u00e8s des deux tiers de sa population (qui passait brusquement de 20 \u00e0 7,6 millions d&rsquo;\u00e2mes). Les Hongrois garde la nostalgie de ce qu&rsquo;ils appellent la \u00ab&nbsp;Grande Hongrie\u00bb qui fit aussi l&rsquo;objet <span style=\"color: #0000ff;\"><a style=\"color: #0000ff;\" href=\"https:\/\/lemotdujour.fr\/?p=750\">d&rsquo;un mot du jour<\/a><\/span>.<br \/>\n<\/span><\/li>\n<li><span style=\"color: #777777; font-family: Arial;\"><strong>La Tch\u00e9coslovaquie<\/strong> qui regroupait les nations tch\u00e8ques et slovaques<br \/>\n<\/span><\/li>\n<li>\n<div><span style=\"color: #777777; font-family: Arial;\"><strong>La Yougoslavie<\/strong> qui regroupait les nations serbes, croates, bosniaques, slov\u00e8nes.<br \/>\n<\/span><\/div>\n<\/li>\n<\/ul>\n<p><span style=\"color: #777777; font-family: Arial;\">La Tch\u00e9coslovaquie est sortie du <\/span><span style=\"font-family: Arial;\"><strong><a href=\"https:\/\/fr.wikipedia.org\/wiki\/Trait%C3%A9_de_Saint-Germain-en-Laye_(1919)\"><span style=\"color: #0000ff;\">trait\u00e9 de Saint-Germain-en-Laye<\/span><\/a><\/strong><\/span><span style=\"color: #777777; font-family: Arial;\"> outre le Tch\u00e8ques et les Slovaques, ce nouvel \u00c9tat inclut aussi des minorit\u00e9s allemandes, ruth\u00e8nes, hongroises, polonaises. La minorit\u00e9 allemande des sud\u00e8tes constitua le pr\u00e9texte pour Hitler d&rsquo;occuper d&rsquo;abord le territoire des sud\u00e8tes apr\u00e8s le sombre \u00e9pisode des <span style=\"color: #0000ff;\"><a style=\"color: #0000ff;\" href=\"https:\/\/fr.wikipedia.org\/wiki\/Accords_de_Munich\">accords de M\u00fcnich<\/a><\/span>, puis tout le territoire tch\u00e9coslovaque. Hitler qui \u00e9tait autrichien, consid\u00e9rait l&rsquo;annexion de ce jeune Etat comme un juste retour dans l&rsquo;Empire Allemand qui avait fusionn\u00e9 avec l&rsquo;Autriche.<br \/>\n<\/span><\/p>\n<p><span style=\"color: #777777; font-family: Arial;\">Apr\u00e8s la seconde guerre mondiale, la Tch\u00e9coslovaquie retrouva son ind\u00e9pendance, ind\u00e9pendance limit\u00e9e par son appartenance au bloc sovi\u00e9tique. Mais quand le communisme s&rsquo;effondra \u00e0 l&rsquo;est, les nations qui n&rsquo;avaient pu devenir \u00c9tat-nation en 1918 prirent leur revanche et la Tch\u00e9coslovaquie donna naissance \u00e0 la Slovaquie et la R\u00e9publique Tch\u00e8que le 31 d\u00e9cembre 1992 \u00e0 minuit. Cette s\u00e9paration se passa dans le calme et la paix.<br \/>\n<\/span><\/p>\n<p><span style=\"color: #777777; font-family: Arial;\">Tel ne fut pas le cas de la dislocation de la Yougoslavie.<br \/>\n<\/span><\/p>\n<p><span style=\"color: #777777; font-family: Arial;\">Mais avant la dislocation il a fallu la cr\u00e9er. <strong>La Yougoslavie fut cr\u00e9\u00e9e le 1er d\u00e9cembre 1918 sous le nom de Royaume des Serbes, Croates et Slov\u00e8nes.<\/strong><br \/>\n<\/span><\/p>\n<p><span style=\"color: #777777; font-family: Arial;\">Le nom Yougoslavie signifiant pays des Slaves du Sud.<br \/>\n<\/span><\/p>\n<p><span style=\"color: #777777; font-family: Arial;\">En r\u00e9alit\u00e9 la cr\u00e9ation de la Yougoslavie est la r\u00e9compense accord\u00e9e \u00e0 la Serbie qui \u00e9tait du c\u00f4t\u00e9 des alli\u00e9s et notamment l&rsquo;alli\u00e9 de la France. Rappelons que c&rsquo;est la d\u00e9claration de guerre de l&rsquo;Autriche-Hongrie contre la Serbie qui de mani\u00e8re factuelle entra\u00eena toutes les autres d\u00e9clarations de guerre dans les jours qui ont suivi et qui a ouvert la premi\u00e8re guerre mondiale.<br \/>\n<\/span><\/p>\n<p><span style=\"color: #777777; font-family: Arial;\">Cette d\u00e9claration de guerre qui avait pour pr\u00e9texte le fait que la Serbie refusa, comme tout \u00e9tat souverain qui se respecte, de laisser entrer des policiers autrichiens sur son territoire pour poursuivre le groupe qui aida le bosniaque Gavrilo Princip \u00e0 assassiner l&rsquo;archiduc Fran\u00e7ois-Ferdinand d&rsquo;Autriche le 28 juin 1914 \u00e0 Sarajevo.<br \/>\n<\/span><\/p>\n<p><span style=\"color: #777777; font-family: Arial;\">On constate donc que le territoire de la future Yougoslavie fut au c\u0153ur de ces \u00e9v\u00e8nements qui d\u00e9clench\u00e8rent la grande guerre.<br \/>\n<\/span><\/p>\n<p><span style=\"color: #777777; font-family: Arial;\">Mais au sein de la Yougoslavie, la rivalit\u00e9 entre nations fut toujours vive pour finalement d\u00e9boucher sur la terrible guerre de Yougoslavie.<br \/>\n<\/span><\/p>\n<p><span style=\"color: #777777; font-family: Arial;\">Wikipedia pr\u00e9cise qu&rsquo;<br \/>\n<\/span><\/p>\n<p style=\"margin-left: 28pt;\"><span style=\"color: #c00000; font-family: Arial;\">\u00ab&nbsp;Imm\u00e9diatement, des d\u00e9saccords se manifestent \u00e0 propos des termes de l&rsquo;union propos\u00e9e avec la Serbie. Au projet f\u00e9d\u00e9raliste d&rsquo;inspiration germanique, d\u00e9fendu surtout par les Slov\u00e8nes et les Croates, s&rsquo;oppose le projet jacobin et centralisateur d&rsquo;inspiration fran\u00e7aise, d\u00e9fendu surtout par les Serbes. Svetozar Pribi\u0107evi\u0107, un Serbe de Croatie, pr\u00e9sident de la coalition croato-serbe et vice-pr\u00e9sident de l&rsquo;\u00c9tat, souhaite une union imm\u00e9diate et sans condition. D&rsquo;autres, en faveur d&rsquo;une f\u00e9d\u00e9ration yougoslave, \u00e9taient plus h\u00e9sitants, craignant que la Serbie n&rsquo;annexe simplement les territoires sud-slaves de l&rsquo;ex-Autriche-Hongrie.&nbsp;\u00bb<br \/>\n<\/span><\/p>\n<p><span style=\"color: #777777; font-family: Arial;\">Ce paragraphe nous apprend deux points importants, le premier est la d\u00e9sunion des nations de la Yougoslavie et le second est que les Croates furent toujours soutenus par les allemands et les Serbes par la France.<br \/>\n<\/span><\/p>\n<p><span style=\"color: #777777; font-family: Arial;\">L&rsquo;entourage du Pr\u00e9sident Macron a compl\u00e9ment oubli\u00e9 ce point,<em> ah les jeunes qui ne connaissent pas l&rsquo;Histoire&nbsp;!<\/em>, en ne donnant pas la juste place au Pr\u00e9sident de la Serbie lors de la c\u00e9r\u00e9monie de l&rsquo;Arc de Triomphe le 11 novembre 2018.<br \/>\n<\/span><\/p>\n<p><span style=\"color: #777777; font-family: Arial;\">Le <span style=\"color: #0000ff;\"><a style=\"color: #0000ff;\" href=\"http:\/\/www.lefigaro.fr\/vox\/monde\/2018\/11\/13\/31002-20181113ARTFIG00340-commemoration-du-11-novembre-la-serbie-injustement-humiliee.php\">pr\u00e9sident serbe fut rel\u00e9gu\u00e9<\/a> <\/span>sur une tribune annexe, alors que sur la tribune principale se trouvait le premier ministre isra\u00e9lien, alors qu&rsquo;Isra\u00ebl n&rsquo;existait pas en 1918 et Erdogan le pr\u00e9sident de la Turquie ennemie.<br \/>\n<\/span><\/p>\n<p><span style=\"color: #777777; font-family: Arial;\">Mais cette d\u00e9sunion fut aussi sensible et contre-productive lors du d\u00e9clenchement de la guerre civile en Yougoslavie dans les ann\u00e9es 1990, car les allemands et les fran\u00e7ais plut\u00f4t que d&rsquo;\u0153uvrer pour la paix et la r\u00e9conciliation avaient retrouv\u00e9 leurs pulsions anciennes : la premi\u00e8re aidant la Croatie et l&rsquo;autre allant soutenir la Serbie. Apr\u00e8s les horreurs de cette guerre civile, l&rsquo;Allemagne et France retrouv\u00e8rent la raison et eurent une position plus positive. Mais comme toujours, depuis 14-18, c&rsquo;est \u00e0 nouveau l&rsquo;intervention de l&rsquo;Alli\u00e9 am\u00e9ricain qui mit fin \u00e0 cette guerre.<br \/>\n<\/span><\/p>\n<p><span style=\"color: #777777; font-family: Arial;\">Pour finir ce mot du jour \u00e9crit un peu rapidement, mais qui laisse percevoir combien cette Histoire reste pr\u00e9gnante dans l&rsquo;Europe d&rsquo;aujourd&rsquo;hui, voici la carte de l&rsquo;Europe apr\u00e8s 14-18 et les guerres qui ont suivi imm\u00e9diatement. Cette carte qui changera encore beaucoup apr\u00e8s l&rsquo;effondrement du bloc sovi\u00e9tique.<br \/>\n<\/span><\/p>\n<p><img decoding=\"async\" src=\"https:\/\/lemotdujour.fr\/wp-content\/uploads\/2018\/11\/111518_2239_Vendredi16n3.jpg\" alt=\"\"><span style=\"color: #777777; font-family: Arial;\"><br \/>\n<\/span><\/p>\n<p><span style=\"color: maroon; font-family: Arial;\">&lt;1148&gt;<\/span><\/p>\n","protected":false},"excerpt":{"rendered":"<p>\u00ab&nbsp;La dislocation de l\u2019Autriche-Hongrie&nbsp;\u00bb Une des cons\u00e9quences majeures de la d\u00e9faite des empires centraux. La plan\u00e8te comptait 53 \u00c9tats ind\u00e9pendants et souverains en 1914. En 1932, elle en rassemblait 77. Par comparaison l&rsquo;ONU compte, aujourd&rsquo;hui, 193 \u00c9tats membres. Mais revenons<\/p>\n","protected":false},"author":1,"featured_media":0,"comment_status":"open","ping_status":"closed","sticky":false,"template":"","format":"standard","meta":{"footnotes":""},"categories":[1],"tags":[118,148,121],"class_list":["post-5724","post","type-post","status-publish","format-standard","hentry","category-motdujour","tag-14-18","tag-autriche","tag-balkan"],"_links":{"self":[{"href":"https:\/\/lemotdujour.fr\/index.php?rest_route=\/wp\/v2\/posts\/5724","targetHints":{"allow":["GET"]}}],"collection":[{"href":"https:\/\/lemotdujour.fr\/index.php?rest_route=\/wp\/v2\/posts"}],"about":[{"href":"https:\/\/lemotdujour.fr\/index.php?rest_route=\/wp\/v2\/types\/post"}],"author":[{"embeddable":true,"href":"https:\/\/lemotdujour.fr\/index.php?rest_route=\/wp\/v2\/users\/1"}],"replies":[{"embeddable":true,"href":"https:\/\/lemotdujour.fr\/index.php?rest_route=%2Fwp%2Fv2%2Fcomments&post=5724"}],"version-history":[{"count":10,"href":"https:\/\/lemotdujour.fr\/index.php?rest_route=\/wp\/v2\/posts\/5724\/revisions"}],"predecessor-version":[{"id":12121,"href":"https:\/\/lemotdujour.fr\/index.php?rest_route=\/wp\/v2\/posts\/5724\/revisions\/12121"}],"wp:attachment":[{"href":"https:\/\/lemotdujour.fr\/index.php?rest_route=%2Fwp%2Fv2%2Fmedia&parent=5724"}],"wp:term":[{"taxonomy":"category","embeddable":true,"href":"https:\/\/lemotdujour.fr\/index.php?rest_route=%2Fwp%2Fv2%2Fcategories&post=5724"},{"taxonomy":"post_tag","embeddable":true,"href":"https:\/\/lemotdujour.fr\/index.php?rest_route=%2Fwp%2Fv2%2Ftags&post=5724"}],"curies":[{"name":"wp","href":"https:\/\/api.w.org\/{rel}","templated":true}]}}