{"id":572,"date":"2014-01-23T01:00:00","date_gmt":"2014-01-22T22:00:00","guid":{"rendered":"http:\/\/lemotdujour.fr\/?p=572"},"modified":"2017-05-08T13:20:41","modified_gmt":"2017-05-08T11:20:41","slug":"jeudi-23012014","status":"publish","type":"post","link":"https:\/\/lemotdujour.fr\/?p=572","title":{"rendered":"Jeudi 23\/01\/2014"},"content":{"rendered":"<div class=\"mdjDate\">Jeudi 23\/01\/2014<\/div>\n<div class=\"mdjTexte\">\u00abA Bruxelles, il y a deux \u00e9coles de pens\u00e9e :<br \/>Les uns qui ne sont pas contents, jusqu&rsquo;\u00e0 ce qu&rsquo;ils aient privatis\u00e9 le dernier cimeti\u00e8re communal, <br \/>et les autres qui ne sont pas contents jusqu&rsquo;\u00e0 ce qu&rsquo;on ait un r\u00e8glement europ\u00e9en pour les enterrements.\u00bb<\/div>\n<div class=\"mdjAuteur\">Martin Schulz Pr\u00e9sident du Parlement Europ\u00e9en Membre du SPD allemand<br \/>dans l&rsquo;\u00e9mission Tous Politique de France Inter du 12\/01\/2014<\/div>\n<div class=\"mdjComplements\">Et il a ajout\u00e9 \u00ab\u00a0Il faut terminer cela et que l&rsquo;Europe se concentre sur le ch\u00f4mage, sur le commerce transcontinental, le changement climatique, l&rsquo;\u00e9vasion fiscale\u00a0\u00bb.<\/div>\n<div class=\"mdjComplements\">Que voil\u00e0 un bon programme !<\/div>\n<div class=\"mdjComplements\">Les institutions europ\u00e9ennes qui \u00e9mergeront apr\u00e8s les \u00e9lections europ\u00e9ennes et les Etats seront-ils capables de le mettre en \u0153uvre ?<\/div>\n","protected":false},"excerpt":{"rendered":"<p>Jeudi 23\/01\/2014 \u00abA Bruxelles, il y a deux \u00e9coles de pens\u00e9e :Les uns qui ne sont pas contents, jusqu&rsquo;\u00e0 ce qu&rsquo;ils aient privatis\u00e9 le dernier cimeti\u00e8re communal, et les autres qui ne sont pas contents jusqu&rsquo;\u00e0 ce qu&rsquo;on ait un<\/p>\n","protected":false},"author":1,"featured_media":0,"comment_status":"closed","ping_status":"closed","sticky":false,"template":"","format":"standard","meta":{"footnotes":""},"categories":[1],"tags":[],"class_list":["post-572","post","type-post","status-publish","format-standard","hentry","category-motdujour"],"_links":{"self":[{"href":"https:\/\/lemotdujour.fr\/index.php?rest_route=\/wp\/v2\/posts\/572","targetHints":{"allow":["GET"]}}],"collection":[{"href":"https:\/\/lemotdujour.fr\/index.php?rest_route=\/wp\/v2\/posts"}],"about":[{"href":"https:\/\/lemotdujour.fr\/index.php?rest_route=\/wp\/v2\/types\/post"}],"author":[{"embeddable":true,"href":"https:\/\/lemotdujour.fr\/index.php?rest_route=\/wp\/v2\/users\/1"}],"replies":[{"embeddable":true,"href":"https:\/\/lemotdujour.fr\/index.php?rest_route=%2Fwp%2Fv2%2Fcomments&post=572"}],"version-history":[{"count":1,"href":"https:\/\/lemotdujour.fr\/index.php?rest_route=\/wp\/v2\/posts\/572\/revisions"}],"predecessor-version":[{"id":573,"href":"https:\/\/lemotdujour.fr\/index.php?rest_route=\/wp\/v2\/posts\/572\/revisions\/573"}],"wp:attachment":[{"href":"https:\/\/lemotdujour.fr\/index.php?rest_route=%2Fwp%2Fv2%2Fmedia&parent=572"}],"wp:term":[{"taxonomy":"category","embeddable":true,"href":"https:\/\/lemotdujour.fr\/index.php?rest_route=%2Fwp%2Fv2%2Fcategories&post=572"},{"taxonomy":"post_tag","embeddable":true,"href":"https:\/\/lemotdujour.fr\/index.php?rest_route=%2Fwp%2Fv2%2Ftags&post=572"}],"curies":[{"name":"wp","href":"https:\/\/api.w.org\/{rel}","templated":true}]}}