{"id":5713,"date":"2018-11-15T01:55:57","date_gmt":"2018-11-15T00:55:57","guid":{"rendered":"http:\/\/lemotdujour.fr\/?p=5713"},"modified":"2021-09-26T13:55:35","modified_gmt":"2021-09-26T11:55:35","slug":"jeudi-15-novembre-2018","status":"publish","type":"post","link":"https:\/\/lemotdujour.fr\/?p=5713","title":{"rendered":"Jeudi 15 novembre 2018"},"content":{"rendered":"<div class=\"mdjTexte\">\t\u00ab&nbsp;La Pologne f\u00eate les 100 ans de sa renaissance&nbsp;\u00bb<\/div>\n<div class=\"mdjAuteur\">\tUne des cons\u00e9quences de la premi\u00e8re guerre mondiale<\/div>\n<p><span style=\"color: #777777; font-family: Arial;\">Je dois avouer que je ne connais rien de la Pologne qui est pourtant le pays de ma m\u00e8re.<br \/>\n<\/span><\/p>\n<p><span style=\"color: #777777; font-family: Arial;\">Il faut savoir que dans les cons\u00e9quences de la guerre 14-18, il y a aussi la renaissance de l\u2019\u00c9tat de Pologne.<br \/>\n<\/span><\/p>\n<p><span style=\"color: #777777; font-family: Arial;\">Le sentiment national est tr\u00e8s fort dans le c\u0153ur des polonais, mais en 1914 ils n&rsquo;avaient pas d\u2019\u00c9tat.<br \/>\n<\/span><\/p>\n<p><img loading=\"lazy\" decoding=\"async\" class=\"alignleft\" src=\"https:\/\/lemotdujour.fr\/wp-content\/uploads\/2018\/11\/111418_2155_Jeudi15nove1.jpg\" alt=\"\" width=\"561\" height=\"351\" align=\"left\"><span style=\"color: #777777; font-family: Arial;\">Le dimanche 11 novembre pendant que le Pr\u00e9sident Macron pr\u00e9sidait les c\u00e9r\u00e9monies du centenaire de l&rsquo;armistice, entour\u00e9 de nombreux chef d&rsquo;Etat et de gouvernement, \u00e0 Varsovie une foule de 200&nbsp;000 polonais f\u00eatait les 100 ans de l&rsquo;ind\u00e9pendance de la Pologne dans une grande marche patriotique et une for\u00eat de drapeau. &lt;<a href=\"https:\/\/www.youtube.com\/watch?v=VaRlnwQTq-0\"><span style=\"color: #0000ff;\">J&rsquo;ai trouv\u00e9 cette vid\u00e9o d&rsquo;Euronews<\/span><\/a>&gt; qui l&rsquo;\u00e9voquait en soulignant qu&rsquo;aucun repr\u00e9sentant important des Etats de l&rsquo;Union europ\u00e9enne n&rsquo;\u00e9tait venu se joindre au peuple polonais pour f\u00eater ce grand jour pour eux. Il est vrai que le gouvernement polonais a pris des d\u00e9cisions concernant le Droit et l&rsquo;<a href=\"https:\/\/www.lemonde.fr\/europe\/article\/2018\/02\/01\/le-senat-polonais-adopte-une-loi-controversee-sur-la-shoah_5250085_3214.html\"><span style=\"color: #0000ff;\">Histoire<\/span><\/a> qui l&rsquo;ont mis sinon au ban de l&rsquo;Union du moins rendu peu fr\u00e9quentable.<br \/>\n<\/span><\/p>\n<p><span style=\"color: #777777; font-family: Arial;\">L&rsquo;image qui illustre le mot du jour a \u00e9t\u00e9 publi\u00e9e dans un article, sur ce sujet, du journal <a href=\"http:\/\/www.larepubliquedespyrenees.fr\/2018\/11\/11\/maree-de-drapeaux-a-varsovie-pour-les-100-ans-de-l-independance,2462796.php\"><span style=\"color: #0000ff;\">&lt;La R\u00e9publique des Pyr\u00e9n\u00e9es&gt;<\/span><\/a><br \/>\n<\/span><\/p>\n<p><span style=\"color: #777777; font-family: Arial;\">La Pologne et les polonais ont connu, au long des si\u00e8cles, un grand probl\u00e8me&nbsp;: <strong>leurs voisins<\/strong>.<br \/>\n<\/span><\/p>\n<p><span style=\"color: #777777; font-family: Arial;\">Le territoire des polonais est pris en \u00e9tau, comme entre un marteau et une enclume&nbsp;:<br \/>\n<\/span><\/p>\n<ul>\n<li><span style=\"color: #777777; font-family: Arial;\">A l&rsquo;Ouest, il y a l&rsquo;Allemagne, avant 1870 la Prusse<br \/>\n<\/span><\/li>\n<li><span style=\"color: #777777; font-family: Arial;\">A l&rsquo;Est, il y a la Russie,<br \/>\n<\/span><\/li>\n<\/ul>\n<p><span style=\"color: #777777; font-family: Arial;\">Ces deux immenses puissances avaient pris l&rsquo;habitude de se partager ce territoire. Et nous savons qu\u2019elles le referons, une derni\u00e8re fois en 1939, du temps de Staline et de Hitler par le pacte que signerons <span style=\"color: #0000ff;\"><a style=\"color: #0000ff;\" href=\"https:\/\/fr.wikipedia.org\/wiki\/Pacte_germano-sovi%C3%A9tique\">Von Ribbentrop et Molotov<\/a>.<\/span><br \/>\n<\/span><\/p>\n<p><span style=\"color: #777777; font-family: Arial;\">Quand l&rsquo;Allemagne envahira la Pologne ce sera le d\u00e9clenchement de la seconde guerre mondiale. Parall\u00e8lement l&rsquo;Union Sovi\u00e9tique attaquera \u00e0 l&rsquo;est.<br \/>\n<\/span><\/p>\n<p><span style=\"color: #777777; font-family: Arial;\">En 1914, un troisi\u00e8me empire, l&rsquo;Autriche-Hongrie, participait \u00e0 la partition qui datait de 1795.<br \/>\n<\/span><\/p>\n<p><span style=\"color: #777777; font-family: Arial;\">Pourtant, les historiens font de la Pologne un des plus anciens pays d&rsquo;Europe et date sa fondation de l&rsquo;an 966, date \u00e0 laquelle on fixe la christianisation de la Pologne. <\/span><a href=\"https:\/\/fr.wikipedia.org\/wiki\/Pologne\"><span style=\"font-family: Arial;\"><span style=\"color: #0000ff;\">Wikipedia<\/span><\/span><\/a><span style=\"color: #777777; font-family: Arial;\"> nous apprend que cette christianisation est l&rsquo;\u0153uvre de Mieszko Ier, duc des Polanes, et c&rsquo;est son fils Boleslas Ier le Vaillant qui deviendra le premier roi de Pologne, sacr\u00e9 en 1025.<br \/>\n<\/span><\/p>\n<p><span style=\"color: #777777; font-family: Arial;\">J&rsquo;ai trouv\u00e9 un site fran\u00e7ais sp\u00e9cialis\u00e9 pour les pays de l&rsquo;est de l&rsquo;Europe, Il s&rsquo;appelle&nbsp;: <a href=\"https:\/\/<Visegradpost.com\/fr\/2018\/10\/11\/la-pologne-fetera-bientot-les-100-ans-de-son-independance-recouvree\/\">&lt;<span style=\"color: #0000ff;\">Visegradpost<\/span>&gt;<\/a>. Ce site \u00e9crit&nbsp;:<br \/>\n<\/span><\/p>\n<p style=\"margin-left: 28pt;\"><span style=\"color: #c00000; font-family: Arial;\">\u00ab&nbsp;Le 11 novembre est un jour de f\u00eate et de comm\u00e9morations en Pologne.<br \/>\n<\/span><\/p>\n<p style=\"margin-left: 28pt;\"><span style=\"color: #c00000;\"><span style=\"font-family: Arial;\">Depuis plusieurs semaines d\u00e9j\u00e0, les drapeaux blancs et rouges flottent fi\u00e8rement pour c\u00e9l\u00e9brer la libert\u00e9 si ch\u00e8re au peuple polonais, et dont ce dernier a longtemps \u00e9t\u00e9 priv\u00e9. En 1795, la jadis puissante Pologne a totalement disparu de la carte de l&rsquo;Europe au profit de ses voisins. De 1795 \u00e0 1918, l&rsquo;Empire russe, la Prusse et l&rsquo;Autriche se partageaient l&rsquo;enti\u00e8ret\u00e9 du territoire polonais.<\/span><span style=\"font-family: Helvetica;\"><br \/>\n<\/span><\/span><\/p>\n<p style=\"margin-left: 28pt;\"><span style=\"color: #c00000; font-family: Arial;\">Durant cette longue p\u00e9riode de 123 ans, le pays fait l&rsquo;objet d&rsquo;une importante campagne de d\u00e9polonisation.<br \/>\n<\/span><\/p>\n<p style=\"margin-left: 28pt;\"><span style=\"color: #c00000;\"><span style=\"font-family: Arial;\">En plus de l&rsquo;occupation du territoire, les envahisseurs russes et allemands ont \u00e9galement men\u00e9 une politique visant \u00e0 annihiler la \u00ab polonit\u00e9 \u00bb. Le simple usage du polonais dans les territoires occup\u00e9s \u00e9tait s\u00e9v\u00e8rement puni dans ce contexte de germanisation (\u00e0 l&rsquo;Ouest) et de russification (\u00e0 l&rsquo;Est). Ceci explique en partie l&rsquo;attachement des Polonais \u00e0 leur identit\u00e9 (nationale, culturelle, religieuse,\u2026). Ce n&rsquo;est qu&rsquo;au moment de la signature de l&rsquo;Armistice du 11 novembre 1918 que la Pologne est r\u00e9apparue sur la carte du monde.<\/span><span style=\"font-family: Helvetica;\"><br \/>\n<\/span><\/span><\/p>\n<p style=\"margin-left: 28pt;\"><span style=\"color: #c00000;\"><span style=\"font-family: Arial;\">Il faut garder \u00e0 l&rsquo;esprit que la Pologne demeure l&rsquo;un des plus anciens pays d&rsquo;Europe. La fondation de l&rsquo;\u00c9tat polonais date de l&rsquo;an 966. Au cours du XVIIe si\u00e8cle, la Pologne repr\u00e9sentait une des plus grandes puissances europ\u00e9ennes avec un territoire s&rsquo;\u00e9tendant sur une superficie (largement) sup\u00e9rieure \u00e0 celle de la France actuelle (Royaume de Pologne-Lituanie, 815 000 km<span style=\"font-size: 12pt;\">2<\/span>).&nbsp;\u00bb<\/span><span style=\"font-family: Helvetica;\"><br \/>\n<\/span><\/span><\/p>\n<p><span style=\"color: #777777; font-family: Arial;\">Cet article qui parle d&rsquo;une disparition totale de la Pologne en 1795, n\u00e9glige un petit \u00e9pisode du \u00e0 Napol\u00e9on Ier qui cr\u00e9a <a href=\"https:\/\/fr.wikipedia.org\/wiki\/Duch%C3%A9_de_Varsovie\"><span style=\"color: #0000ff;\">Le duch\u00e9 de Varsovie<\/span><\/a> en <strong>1807<\/strong>, sur des territoires partiellement polonais pris au royaume de Prusse lors du trait\u00e9 de Tilsit. Le roi de Saxe Fr\u00e9d\u00e9ric-Auguste Ier, alli\u00e9 de Napol\u00e9on, devient aussi duc de Varsovie. En 1809, le duch\u00e9 re\u00e7oit des territoires repris \u00e0 l&rsquo;Empire d&rsquo;Autriche. Il prend fin d\u00e8s 1813, \u00e9tant occup\u00e9 par l&rsquo;arm\u00e9e russe \u00e0 la suite du d\u00e9sastre de la retraite de Russie.<br \/>\n<\/span><\/p>\n<p><span style=\"color: #777777; font-family: Arial;\">L&rsquo;\u00e9poque la plus glorieuse ou du moins la plus puissante de la Pologne se situe au XV et XVI si\u00e8cle quand elle s&rsquo;allie avec la Lituanie pour donner \u00ab<span style=\"color: #0000ff;\">&nbsp;<\/span><a href=\"https:\/\/fr.wikipedia.org\/wiki\/R%C3%A9publique_des_Deux_Nations\"><span style=\"color: #0000ff;\">La R\u00e9publique des deux Nations<\/span>&nbsp;<\/a>\u00bb. C&rsquo;est pendant cette p\u00e9riode que la Pologne renforc\u00e9e de la Lituanie a pu mener plusieurs invasions contre la Russie, alors affaiblie par une p\u00e9riode de troubles internes. Ses troupes parvinrent m\u00eame \u00e0 occuper Moscou du 27 septembre 1610 au 4 novembre 1612.<br \/>\n<\/span><\/p>\n<p><span style=\"color: #777777; font-family: Arial;\">L&rsquo;amoureux d&rsquo;Op\u00e9ra que je suis, se rappelle que dans le chef d&rsquo;\u0153uvre de Moussorgski \u00ab&nbsp;<strong>Boris Godounov<\/strong>&nbsp;\u00bb les troupes polonaises envahissent le plateau \u00e0 la fin de l&rsquo;Op\u00e9ra. Ce n&rsquo;est pas tout \u00e0 fait exact, les troubles internes dont il \u00e9tait question dans le paragraphe pr\u00e9c\u00e9dent concernent cette p\u00e9riode qui suit la mort d&rsquo;Ivan le Terrible et la vacance du pouvoir en raison de la mort de sa lign\u00e9e. C&rsquo;est bien <a href=\"https:\/\/fr.wikipedia.org\/wiki\/Boris_Godounov\"><span style=\"color: #0000ff;\">Boris Godounov<\/span><\/a> qui \u00e9tait un proche du Tsar qui va prendre le tr\u00f4ne. Mais il mourra subitement, le 13 avril 1605 \u00e0 Moscou donc avant l&rsquo;occupation de Moscou par les polonais en 1610.<br \/>\n<\/span><\/p>\n<p><span style=\"color: #777777; font-family: Arial;\">Cela n&rsquo;arrivera plus et l&rsquo;expansion de l&rsquo;Empire Russe au XVIII\u00e8me si\u00e8cle prendra le chemin inverse et grignotera peu \u00e0 peu le territoire polonais.<br \/>\n<\/span><\/p>\n<p><span style=\"color: #777777; font-family: Arial;\">Les russes ne sont pas les seuls \u00e0 envahir la Pologne, il y a aussi les su\u00e9dois, les prussiens et aussi les turques.<br \/>\n<\/span><\/p>\n<p><span style=\"color: #777777; font-family: Arial;\">L&rsquo;Histoire retiendra les \u00ab&nbsp;<strong>Les trois partages successifs de la Pologne<\/strong>&nbsp;\u00bb qui auront lieu en 1772, 1793 et 1795.<br \/>\n<\/span><\/p>\n<p><img decoding=\"async\" src=\"https:\/\/lemotdujour.fr\/wp-content\/uploads\/2018\/11\/111418_2155_Jeudi15nove2.png\" alt=\"\"><span style=\"color: #777777; font-family: Arial;\"><br \/>\n<\/span><\/p>\n<p><span style=\"color: #777777; font-family: Arial;\">Wikipedia nous apprend&nbsp;:<br \/>\n<\/span><\/p>\n<p style=\"margin-left: 28pt;\"><span style=\"color: #c00000; font-family: Arial;\">\u00ab&nbsp;La premi\u00e8re partition de la Pologne, en 1772, conduit \u00e0 un sursaut civique. Ce sursaut m\u00e8ne en 1791 \u00e0 la proclamation de la Constitution polonaise du 3 mai 1791, nettement moins \u00ab r\u00e9volutionnaire \u00bb que celle de la France, mais, n\u00e9anmoins per\u00e7ue comme trop dangereuse pour ses voisins, d&rsquo;o\u00f9 le deuxi\u00e8me partage, qui provoque une r\u00e9volte men\u00e9e par un h\u00e9ros de la guerre d&rsquo;ind\u00e9pendance am\u00e9ricaine, Tadeusz Ko\u015bciuszko. Cette r\u00e9volte sert de pr\u00e9texte au troisi\u00e8me partage, quand le royaume de Pologne est ray\u00e9 de la carte.&nbsp;\u00bb<br \/>\n<\/span><\/p>\n<p><span style=\"color: #777777; font-family: Arial;\">Nous savons qu&rsquo;il y a aura cependant pendant 6 ans l&rsquo;existence du duch\u00e9 de Varsovie.<br \/>\n<\/span><\/p>\n<p><span style=\"color: #777777; font-family: Arial;\">Mais pendant tout ce temps, le peuple polonais gardera sa fibre nationaliste. Les musiciens joueront un grand r\u00f4le&nbsp;: Chopin en raison de c\u00e9l\u00e9brit\u00e9 et dont la musique \u00e9voquera toujours sa Pologne natale qui n&rsquo;existait plus en tant qu&rsquo;Etat, il \u00e9crira notamment ses c\u00e9l\u00e8bres &lt;<span style=\"color: #0000ff;\"><a style=\"color: #0000ff;\" href=\"https:\/\/www.youtube.com\/watch?v=IDWSVO04qqw\">Polonaises<\/a><\/span>&gt; et c&rsquo;est un autre pianiste et compositeur<span style=\"color: #0000ff;\"> <a style=\"color: #0000ff;\" href=\"https:\/\/fr.wikipedia.org\/wiki\/Ignacy_Paderewski\">Ignace Paderewski<\/a><\/span> (1860-1941) qui jouera un r\u00f4le essentiel dans la renaissance de l&rsquo;Etat polonais, ce sera d&rsquo;ailleurs lui qui signera le Trait\u00e9 de Versailles au nom de la Pologne. Il aura surtout un r\u00f4le \u00e9minent aupr\u00e8s du Pr\u00e9sident am\u00e9ricain Woodrow Wilson.<br \/>\n<\/span><\/p>\n<p><span style=\"color: #777777; font-family: Arial;\">C&rsquo;est ainsi que le pr\u00e9sident am\u00e9ricain, dans son discours du 8 janvier 1918, prononc\u00e9 devant le Congr\u00e8s, inclut l&rsquo;ind\u00e9pendance de la Pologne parmi ses Quatorze Points :<br \/>\n<\/span><\/p>\n<p style=\"margin-left: 28pt;\"><span style=\"color: #c00000; font-family: Arial;\">\u00ab Un \u00c9tat polonais ind\u00e9pendant devra \u00eatre constitu\u00e9, qui inclura les territoires habit\u00e9s de populations indiscutablement polonaises, [\u00c9tat] auquel devra \u00eatre assur\u00e9 un acc\u00e8s libre et s\u00fbr \u00e0 la mer, et dont l&rsquo;ind\u00e9pendance politique et \u00e9conomique et l&rsquo;int\u00e9grit\u00e9 territoriale devraient \u00eatre garanties par engagement international. \u00bb<br \/>\n<\/span><\/p>\n<p><span style=\"color: #777777; font-family: Arial;\">La cr\u00e9ation de l&rsquo;Etat polonais ne sera pas une partie facile, l&rsquo;Allemagne est hors d&rsquo;\u00e9tat de nuire, mais la Russie sovi\u00e9tique dans sa crise r\u00e9volutionnaire s&rsquo;attaque \u00e0 la Pologne lors de la guerre russo-polonaise (f\u00e9vrier 1919 \u2013 mars 1921) car les fronti\u00e8res entre les deux \u00c9tats naissants, la Russie sovi\u00e9tique et la Deuxi\u00e8me R\u00e9publique de Pologne n&rsquo;avaient pas \u00e9t\u00e9 clairement d\u00e9finies par le trait\u00e9 de Versailles. A la fin de la guerre le trait\u00e9 de 1921 se traduit pour la Pologne par des concessions territoriales au regard de la situation frontali\u00e8re en avril 1920.<br \/>\n<\/span><\/p>\n<p><img decoding=\"async\" src=\"https:\/\/lemotdujour.fr\/wp-content\/uploads\/2018\/11\/111418_2155_Jeudi15nove3.png\" alt=\"\"><span style=\"color: #777777; font-family: Arial;\"><br \/>\n<\/span><\/p>\n<p><span style=\"color: #777777; font-family: Arial;\">Et apr\u00e8s le nouveau d\u00e9pe\u00e7age de la Pologne entre l&rsquo;Allemagne de Hitler et la Russie de Staline, les Polonais retrouveront un \u00c9tat en 1945, mais si peu ind\u00e9pendant car sous la coupe de l&rsquo;Union Sovi\u00e9tique par l&rsquo;interm\u00e9diaire du Parti Communiste qui s&rsquo;appelait en Pologne le<strong> POUP&nbsp;:<\/strong> Parti ouvrier unifi\u00e9 polonais<br \/>\n<\/span><\/p>\n<p><span style=\"color: #777777; font-family: Arial;\">On peut comprendre que les polonais continuent apr\u00e8s cette longue histoire \u00e0 se m\u00e9fier des russes et peut \u00eatre aussi des allemands.<br \/>\n<\/span><\/p>\n<p><span style=\"color: #777777; font-family: Arial;\">La carte de la Pologne est aujourd&rsquo;hui encore significativement diff\u00e9rente de celle de 1921. Ainsi le Dantzig allemande est devenu Gdansk et la ville polonaise de Lwow est devenu ukrainienne sous le nom de L&rsquo;viv. Varsovie s&rsquo;est rapproch\u00e9e de la fronti\u00e8re de l&rsquo;Est et Poznan s&rsquo;est \u00e9loign\u00e9e de la fronti\u00e8re de l&rsquo;Ouest. Bref, la Pologne a gagn\u00e9 sur l&rsquo;Allemagne et a perdu sur l&rsquo;Union Sovi\u00e9tique.<br \/>\n<\/span><\/p>\n<p><span style=\"color: #777777; font-family: Arial;\">Les Europ\u00e9ens exigeront comme condition de leur accord \u00e0 la R\u00e9unification de l&rsquo;Allemagne que cette derni\u00e8re reconnaisse officiellement, en 1990, le trac\u00e9 de la fronti\u00e8re polono-allemande appel\u00e9 <span style=\"color: #0000ff;\"><a style=\"color: #0000ff;\" href=\"https:\/\/fr.wikipedia.org\/wiki\/Fronti%C3%A8re_entre_l%27Allemagne_et_la_Pologne\">ligne Oder-Neisse<\/a><\/span><br \/>\n<\/span><\/p>\n<p><img decoding=\"async\" src=\"https:\/\/lemotdujour.fr\/wp-content\/uploads\/2018\/11\/111418_2155_Jeudi15nove4.jpg\" alt=\"\"><span style=\"color: #777777; font-family: Arial;\"><br \/>\n<\/span><\/p>\n<p><span style=\"color: #777777; font-family: Arial;\">Si vous voulez en conna\u00eetre davantage sur ce sujet pour pourrez lire sur le site du journal \u00ab&nbsp;La Croix&nbsp;\u00bb un entretien avec un historien am\u00e9ricain&nbsp;: Timothy Snyder, qui parle de la complexit\u00e9 de cette nation jusqu&rsquo;\u00e0 aujourd&rsquo;hui et aussi de ses parts d&rsquo;ombre&nbsp;: &lt;<a href=\"https:\/\/paris-international.blogs.la-croix.com\/lhistoire-de-la-pologne-de-la-mort-dune-civilisation-a-la-naissance-dun-etat-nation\/2018\/01\/10\/\"><span style=\"color: #0000ff;\">L&rsquo;histoire de la Pologne, de la mort d&rsquo;une civilisation \u00e0 la naissance d&rsquo;un \u00c9tat-nation<\/span><\/a>&gt;<br \/>\n<\/span><\/p>\n<p><span style=\"color: maroon; font-family: Arial;\">&lt;1147&gt;<\/span><\/p>\n","protected":false},"excerpt":{"rendered":"<p>\u00ab&nbsp;La Pologne f\u00eate les 100 ans de sa renaissance&nbsp;\u00bb Une des cons\u00e9quences de la premi\u00e8re guerre mondiale Je dois avouer que je ne connais rien de la Pologne qui est pourtant le pays de ma m\u00e8re. Il faut savoir que<\/p>\n","protected":false},"author":1,"featured_media":0,"comment_status":"open","ping_status":"closed","sticky":false,"template":"","format":"standard","meta":{"footnotes":""},"categories":[1],"tags":[118,50,120],"class_list":["post-5713","post","type-post","status-publish","format-standard","hentry","category-motdujour","tag-14-18","tag-europe","tag-pologne"],"_links":{"self":[{"href":"https:\/\/lemotdujour.fr\/index.php?rest_route=\/wp\/v2\/posts\/5713","targetHints":{"allow":["GET"]}}],"collection":[{"href":"https:\/\/lemotdujour.fr\/index.php?rest_route=\/wp\/v2\/posts"}],"about":[{"href":"https:\/\/lemotdujour.fr\/index.php?rest_route=\/wp\/v2\/types\/post"}],"author":[{"embeddable":true,"href":"https:\/\/lemotdujour.fr\/index.php?rest_route=\/wp\/v2\/users\/1"}],"replies":[{"embeddable":true,"href":"https:\/\/lemotdujour.fr\/index.php?rest_route=%2Fwp%2Fv2%2Fcomments&post=5713"}],"version-history":[{"count":6,"href":"https:\/\/lemotdujour.fr\/index.php?rest_route=\/wp\/v2\/posts\/5713\/revisions"}],"predecessor-version":[{"id":12122,"href":"https:\/\/lemotdujour.fr\/index.php?rest_route=\/wp\/v2\/posts\/5713\/revisions\/12122"}],"wp:attachment":[{"href":"https:\/\/lemotdujour.fr\/index.php?rest_route=%2Fwp%2Fv2%2Fmedia&parent=5713"}],"wp:term":[{"taxonomy":"category","embeddable":true,"href":"https:\/\/lemotdujour.fr\/index.php?rest_route=%2Fwp%2Fv2%2Fcategories&post=5713"},{"taxonomy":"post_tag","embeddable":true,"href":"https:\/\/lemotdujour.fr\/index.php?rest_route=%2Fwp%2Fv2%2Ftags&post=5713"}],"curies":[{"name":"wp","href":"https:\/\/api.w.org\/{rel}","templated":true}]}}