{"id":5689,"date":"2018-11-13T02:37:58","date_gmt":"2018-11-13T01:37:58","guid":{"rendered":"http:\/\/lemotdujour.fr\/?p=5689"},"modified":"2021-09-26T19:13:10","modified_gmt":"2021-09-26T17:13:10","slug":"mardi-13-novembre-2018","status":"publish","type":"post","link":"https:\/\/lemotdujour.fr\/?p=5689","title":{"rendered":"Mardi 13 novembre 2018"},"content":{"rendered":"<div class=\"mdjTexte\">\t\u00abLes puissances centrales perdent la guerre parce que le temps joue contre elle&nbsp;\u00bb<\/div>\n<div class=\"mdjAuteur\">\tArndt Weinrich, chercheur \u00e0 l\u2019Institut historique allemand, sp\u00e9cialiste de la Premi\u00e8re Guerre mondiale<\/div>\n<p><span style=\"color: #777777; font-family: Arial;\">Pourquoi l&rsquo;Allemagne et les Puissances Centrales ont-elles perdu la guerre 14-18&nbsp;?<br \/>\n<\/span><\/p>\n<p><img loading=\"lazy\" decoding=\"async\" class=\"alignleft\" src=\"https:\/\/lemotdujour.fr\/wp-content\/uploads\/2018\/11\/111218_2137_Mardi13nove1.jpg\" alt=\"\" width=\"451\" height=\"305\" align=\"left\"><span style=\"color: #777777; font-family: Arial;\"><strong>Les allemands<\/strong> r\u00e9pondent&nbsp;: \u00ab&nbsp;parce qu&rsquo;on a poignard\u00e9 l&rsquo;arm\u00e9e allemande dans le dos&nbsp;\u00bb. D&rsquo;abord le gouvernement civil qui n&rsquo;a pas assez soutenu l&rsquo;arm\u00e9e, puis les communistes qui ont commenc\u00e9 \u00e0 faire la r\u00e9volution dans tous le pays et ont affaibli la nation. Bient\u00f4t d&rsquo;autres viendront et diront que c&rsquo;est la faute des juifs.<br \/>\n<\/span><\/p>\n<p><span style=\"color: #777777; font-family: Arial;\">Les tenants de cette th\u00e8se pr\u00e9sentent un argument factuel, l&rsquo;Arm\u00e9e allemande \u00e9tait toujours sur le territoire fran\u00e7ais et belge, chez l&rsquo;ennemi donc. Elle n&rsquo;\u00e9tait donc pas vaincue.<br \/>\n<\/span><\/p>\n<p><span style=\"color: #777777; font-family: Arial;\">Un dessin vaut mieux qu&rsquo;un long discours, et si on regarde la carte du front au 11 novembre 1918, on voit que c&rsquo;est exact. En 1918, Metz \u00e9tait en Allemagne mais le front ne l&rsquo;avait pas encore atteint. Quand on regarde les autres villes sur le front Mons, Maubeuge, M\u00e9zi\u00e8res \u2026 pas de ville allemande.<br \/>\n<\/span><\/p>\n<p><span style=\"color: #777777; font-family: Arial;\">D\u00e8s leur retour \u00e0 Berlin, on leur dira : \u00ab&nbsp;Vous n&rsquo;avez pas \u00e9t\u00e9 vaincu&nbsp;\u00bb. Vous constaterez aussi qu&rsquo;en face du Mar\u00e9chal Foch, l&rsquo;autorit\u00e9 allemande n&rsquo;a pas envoy\u00e9 un de ses g\u00e9n\u00e9raux mais un civil : Matthias Erzberger.<br \/>\n<\/span><\/p>\n<p><span style=\"color: #777777; font-family: Arial;\"><strong>Les fran\u00e7ais<\/strong> r\u00e9pondent autre chose. La France a gagn\u00e9 la guerre gr\u00e2ce \u00e0 ses g\u00e9n\u00e9raux. Le Mar\u00e9chal Foch a gagn\u00e9 la guerre, voici ce qu&rsquo;on lit encore dans les livres d&rsquo;histoire et puis on associe d&rsquo;autres g\u00e9n\u00e9raux et mar\u00e9chaux \u00e0 cette c\u00e9l\u00e9bration.<br \/>\n<\/span><\/p>\n<p><span style=\"color: #777777; font-family: Arial;\">M\u00e9lenchon qui, une fois de plus aurait mieux fait de se taire, <a href=\"https:\/\/www.nouvelobs.com\/histoire\/20181108.OBS5087\/polemique-petain-quand-melenchon-se-melange-les-batons-de-marechaux.html\"><span style=\"color: #0000ff;\">a twitt\u00e9<\/span>&nbsp;<\/a>: \u00ab&nbsp;Le mar\u00e9chal Joffre est le vainqueur militaire de la guerre de 14-18.&nbsp;\u00bb<br \/>\n<\/span><\/p>\n<p><span style=\"color: #777777; font-family: Arial;\">Le mar\u00e9chal Joffre qui \u00e9tait partisan de \u00ab&nbsp;<strong>l&rsquo;offensive \u00e0 outrance<\/strong>&nbsp;\u00bb qui a cout\u00e9 tellement de vies de soldats sans faire avancer pour autant les lignes ou de mani\u00e8re si d\u00e9risoire.<br \/>\n<\/span><\/p>\n<p style=\"margin-left: 28pt;\"><span style=\"color: #c00000; font-family: Arial;\"><br \/>\n\u00ab Attaquons comme la lune \u00bb<br \/>\n<\/span><\/p>\n<p><span style=\"color: #777777; font-family: Arial;\">Philippe Meyer dans son \u00e9mission de ce dimanche attribua ce mot contre l&rsquo;attaque \u00e0 outrance et contre Joffre \u00e0 Lyautey. <em>Mais il se trompait, je sais depuis que ce mot \u00e9tait en r\u00e9alit\u00e9 du g\u00e9n\u00e9ral Lanrezac qui fut (<span style=\"color: #0000ff;\"><a style=\"color: #0000ff;\" href=\"http:\/\/andrebourgeois.fr\/Lanrezac.htm\">limog\u00e9 d\u00e8s le 3 septembre 1914<\/a>)<\/span> par Joffre lui-m\u00eame.<\/em><br \/>\n<\/span><\/p>\n<p><span style=\"color: #777777; font-family: Arial;\">Les g\u00e9n\u00e9raux fran\u00e7ais ont peut-\u00eatre pu parfois d\u00e9cider d&rsquo;une bonne strat\u00e9gie ponctuelle, ils ont surtout, comme les g\u00e9n\u00e9raux allemands d&rsquo;ailleurs, \u00e9t\u00e9 de grands pourvoyeurs d&rsquo;assauts inutiles et meurtriers.<br \/>\n<\/span><\/p>\n<p><span style=\"color: #777777; font-family: Arial;\">Je ne pense pas qu&rsquo;ils m\u00e9ritent la gloire que l&rsquo;on a voulu leur donner.<br \/>\n<\/span><\/p>\n<p><span style=\"color: #777777; font-family: Arial;\">Et pour essayer de comprendre pourquoi l&rsquo;Allemagne a perdu, je vous propose de lire l&rsquo;analyse de cet historien d&rsquo;origine allemande mais qui travaille en France&nbsp;: <strong>Arndt Weinrich<\/strong>. L&rsquo;article dont je donne des extraits est encore une fois extrait de cette remarquable revue historique&nbsp;: \u00ab&nbsp;L&rsquo;Histoire&nbsp;\u00bb et le titre de l&rsquo;article est&nbsp;: \u00ab&nbsp;<span style=\"color: #0000ff;\"><a style=\"color: #0000ff;\" href=\"https:\/\/www.lhistoire.fr\/pourquoi-les-puissances-centrales-ont-perdu\">Pourquoi les puissances centrales ont perdu&nbsp;<\/a>\u00bb<\/span><br \/>\n<\/span><\/p>\n<p><span style=\"color: #777777; font-family: Arial;\"><em>Il faut rappeler pour bien comprendre le texte qui suit que les \u00ab&nbsp;Alli\u00e9s&nbsp;\u00bb ou l&rsquo;\u00abEntente&nbsp;\u00bb repr\u00e9sentent la France, la Grande Bretagne, la Russie etc alors que l&rsquo;Allemagne, l&rsquo;Autriche Hongrie et l&rsquo;Empire Ottoman sont appel\u00e9s \u00ab&nbsp;Les puissances centrales&nbsp;\u00bb.<br \/>\n<\/em><\/span><\/p>\n<p style=\"margin-left: 28pt;\"><span style=\"color: #c00000; font-family: Arial;\">\u00ab&nbsp;A bien des \u00e9gards, la question de savoir pourquoi les Puissances centrales ont perdu doit \u00eatre invers\u00e9e, pour s&rsquo;interroger sur <strong>pourquoi elles ont r\u00e9ussi \u00e0 tenir si longtemps ?.<\/strong><br \/>\n<\/span><\/p>\n<p style=\"margin-left: 28pt;\"><span style=\"color: #c00000; font-family: Arial;\">Un rapide survol sur quelques chiffres cl\u00e9s permet de comprendre \u00e0 quel point l&rsquo;Allemagne, et cela est encore plus vrai pour son alli\u00e9 le plus proche, l&rsquo;Autriche \u2013Hongrie, \u00e9tait particuli\u00e8rement mal inspir\u00e9e de poursuivre une politique d&rsquo;escalade en juillet 1914&nbsp;: l&rsquo;\u00e9clatement de la guerre met aux prises <strong>118 <\/strong>millions d&rsquo;Allemands et d&rsquo;Autrichiens-Hongrois avec plus de <strong>260 millions de Fran\u00e7ais, Russes, Britanniques et Serbes.<br \/>\n<\/strong><\/span><\/p>\n<p style=\"margin-left: 28pt;\"><span style=\"color: #c00000; font-family: Arial;\">Un rapport de force d\u00e9mographique qui ne tient m\u00eame pas compte des empires infiniment plus importants du c\u00f4t\u00e9 de l&rsquo;Entente (400 millions). Cela se traduit sur le plan militaire, par une nette sup\u00e9riorit\u00e9 num\u00e9rique : ainsi, au d\u00e9but de la guerre, les puissances centrales mobilisent <strong>6,3 millions de soldats<\/strong> contre quelques <strong>9 millions<\/strong> du c\u00f4t\u00e9 Alli\u00e9. Sur toute la dur\u00e9e du conflit, et en tenant compte des diff\u00e9rents pays venant renforcer les deux camps, <strong>26 millions<\/strong> de mobilis\u00e9s des puissances centrales se sont trouv\u00e9s en face de presque <strong>47 millions<\/strong> de mobilis\u00e9s Alli\u00e9s.<br \/>\n<\/span><\/p>\n<p style=\"margin-left: 28pt;\"><span style=\"color: #c00000; font-family: Arial;\">Sur le plan \u00e9conomique, \u00f4 combien important dans une guerre industrielle comme la Grande guerre, la situation est \u00e9galement tr\u00e8s favorable \u00e0 l&rsquo;Entente : l&rsquo;Allemagne avait beau \u00eatre une puissance industrielle et technologique de tout premier plan, le PIB de l&rsquo;Entente, \u00e9tait d\u00e9j\u00e0 en 1914, <strong>sup\u00e9rieur de 60 % \u00e0 celui des puissances centrales<\/strong>. En 1917, avec l&rsquo;entr\u00e9e en guerre des \u00c9tats-Unis, premi\u00e8re puissance \u00e9conomique mondiale, la situation devint rapidement intenable pour ces derni\u00e8res.<br \/>\n<\/span><\/p>\n<p style=\"margin-left: 28pt;\"><span style=\"color: #c00000; font-family: Arial;\">Le rapport des forces \u00e9conomiques para\u00eet encore plus d\u00e9s\u00e9quilibr\u00e9 si l&rsquo;on tient compte du fait que l&rsquo;\u00e9conomie allemande \u00e9tait tr\u00e8s int\u00e9gr\u00e9e dans le commerce global et d\u00e9pendait des importations de mati\u00e8res premi\u00e8res, importation compromise avec le blocus mis en place par la Royal Navy d\u00e8s 1914, mais aussi parce que l&rsquo;Allemagne, et l&rsquo;on tend aujourd&rsquo;hui \u00e0 n\u00e9gliger cet aspect, faisait la guerre \u00e0 ses principaux fournisseurs !<br \/>\n<\/span><\/p>\n<p style=\"margin-left: 28pt;\"><span style=\"color: #c00000; font-family: Arial;\">Avant 1914, l&rsquo;\u00e9tat-major allemand avait \u00e9videmment conscience de cette inf\u00e9riorit\u00e9 structurelle, mais, au lieu d&rsquo;en tirer la conclusion qu&rsquo;il fallait \u00e9viter la guerre \u00e0 tout prix, il en va \u00e0 consid\u00e9rer que celle-ci pouvait \u00eatre gagn\u00e9e \u00e0 condition qu&rsquo;elle soit courte, c&rsquo;est-\u00e0-dire si l&rsquo;on arrivait \u00e0 arracher, en frappant le plus dur et le plus rapidement possible, une victoire d\u00e9cisive.<br \/>\n<\/span><\/p>\n<p style=\"margin-left: 28pt;\"><span style=\"color: #c00000; font-family: Arial;\">Le plan Schlieffen, avec lequel l&rsquo;Allemagne attaqua en ao\u00fbt 1914 en lan\u00e7ant tr\u00e8s vite l&rsquo;offensive sur la France \u00e0 travers le Luxembourg et la Belgique, est l&rsquo;illustration la plus parlante de cet \u00e9tat d&rsquo;esprit. [\u2026]<br \/>\n<\/span><\/p>\n<p style=\"margin-left: 28pt;\"><span style=\"color: #c00000; font-family: Arial;\">On comprend le d\u00e9sarroi du chef d&rsquo;\u00e9tat-major allemand Helmuth von Moltke apr\u00e8s la bataille de la Marne, en septembre 1914 qui permet aux Fran\u00e7ais d&rsquo;arr\u00eater l&rsquo;avanc\u00e9e allemande. [\u2026]<br \/>\n<\/span><\/p>\n<p style=\"margin-left: 28pt;\"><span style=\"color: #c00000; font-family: Arial;\">\u00c9videmment tout n&rsquo;\u00e9tait pas perdu pour les puissances centrales ; apr\u00e8s tout, la guerre n&rsquo;est pas un exercice d&rsquo;arithm\u00e9tique o\u00f9 il suffirait de compter les effectifs, le potentiel d\u00e9mographique et \u00e9conomique pour d\u00e9terminer le vainqueur. Reste que, \u00e0 partir de ce moment-l\u00e0, le temps de cessa de jouer en faveur des Alli\u00e9s. [\u2026]<br \/>\n<\/span><\/p>\n<p style=\"margin-left: 28pt;\"><span style=\"color: #c00000; font-family: Arial;\">D&rsquo;o\u00f9 la tentation de prendre des risques pour en finir \u00e0 tout prix : c&rsquo;est sur cette toile de fond qu&rsquo;il faut comprendre la d\u00e9cision allemande de d\u00e9clarer la guerre sous-marine \u00e0 outrance en f\u00e9vrier 1917, d\u00e9cision qui s&rsquo;est r\u00e9v\u00e9l\u00e9e non seulement inefficace pour arracher la victoire, mais qui a tout au contraire contribu\u00e9 \u00e0 rendre la situation d\u00e9sesp\u00e9r\u00e9e en entra\u00eenant les \u00c9tats-Unis et donc leur potentiel militaire et \u00e9conomique dans la guerre.<br \/>\n<\/span><\/p>\n<p style=\"margin-left: 28pt;\"><span style=\"color: #c00000; font-family: Arial;\">Fondamentalement donc, <strong>les puissances centrales perdent la guerre parce que le temps joue contre elle<\/strong> ; c&rsquo;est un premier \u00e9l\u00e9ment de r\u00e9ponse \u00e0 la question de d\u00e9part. [\u2026]<br \/>\n<\/span><\/p>\n<p style=\"margin-left: 28pt;\"><span style=\"color: #c00000; font-family: Arial;\">Et \u00e0 partir de 1916, la situation alimentaire devient extr\u00eamement pr\u00e9occupante. Au d\u00e9but de 1917, \u00e0 la sortie d&rsquo;un hiver particuli\u00e8rement rude l&rsquo;apport calorique de la ration journali\u00e8re, \u00e0 l&rsquo;arri\u00e8re, tomba \u00e0 1000 calories, ce qui est largement insuffisant d\u00e9clenchant des \u00e9meutes de la faim dans bon nombre de villes allemandes. En Autriche-Hongrie la situation \u00e9tait encore plus pr\u00e9occupante.<br \/>\n<\/span><\/p>\n<p style=\"margin-left: 28pt;\"><span style=\"color: #c00000; font-family: Arial;\">Or, au lieu de chercher \u00e0 tout prix une issue politique, les gouvernements mis\u00e8rent, et la pression du Haut commandement allemand joua un r\u00f4le d\u00e9terminant, sur une paix victorieuse, politique \u00e0 risque, dont la poursuite tendit \u00e0 aggraver la situation jusqu&rsquo;\u00e0 ce qu&rsquo;elle devienne intenable. Dans une certaine mesure, la d\u00e9faite est donc aussi d\u00fb, et cela est un <strong>deuxi\u00e8me \u00e9l\u00e9ment de r\u00e9ponse, \u00e0 un probl\u00e8me de gouvernance, le pouvoir civil s&rsquo;\u00e9clipsant progressivement devant le militaire,<\/strong> qui arrive \u00e0 imposer la d\u00e9cision. [\u2026]<br \/>\n<\/span><\/p>\n<p style=\"margin-left: 28pt;\"><span style=\"color: #c00000; font-family: Arial;\">Dans ce contexte, la plus importante des causes imm\u00e9diates de la d\u00e9faite a sans doute \u00e9t\u00e9 la d\u00e9cision allemande de repasser \u00e0 l&rsquo;offensive sur le front occidental [d\u00e9but 1918] afin de tenter le tout pour le tout : obtenir une victoire d\u00e9cisive avant l&rsquo;arriv\u00e9e massive des troupes am\u00e9ricaines. [\u2026]<br \/>\n<\/span><\/p>\n<p style=\"margin-left: 28pt;\"><span style=\"color: #c00000; font-family: Arial;\">Chacune des cinq offensives allemandes [\u2026] avait certes permis une avanc\u00e9e parfois assez spectaculaire, in fine, elles se sont toutes enlis\u00e9es et ses \u00e9checs r\u00e9p\u00e9t\u00e9s ont port\u00e9 le coup de gr\u00e2ce au moral des troupes, d&rsquo;autant plus que les pertes ont \u00e9t\u00e9 \u00e9lev\u00e9es&nbsp;: quelques 900&nbsp;000 morts et bless\u00e9s, qu&rsquo;il \u00e9tait impossible de remplacer.<br \/>\n<\/span><\/p>\n<p style=\"margin-left: 28pt;\"><span style=\"color: #c00000; font-family: Arial;\">Erich Ludendorff, l&rsquo;homme fort du Haut commandement allemand depuis 1916, avait jou\u00e9 sa derni\u00e8re carte et il avait perdu. Avec le succ\u00e8s des offensives alli\u00e9es \u00e0 partir du 8 ao\u00fbt, la \u00ab journ\u00e9e noire de l&rsquo;arm\u00e9e allemande\u00bb (<em>selon les propos m\u00eames de Ludendorff<\/em> ) il devenait clair que celle-ci n&rsquo;\u00e9tait plus en mesure de s&rsquo;opposer pour longtemps aux coups de butoir de l&rsquo;Entente et des Am\u00e9ricains qui jouissaient d&rsquo;une double sup\u00e9riorit\u00e9 technologique et num\u00e9rique allant crescendo (plus de 2 millions de soldats am\u00e9ricains \u00e9taient en France au moment de l&rsquo;armistice).<br \/>\n<\/span><\/p>\n<p style=\"margin-left: 28pt;\"><span style=\"color: #c00000; font-family: Arial;\">Ludendorff est oblig\u00e9 de le reconna\u00eetre lui-m\u00eame quand il demande le 28 septembre 1918, au gouvernement de n\u00e9gocier le plus rapidement possible, ce qui ne l&#8217;emp\u00eachera pas de devenir, dans l&rsquo;imm\u00e9diate apr\u00e8s-guerre, l&rsquo;un des promoteurs les plus farouches de la l\u00e9gende du coup de poignard.&nbsp;\u00bb<br \/>\n<\/span><\/p>\n<p><span style=\"color: #777777; font-family: Arial;\">Et il ajoute<br \/>\n<\/span><\/p>\n<p style=\"margin-left: 28pt;\"><span style=\"color: #c00000; font-family: Arial;\">\u00ab&nbsp;Ce n&rsquo;est qu&rsquo;une fois convaincus (\u00e0 tr\u00e8s juste titre au vu du rapport de force militaire) de l&rsquo;in\u00e9vitabilit\u00e9 de la d\u00e9faite que les soldats et les marins refusent d&rsquo;ob\u00e9ir. [\u2026] Ce fut, en d&rsquo;autres termes, la d\u00e9faite qui engendra la r\u00e9volution et non l&rsquo;inverse n&rsquo;en d\u00e9plaise aux propagandistes de la l\u00e9gende du coup de poignard.&nbsp;\u00bb<br \/>\n<\/span><\/p>\n<p><span style=\"color: #777777; font-family: Arial;\">J&rsquo;ai lu cette m\u00eame th\u00e8se chez d&rsquo;autres historiens. Le romantisme et l&rsquo;exaltation du r\u00e9cit c&rsquo;est bon pour faire r\u00eaver. Mais la r\u00e9alit\u00e9 est plus prosa\u00efque, l&rsquo;Allemagne a perdu parce que d\u00e9mographiquement, \u00e9conomiquement et du point de vue des ressources en \u00e9nergie et en alimentation, les puissances centrales disposaient de moyens largement inf\u00e9rieurs \u00e0 ceux de l&rsquo;Entente. Et devant ce d\u00e9s\u00e9quilibre, si la guerre avait continu\u00e9, l&rsquo;arm\u00e9e fran\u00e7aise aurait continu\u00e9 jusqu&rsquo;\u00e0 Berlin. C&rsquo;est ce que savait le Haut commandement militaire allemand qui pressait le gouvernement de demander la paix.<br \/>\n<\/span><\/p>\n<p><span style=\"color: #777777; font-family: Arial;\">Elles n&rsquo;ont pas gagn\u00e9, en outre, parce qu&rsquo;elles ne disposaient pas d&rsquo;un g\u00e9n\u00e9ral g\u00e9nial capable par des man\u0153uvres audacieuses et d\u00e9stabilisantes de surpasser au d\u00e9but de la guerre ce d\u00e9s\u00e9quilibre de moyens.<br \/>\n<\/span><\/p>\n<p><span style=\"color: #777777; font-family: Arial;\">Et l&rsquo;Entente et les fran\u00e7ais n&rsquo;avaient pas non plus de g\u00e9n\u00e9ral g\u00e9nial sinon ils auraient d\u00fb gagner bien avant.<br \/>\n<\/span><\/p>\n<p><span style=\"color: #777777; font-family: Arial;\">En revanche, les soldats des deux c\u00f4t\u00e9s et les officiers qui se battaient avec eux, au-del\u00e0 de toute raison, ont \u00e9t\u00e9 d&rsquo;un h\u00e9ro\u00efsme que je qualifierai d&rsquo;inhumain.<br \/>\n<\/span><\/p>\n<p><span style=\"color: #777777; font-family: Arial;\">J&rsquo;avais consacr\u00e9 le &lt;<span style=\"color: #0000ff;\"><a style=\"color: #0000ff;\" href=\"https:\/\/lemotdujour.fr\/?p=1624\">mot du jour du 19 f\u00e9vrier 2016<\/a><\/span>&gt; \u00e0 la bataille de Verdun qui avait commenc\u00e9 le 21 f\u00e9vrier 1916.<br \/>\n<\/span><\/p>\n<p><span style=\"color: #777777; font-family: Arial;\">Et j&rsquo;avais cit\u00e9 un livre que j&rsquo;avais lu&nbsp;: \u00ab&nbsp; L&rsquo;enfer de Verdun \u00e9voqu\u00e9 par les t\u00e9moins\u00bb.<br \/>\n<\/span><\/p>\n<p><span style=\"color: #777777; font-family: Arial;\">Pour d\u00e9buter la bataille, les allemands ont d\u00e9clench\u00e9 sur 60 km de front un bombardement qui a dur\u00e9 9h.<br \/>\n<\/span><\/p>\n<p><span style=\"color: #777777; font-family: Arial;\">Les g\u00e9n\u00e9raux allemands ont alors lanc\u00e9 leurs fantassins sur le terrain pensant qu&rsquo;ils ne rencontreront que des cadavres et qu&rsquo;ils pourront progresser sans r\u00e9sistance jusqu&rsquo;\u00e0 Verdun et voil\u00e0 ce qui va se passer&nbsp;:<br \/>\n<\/span><\/p>\n<p style=\"margin-left: 28pt;\"><span style=\"color: #c00000; font-family: Arial;\">\u00ab&nbsp; Leurs chefs n&rsquo;escomptent aucune r\u00e9action, consid\u00e9rant que tout a \u00e9t\u00e9 d\u00e9truit devant eux. La marche, de 50 \u00e0 900 m, s&rsquo;effectue l&rsquo;arme \u00e0 la bretelle. Certaines de ces colonnes franchissent sans s&rsquo;en apercevoir l&#8217;emplacement fumant de ce qui a \u00e9t\u00e9 notre premi\u00e8re ligne, tant il a \u00e9t\u00e9 pioch\u00e9 et retourn\u00e9.<br \/>\n<\/span><\/p>\n<p style=\"margin-left: 28pt;\"><span style=\"color: #c00000; font-family: Arial;\">Les sections d&rsquo;assaut progressent, en diff\u00e9rents points, de 3 km sans se heurter \u00e0 la moindre r\u00e9sistance.<br \/>\n<\/span><\/p>\n<p style=\"margin-left: 28pt;\"><span style=\"color: #c00000; font-family: Arial;\">D&rsquo;autres sections voient avec stupeur d<\/span><img decoding=\"async\" class=\"alignleft\" src=\"https:\/\/lemotdujour.fr\/wp-content\/uploads\/2018\/11\/111218_2137_Mardi13nove2.jpg\" alt=\"\" align=\"left\"><span style=\"color: #c00000; font-family: Arial;\">es fant\u00f4mes titubants se dresser au bord des trous d&rsquo;obus. H\u00e9b\u00e9t\u00e9s, \u00e9puis\u00e9s, sourds, \u00e0 demi-fous, les survivants ob\u00e9issent \u00e0 un r\u00e9flexe de d\u00e9sespoir, de rage et de vengeance. Nos hommes balancent des grenades, s&rsquo;ils en ont ; tirent, si leur fusil s&rsquo;y pr\u00eate malgr\u00e9 la terre qui le couvre ; ils ont mis ba\u00efonnette au canon. Les fantassins allemands s&rsquo;aplatissent au sol, d\u00e9goupillent des grenades, placent en batterie des mortiers de tranch\u00e9es, lancent des fus\u00e9es, t\u00e9l\u00e9phonent \u00e0 l&rsquo;artillerie ; ils ont beau \u00eatre \u00e0 10 contre un, ils sont stopp\u00e9s !\u00bb<br \/>\n<\/span><\/p>\n<p><span style=\"color: #777777; font-family: Arial;\">Et ces hommes hagards vont arr\u00eater l&rsquo;avanc\u00e9e allemande laissant le temps aux renforts de venir se positionner devant l&rsquo;arm\u00e9e du Kronprinz.<br \/>\n<\/span><\/p>\n<p><span style=\"color: #777777; font-family: Arial;\">Je ne vois pas pour quelle raison on honore les mar\u00e9chaux et g\u00e9n\u00e9raux davantage que les autres soldats. Comme eux, ils ont fait leur travail, quelquefois bien, souvent mal en ne tenant aucun compte des enjeux au regard des vies humaines dont ils exigeaient le sacrifice.<br \/>\n<\/span><\/p>\n<p><span style=\"color: #777777; font-family: Arial;\">Dans la revue l&rsquo;Histoire, j&rsquo;ai vu cette reproduction d&rsquo;un tableau de William Orpen qui \u00e9tait le peintre officiel de l&rsquo;arm\u00e9e britannique. Celui-ci est un hommage <em>au soldat inconnu britannique en France<\/em>. Dans un premiers temps il \u00e9tait pr\u00e9vu de repr\u00e9senter, autour de ce cercueil, des dignitaires britanniques. Finalement Orpen d\u00e9cida de les supprimer de ce tableau.<br \/>\n<\/span><\/p>\n<p><span style=\"color: #777777; font-family: Arial;\">Je pense qu&rsquo;il a eu raison quand on sait ce que nous savons aujourd&rsquo;hui.<br \/>\n<\/span><\/p>\n<p><span style=\"color: maroon; font-family: Arial;\">&lt;1145&gt;<\/span><\/p>\n","protected":false},"excerpt":{"rendered":"<p>\u00abLes puissances centrales perdent la guerre parce que le temps joue contre elle&nbsp;\u00bb Arndt Weinrich, chercheur \u00e0 l\u2019Institut historique allemand, sp\u00e9cialiste de la Premi\u00e8re Guerre mondiale Pourquoi l&rsquo;Allemagne et les Puissances Centrales ont-elles perdu la guerre 14-18&nbsp;? Les allemands r\u00e9pondent&nbsp;:<\/p>\n","protected":false},"author":1,"featured_media":0,"comment_status":"open","ping_status":"closed","sticky":false,"template":"","format":"standard","meta":{"footnotes":""},"categories":[1],"tags":[118,50,15],"class_list":["post-5689","post","type-post","status-publish","format-standard","hentry","category-motdujour","tag-14-18","tag-europe","tag-france"],"_links":{"self":[{"href":"https:\/\/lemotdujour.fr\/index.php?rest_route=\/wp\/v2\/posts\/5689","targetHints":{"allow":["GET"]}}],"collection":[{"href":"https:\/\/lemotdujour.fr\/index.php?rest_route=\/wp\/v2\/posts"}],"about":[{"href":"https:\/\/lemotdujour.fr\/index.php?rest_route=\/wp\/v2\/types\/post"}],"author":[{"embeddable":true,"href":"https:\/\/lemotdujour.fr\/index.php?rest_route=\/wp\/v2\/users\/1"}],"replies":[{"embeddable":true,"href":"https:\/\/lemotdujour.fr\/index.php?rest_route=%2Fwp%2Fv2%2Fcomments&post=5689"}],"version-history":[{"count":10,"href":"https:\/\/lemotdujour.fr\/index.php?rest_route=\/wp\/v2\/posts\/5689\/revisions"}],"predecessor-version":[{"id":12124,"href":"https:\/\/lemotdujour.fr\/index.php?rest_route=\/wp\/v2\/posts\/5689\/revisions\/12124"}],"wp:attachment":[{"href":"https:\/\/lemotdujour.fr\/index.php?rest_route=%2Fwp%2Fv2%2Fmedia&parent=5689"}],"wp:term":[{"taxonomy":"category","embeddable":true,"href":"https:\/\/lemotdujour.fr\/index.php?rest_route=%2Fwp%2Fv2%2Fcategories&post=5689"},{"taxonomy":"post_tag","embeddable":true,"href":"https:\/\/lemotdujour.fr\/index.php?rest_route=%2Fwp%2Fv2%2Ftags&post=5689"}],"curies":[{"name":"wp","href":"https:\/\/api.w.org\/{rel}","templated":true}]}}