{"id":568,"date":"2014-01-21T01:00:00","date_gmt":"2014-01-20T22:00:00","guid":{"rendered":"http:\/\/lemotdujour.fr\/?p=568"},"modified":"2017-05-08T13:20:39","modified_gmt":"2017-05-08T11:20:39","slug":"mardi-21012014","status":"publish","type":"post","link":"https:\/\/lemotdujour.fr\/?p=568","title":{"rendered":"Mardi 21\/01\/2014"},"content":{"rendered":"<div class=\"mdjDate\">Mardi 21\/01\/2014<\/div>\n<div class=\"mdjTexte\">\u00ab\u00a0Vous n&rsquo;avez pas la majorit\u00e9 de votre politique.\u00a0\u00bb<\/div>\n<div class=\"mdjAuteur\">Fran\u00e7ois Mitterrand<\/div>\n<div class=\"mdjComplements\">Je ne sais pas pourquoi, mais cette r\u00e9plique de Fran\u00e7ois Mitterrand d&rsquo;il y a plus de 40 ans \u00e0 Jacques Chaban-Delmas \u00e0 propos de la \u00abnouvelle soci\u00e9t\u00e9\u00bb pr\u00e9sent\u00e9e en 1969 \u00e0 l&rsquo;Assembl\u00e9e nationale par ce dernier, alors Premier ministre de Georges Pompidou, me para\u00eet d&rsquo;une remarquable actualit\u00e9.<\/div>\n<div class=\"mdjComplements\">Rappelons que ce projet r\u00e9formateur et social, avait \u00e9t\u00e9 concoct\u00e9 par Jacques Delors et Simon Nora. Et ajoutons que Fran\u00e7ois Hollande s&rsquo;est toujours inscrit dans les pas de Jacques Delors.<\/div>\n<div class=\"mdjComplements\">Pour rappeler cette Histoire d&rsquo;une r\u00e9forme de modernisation qui ne s&rsquo;est pas faite :<\/div>\n<p><a href=\"http:\/\/www.liberation.fr\/medias\/2001\/07\/05\/le-monument-chaban_370424\">http:\/\/www.liberation.fr\/medias\/2001\/07\/05\/le-monument-chaban_370424<\/a><\/p>\n<div class=\"mdjComplements\">Que l&rsquo;Histoire vous accompagne, pour \u00e9clairer le pr\u00e9sent.<\/div>\n","protected":false},"excerpt":{"rendered":"<p>Mardi 21\/01\/2014 \u00ab\u00a0Vous n&rsquo;avez pas la majorit\u00e9 de votre politique.\u00a0\u00bb Fran\u00e7ois Mitterrand Je ne sais pas pourquoi, mais cette r\u00e9plique de Fran\u00e7ois Mitterrand d&rsquo;il y a plus de 40 ans \u00e0 Jacques Chaban-Delmas \u00e0 propos de la \u00abnouvelle soci\u00e9t\u00e9\u00bb pr\u00e9sent\u00e9e<\/p>\n","protected":false},"author":1,"featured_media":0,"comment_status":"closed","ping_status":"closed","sticky":false,"template":"","format":"standard","meta":{"footnotes":""},"categories":[1],"tags":[],"class_list":["post-568","post","type-post","status-publish","format-standard","hentry","category-motdujour"],"_links":{"self":[{"href":"https:\/\/lemotdujour.fr\/index.php?rest_route=\/wp\/v2\/posts\/568","targetHints":{"allow":["GET"]}}],"collection":[{"href":"https:\/\/lemotdujour.fr\/index.php?rest_route=\/wp\/v2\/posts"}],"about":[{"href":"https:\/\/lemotdujour.fr\/index.php?rest_route=\/wp\/v2\/types\/post"}],"author":[{"embeddable":true,"href":"https:\/\/lemotdujour.fr\/index.php?rest_route=\/wp\/v2\/users\/1"}],"replies":[{"embeddable":true,"href":"https:\/\/lemotdujour.fr\/index.php?rest_route=%2Fwp%2Fv2%2Fcomments&post=568"}],"version-history":[{"count":1,"href":"https:\/\/lemotdujour.fr\/index.php?rest_route=\/wp\/v2\/posts\/568\/revisions"}],"predecessor-version":[{"id":569,"href":"https:\/\/lemotdujour.fr\/index.php?rest_route=\/wp\/v2\/posts\/568\/revisions\/569"}],"wp:attachment":[{"href":"https:\/\/lemotdujour.fr\/index.php?rest_route=%2Fwp%2Fv2%2Fmedia&parent=568"}],"wp:term":[{"taxonomy":"category","embeddable":true,"href":"https:\/\/lemotdujour.fr\/index.php?rest_route=%2Fwp%2Fv2%2Fcategories&post=568"},{"taxonomy":"post_tag","embeddable":true,"href":"https:\/\/lemotdujour.fr\/index.php?rest_route=%2Fwp%2Fv2%2Ftags&post=568"}],"curies":[{"name":"wp","href":"https:\/\/api.w.org\/{rel}","templated":true}]}}